{"id":572750,"date":"2023-01-11T22:03:09","date_gmt":"2023-01-11T21:03:09","guid":{"rendered":"https:\/\/www.hashtag.al\/?p=572750"},"modified":"2023-01-11T22:03:09","modified_gmt":"2023-01-11T21:03:09","slug":"20-te-vrare-nga-shperthimi-vdekjeprures-ne-kabul-media","status":"publish","type":"post","link":"https:\/\/www.hashtag.al\/index.php\/2023\/01\/11\/20-te-vrare-nga-shperthimi-vdekjeprures-ne-kabul-media\/","title":{"rendered":"20 t\u00eb vrar\u00eb nga shp\u00ebrthimi vdekjeprur\u00ebs n\u00eb Kabul &#8211; Media","gt_translate_keys":[{"key":"rendered","format":"text"}]},"content":{"rendered":"<p><img loading=\"lazy\" decoding=\"async\" class=\"aligncenter size-full wp-image-572751\" src=\"https:\/\/www.hashtag.al\/wp-content\/uploads\/2023\/01\/kabul-1.jpg\" alt=\"\" width=\"768\" height=\"432\" srcset=\"https:\/\/www.hashtag.al\/wp-content\/uploads\/2023\/01\/kabul-1.jpg 768w, https:\/\/www.hashtag.al\/wp-content\/uploads\/2023\/01\/kabul-1-300x169.jpg 300w\" sizes=\"auto, (max-width: 768px) 100vw, 768px\" \/><\/p>\n<p><span style=\"color: #000000;\">Nj\u00eb shp\u00ebrthim n\u00eb kryeqytetin afgan, Kabul, vrau t\u00eb pakt\u00ebn 20 persona t\u00eb m\u00ebrkur\u00ebn, tha nj\u00eb zyrtar taleban. Shp\u00ebrthimi me sa duket ndodhi jasht\u00eb nd\u00ebrtes\u00ebs s\u00eb Ministris\u00eb s\u00eb Jashtme, me foto nga vendi i ngjarjes q\u00eb supozohet se tregonin rrug\u00ebn e mbushur me kufoma.<\/span><\/p>\n<p><span style=\"color: #000000;\">Nj\u00eb z\u00ebdh\u00ebn\u00ebs i policis\u00eb s\u00eb Kabulit konfirmoi p\u00ebr Ariana Ne\u00ebs se shp\u00ebrthimi ndodhi jasht\u00eb Ministris\u00eb s\u00eb Jashtme dhe \u2018shkaktoi viktima\u2019. Agjencia afgane e lajmeve ndau nj\u00eb foto t\u00eb pasojave t\u00eb dukshme t\u00eb sulmit, n\u00eb t\u00eb cil\u00ebn trupat e pal\u00ebvizsh\u00ebm mund t\u00eb shiheshin t\u00eb shp\u00ebrndar\u00eb n\u00eb rrug\u00eb jasht\u00eb mureve t\u00eb fortifikuara t\u00eb ministris\u00eb.<\/span><\/p>\n<p><span style=\"color: #000000;\">Nj\u00eb zyrtar n\u00eb Ministrin\u00eb e Informacionit i tha Reuters se nj\u00eb sulmues vet\u00ebvras\u00ebs tentoi t\u00eb hynte n\u00eb kompleksin e Ministris\u00eb s\u00eb Jashtme, por d\u00ebshtoi dhe shp\u00ebrtheu veten jasht\u00eb. Zyrtari tha se t\u00eb pakt\u00ebn 20 persona u vran\u00eb dhe disa t\u00eb tjer\u00eb u plagos\u00ebn.<\/span><\/p>\n<p><span style=\"color: #000000;\"><img loading=\"lazy\" decoding=\"async\" class=\"aligncenter size-full wp-image-572752\" src=\"https:\/\/www.hashtag.al\/wp-content\/uploads\/2023\/01\/kabul.jpg2_.png\" alt=\"\" width=\"676\" height=\"838\" srcset=\"https:\/\/www.hashtag.al\/wp-content\/uploads\/2023\/01\/kabul.jpg2_.png 676w, https:\/\/www.hashtag.al\/wp-content\/uploads\/2023\/01\/kabul.jpg2_-242x300.png 242w\" sizes=\"auto, (max-width: 676px) 100vw, 676px\" \/><\/span><\/p>\n<p><span style=\"color: #000000;\">Raportet n\u00eb mediat sociale sugjerojn\u00eb se zyrtar\u00ebt taleban\u00eb mund t\u00eb ken\u00eb qen\u00eb duke u takuar me nj\u00eb delegacion kinez n\u00eb koh\u00ebn e shp\u00ebrthimit. Nd\u00ebrsa k\u00ebto raporte jan\u00eb t\u00eb pakonfirmuara, taleban\u00ebt dhe diplomat\u00ebt kinez\u00eb u takuan n\u00eb Kabul jav\u00ebn e kaluar p\u00ebr t\u00eb n\u00ebnshkruar nj\u00eb marr\u00ebveshje p\u00ebr nxjerrjen e naft\u00ebs.<\/span><\/p>\n<p><span style=\"color: #000000;\">Situata e siguris\u00eb n\u00eb Kabul ka mbetur e pasigurt q\u00eb kur taleban\u00ebt u kthyen n\u00eb pushtet pas t\u00ebrheqjes s\u00eb ushtris\u00eb amerikane n\u00eb vitin 2021. Nj\u00eb shp\u00ebrthim vdekjeprur\u00ebs ndodhi jasht\u00eb nj\u00eb aeroporti ushtarak n\u00eb qytet n\u00eb fillim t\u00eb muajit, nd\u00ebrsa nj\u00eb sulm me bomba dhe t\u00eb sht\u00ebna n\u00eb nj\u00eb hotel n\u00eb dhjetor vrau pes\u00eb shtetas kinez\u00eb dhe disa ushtarak\u00eb dhe polic\u00eb afgan\u00eb.<\/span><\/p>\n<p><span style=\"color: #000000;\">ISIS-K, nj\u00eb deg\u00eb rajonale e grupit terrorist IS, mori p\u00ebrgjegj\u00ebsin\u00eb p\u00ebr t\u00eb dy sulmet, si dhe nj\u00eb sulm vet\u00ebvras\u00ebs n\u00eb ambasad\u00ebn ruse n\u00eb Kabul n\u00eb shtator, n\u00eb t\u00eb cilin u vran\u00eb dy punonj\u00ebs t\u00eb ambasad\u00ebs.<\/span><\/p>\n","protected":false,"gt_translate_keys":[{"key":"rendered","format":"html"}]},"excerpt":{"rendered":"<p>Nj\u00eb shp\u00ebrthim n\u00eb kryeqytetin afgan, Kabul, vrau t\u00eb pakt\u00ebn 20 persona t\u00eb m\u00ebrkur\u00ebn, tha nj\u00eb zyrtar taleban. Shp\u00ebrthimi me sa duket ndodhi jasht\u00eb nd\u00ebrtes\u00ebs s\u00eb Ministris\u00eb s\u00eb Jashtme, me foto nga vendi i ngjarjes q\u00eb supozohet se tregonin rrug\u00ebn e mbushur me kufoma. Nj\u00eb z\u00ebdh\u00ebn\u00ebs i policis\u00eb s\u00eb Kabulit konfirmoi p\u00ebr Ariana Ne\u00ebs se shp\u00ebrthimi [&hellip;]<\/p>\n","protected":false,"gt_translate_keys":[{"key":"rendered","format":"html"}]},"author":51,"featured_media":572751,"comment_status":"closed","ping_status":"closed","sticky":false,"template":"","format":"standard","meta":{"footnotes":""},"categories":[6],"tags":[],"class_list":["post-572750","post","type-post","status-publish","format-standard","has-post-thumbnail","hentry","category-nderkombetare"],"gt_translate_keys":[{"key":"link","format":"url"}],"_links":{"self":[{"href":"https:\/\/www.hashtag.al\/index.php\/wp-json\/wp\/v2\/posts\/572750","targetHints":{"allow":["GET"]}}],"collection":[{"href":"https:\/\/www.hashtag.al\/index.php\/wp-json\/wp\/v2\/posts"}],"about":[{"href":"https:\/\/www.hashtag.al\/index.php\/wp-json\/wp\/v2\/types\/post"}],"author":[{"embeddable":true,"href":"https:\/\/www.hashtag.al\/index.php\/wp-json\/wp\/v2\/users\/51"}],"replies":[{"embeddable":true,"href":"https:\/\/www.hashtag.al\/index.php\/wp-json\/wp\/v2\/comments?post=572750"}],"version-history":[{"count":0,"href":"https:\/\/www.hashtag.al\/index.php\/wp-json\/wp\/v2\/posts\/572750\/revisions"}],"wp:featuredmedia":[{"embeddable":true,"href":"https:\/\/www.hashtag.al\/index.php\/wp-json\/wp\/v2\/media\/572751"}],"wp:attachment":[{"href":"https:\/\/www.hashtag.al\/index.php\/wp-json\/wp\/v2\/media?parent=572750"}],"wp:term":[{"taxonomy":"category","embeddable":true,"href":"https:\/\/www.hashtag.al\/index.php\/wp-json\/wp\/v2\/categories?post=572750"},{"taxonomy":"post_tag","embeddable":true,"href":"https:\/\/www.hashtag.al\/index.php\/wp-json\/wp\/v2\/tags?post=572750"}],"curies":[{"name":"wp","href":"https:\/\/api.w.org\/{rel}","templated":true}]}}