{"id":572734,"date":"2023-01-11T20:43:10","date_gmt":"2023-01-11T19:43:10","guid":{"rendered":"https:\/\/www.hashtag.al\/?p=572734"},"modified":"2023-01-11T20:43:10","modified_gmt":"2023-01-11T19:43:10","slug":"kardinali-pretendon-komplot-sekret-per-te-rrezuar-papa-franceskun-media","status":"publish","type":"post","link":"https:\/\/www.hashtag.al\/index.php\/2023\/01\/11\/kardinali-pretendon-komplot-sekret-per-te-rrezuar-papa-franceskun-media\/","title":{"rendered":"Kardinali pretendon \u2018komplot sekret\u2019 p\u00ebr t\u00eb rr\u00ebzuar Papa Fran\u00e7eskun &#8211; Media","gt_translate_keys":[{"key":"rendered","format":"text"}]},"content":{"rendered":"<p><img loading=\"lazy\" decoding=\"async\" class=\"aligncenter size-full wp-image-572735\" src=\"https:\/\/www.hashtag.al\/wp-content\/uploads\/2023\/01\/francis.jpg\" alt=\"\" width=\"768\" height=\"432\" srcset=\"https:\/\/www.hashtag.al\/wp-content\/uploads\/2023\/01\/francis.jpg 768w, https:\/\/www.hashtag.al\/wp-content\/uploads\/2023\/01\/francis-300x169.jpg 300w\" sizes=\"auto, (max-width: 768px) 100vw, 768px\" \/><\/p>\n<p><span style=\"color: #000000;\">Pas vdekjes s\u00eb Papa Benediktit XVI, nj\u00eb grup kardinal\u00ebsh n\u00eb Vatikan kan\u00eb nisur nj\u00eb projekt p\u00ebr t&#8217;i b\u00ebr\u00eb presion Papa Fran\u00e7eskut q\u00eb t\u00eb jap\u00eb dor\u00ebheqjen, tha nj\u00eb klerik i paidentifikuar p\u00ebr median italiane me baz\u00eb n\u00eb Torino \u2018La Stampa\u2019. Ky zbulim i komplotit t\u00eb supozuar sekret \u00ebsht\u00eb marr\u00eb nga media t\u00eb tjera, ve\u00e7an\u00ebrisht disa tabloide n\u00eb Britani.<\/span><\/p>\n<p><span style=\"color: #000000;\">\u2018Express\u2019 dhe \u2018Daily Mail\u2019 publikuan versionet e tyre t\u00eb historis\u00eb, duke iu referuar shkrimit q\u00eb u shfaq n\u00eb La Stampa. T\u00eb dyja mbajn\u00eb citimin e nj\u00eb kardinali anonym, i cili thuhet se \u00ebsht\u00eb Italian, se plani do shpaloset p\u00ebrgjat\u00eb \u2018fazave t\u00eb ndryshme\u2019, por me objektivin e vet\u00ebm p\u00ebr ta v\u00ebn\u00eb papatin \u2018n\u00ebn nj\u00eb stres t\u00eb till\u00eb q\u00eb Fran\u00e7eskut do i duhet t\u00eb jap\u00eb dor\u00ebheqjen\u2019.<\/span><\/p>\n<p><span style=\"color: #000000;\">Komplotuesit jan\u00eb nj\u00eb pakic\u00eb tani, k\u00ebshtu q\u00eb atyre do t&#8217;u duhet koh\u00eb p\u00ebr t\u00eb dob\u00ebsuar Fran\u00e7eskun dhe p\u00ebr t\u00eb fituar mbi kardinal\u00ebt e tjer\u00eb, dyshohet se tha burimi. Fushata e tyre supozohet se do p\u00ebrqendrohet n\u00eb \u2018zgjedhjet doktrinale\u2019 t\u00eb Pap\u00ebs q\u00eb kan\u00eb nxitur pak\u00ebnaq\u00ebsi midis katolik\u00ebve m\u00eb konservator\u00eb, ve\u00e7an\u00ebrisht n\u00eb lidhje me homoseksualitetin, abortin dhe divorcing, si dhe n\u00eb sh\u00ebndetin e tij t\u00eb dob\u00ebt.<\/span><\/p>\n<p><span style=\"color: #000000;\">Fran\u00e7esku, 86 vje\u00e7, ka kryer disa operacione gjat\u00eb vitit t\u00eb kaluar dhe i \u00ebsht\u00eb dashur t\u00eb p\u00ebrdor\u00eb nj\u00eb karrige me rrota p\u00ebr t\u00eb l\u00ebvizur.<\/span><\/p>\n<p><span style=\"color: #000000;\">Paraardh\u00ebsi i tij Benedikti XVI nd\u00ebrmori hapin e pazakont\u00eb t\u00eb dor\u00ebheqjes n\u00eb shkurt 2013, duke p\u00ebrmendur mosh\u00ebn e tij t\u00eb madhe. <\/span><\/p>\n<p><span style=\"color: #000000;\">Ai u nda nga jeta muajin e kaluar, n\u00eb mosh\u00ebn 95-vje\u00e7are. Sipas spekulimeve t\u00eb mediave, \u2018komplotist\u00ebt\u2019 nuk donin t\u00eb l\u00ebviznin kund\u00ebr Fran\u00e7eskut sa ishte ende gjall\u00eb Benedikti, p\u00ebr t\u00eb shmangur situat\u00ebn e paprecedent\u00eb t\u00eb dy pap\u00ebve t\u00eb gjall\u00eb n\u00eb pension.<\/span><\/p>\n<p><span style=\"color: #000000;\">\u2018La Stampa\u2019 pa di\u00e7ka t\u00eb dyshimt\u00eb n\u00eb faktin se Fran\u00e7esku \u00ebsht\u00eb takuar koh\u00ebt e fundit me kardinalin Georg Gaens\u00ebein, ish-sekretarin personal t\u00eb Benediktit dhe ende zyrtarisht prefekti i familjes papale.<\/span><\/p>\n<p><span style=\"color: #000000;\">Gazeta italiane tha se Fran\u00e7esku kishte adresuar akuzat e kardinalit me origjin\u00eb gjermane n\u00eb predikimin e tij t\u00eb s\u00eb diel\u00ebs, duke u th\u00ebn\u00eb besimtar\u00ebve se \u2018tashethemet jan\u00eb nj\u00eb arm\u00eb vdekjeprur\u00ebse, ato vrasin, vrasin dashurin\u00eb, shoq\u00ebrin\u00eb, v\u00ebllaz\u00ebrin\u00eb\u2019.<\/span><\/p>\n","protected":false,"gt_translate_keys":[{"key":"rendered","format":"html"}]},"excerpt":{"rendered":"<p>Pas vdekjes s\u00eb Papa Benediktit XVI, nj\u00eb grup kardinal\u00ebsh n\u00eb Vatikan kan\u00eb nisur nj\u00eb projekt p\u00ebr t&#8217;i b\u00ebr\u00eb presion Papa Fran\u00e7eskut q\u00eb t\u00eb jap\u00eb dor\u00ebheqjen, tha nj\u00eb klerik i paidentifikuar p\u00ebr median italiane me baz\u00eb n\u00eb Torino \u2018La Stampa\u2019. Ky zbulim i komplotit t\u00eb supozuar sekret \u00ebsht\u00eb marr\u00eb nga media t\u00eb tjera, ve\u00e7an\u00ebrisht disa tabloide [&hellip;]<\/p>\n","protected":false,"gt_translate_keys":[{"key":"rendered","format":"html"}]},"author":51,"featured_media":572735,"comment_status":"closed","ping_status":"closed","sticky":false,"template":"","format":"standard","meta":{"footnotes":""},"categories":[53],"tags":[],"class_list":["post-572734","post","type-post","status-publish","format-standard","has-post-thumbnail","hentry","category-fast-foodi"],"gt_translate_keys":[{"key":"link","format":"url"}],"_links":{"self":[{"href":"https:\/\/www.hashtag.al\/index.php\/wp-json\/wp\/v2\/posts\/572734","targetHints":{"allow":["GET"]}}],"collection":[{"href":"https:\/\/www.hashtag.al\/index.php\/wp-json\/wp\/v2\/posts"}],"about":[{"href":"https:\/\/www.hashtag.al\/index.php\/wp-json\/wp\/v2\/types\/post"}],"author":[{"embeddable":true,"href":"https:\/\/www.hashtag.al\/index.php\/wp-json\/wp\/v2\/users\/51"}],"replies":[{"embeddable":true,"href":"https:\/\/www.hashtag.al\/index.php\/wp-json\/wp\/v2\/comments?post=572734"}],"version-history":[{"count":0,"href":"https:\/\/www.hashtag.al\/index.php\/wp-json\/wp\/v2\/posts\/572734\/revisions"}],"wp:featuredmedia":[{"embeddable":true,"href":"https:\/\/www.hashtag.al\/index.php\/wp-json\/wp\/v2\/media\/572735"}],"wp:attachment":[{"href":"https:\/\/www.hashtag.al\/index.php\/wp-json\/wp\/v2\/media?parent=572734"}],"wp:term":[{"taxonomy":"category","embeddable":true,"href":"https:\/\/www.hashtag.al\/index.php\/wp-json\/wp\/v2\/categories?post=572734"},{"taxonomy":"post_tag","embeddable":true,"href":"https:\/\/www.hashtag.al\/index.php\/wp-json\/wp\/v2\/tags?post=572734"}],"curies":[{"name":"wp","href":"https:\/\/api.w.org\/{rel}","templated":true}]}}