{"id":572730,"date":"2023-01-11T20:28:05","date_gmt":"2023-01-11T19:28:05","guid":{"rendered":"https:\/\/www.hashtag.al\/?p=572730"},"modified":"2023-01-11T20:38:36","modified_gmt":"2023-01-11T19:38:36","slug":"begaj-pritje-me-gazetaret-hapesira-mediatike-seshte-ne-nivelin-qe-e-kerkon-shoqeria-shpesh-shnderrohet-ne-fushebeteje-politike","status":"publish","type":"post","link":"https:\/\/www.hashtag.al\/index.php\/2023\/01\/11\/begaj-pritje-me-gazetaret-hapesira-mediatike-seshte-ne-nivelin-qe-e-kerkon-shoqeria-shpesh-shnderrohet-ne-fushebeteje-politike\/","title":{"rendered":"Begaj pritje me gazetar\u00ebt: Hap\u00ebsira mediatike s\u2019\u00ebsht\u00eb n\u00eb nivelin q\u00eb e k\u00ebrkon shoq\u00ebria, shpesh shnd\u00ebrrohet n\u00eb fush\u00ebbetej\u00eb politike","gt_translate_keys":[{"key":"rendered","format":"text"}]},"content":{"rendered":"<p><span style=\"color: #000000;\"><img loading=\"lazy\" decoding=\"async\" class=\"aligncenter size-full wp-image-572731\" src=\"https:\/\/www.hashtag.al\/wp-content\/uploads\/2023\/01\/negaj.png\" alt=\"\" width=\"1595\" height=\"882\" srcset=\"https:\/\/www.hashtag.al\/wp-content\/uploads\/2023\/01\/negaj.png 1595w, https:\/\/www.hashtag.al\/wp-content\/uploads\/2023\/01\/negaj-300x166.png 300w, https:\/\/www.hashtag.al\/wp-content\/uploads\/2023\/01\/negaj-1024x566.png 1024w, https:\/\/www.hashtag.al\/wp-content\/uploads\/2023\/01\/negaj-768x425.png 768w, https:\/\/www.hashtag.al\/wp-content\/uploads\/2023\/01\/negaj-1536x849.png 1536w, https:\/\/www.hashtag.al\/wp-content\/uploads\/2023\/01\/negaj-750x415.png 750w\" sizes=\"auto, (max-width: 1595px) 100vw, 1595px\" \/><\/span><\/p>\n<p><span style=\"color: #000000;\">Presidenti Begaj ka organizuar nj\u00eb pritje me gazetar\u00ebt dhe p\u00ebrfaq\u00ebsuesit e medias k\u00ebt\u00eb fillim viti. T\u00eb ftuar n\u00eb takimin me kreun e shtetit ishin si gazetar\u00eb e terrenit ashtu edhe ata emisioneve. <\/span><\/p>\n<p><span style=\"color: #000000;\">Begaj theksoi n\u00eb fjal\u00ebn e tij se hap\u00ebsira mediatike n\u00eb vend nuk \u00ebsht\u00eb n\u00eb nivelin q\u00eb k\u00ebrkohet nga shoq\u00ebria. <\/span><\/p>\n<p><span style=\"color: #000000;\">Ai tha se media n\u00eb shum\u00eb raste shnd\u00ebrrohet n\u00eb fush\u00ebbetej\u00eb politike, ku mund\u00ebsohet \u00e7do gj\u00eb, q\u00eb nga lajmet e rreme deri te fjalori pa asnj\u00eb lloj filtri. <\/span><\/p>\n<p><span style=\"color: #000000;\">Begaj shtoi m\u00eb tej se Shqip\u00ebria nuk ka realitetin e p\u00ebrballjen m\u00eb t\u00eb eg\u00ebr politike n\u00eb Evrop\u00eb e k\u00ebsisoj nuk ka arsye q\u00eb shoq\u00ebria t\u00eb lihet si var\u00ebse e nj\u00eb dram\u00eb t\u00eb parashkruar n\u00eb redaksit\u00eb e mediave.<\/span><\/p>\n<p><span style=\"color: #000000;\"><em>\u201cNga ana tjet\u00ebr, m\u00eb lejoni t\u00eb shpreh nj\u00eb shqet\u00ebsim q\u00eb e ndaj me shum\u00eb shqiptar\u00eb t\u00eb brezave t\u00eb ndrysh\u00ebm. Hap\u00ebsira jon\u00eb mediatike nuk \u00ebsht\u00eb n\u00eb nivelin t\u00eb cilin e k\u00ebrkon shoq\u00ebria shqiptare. Shum\u00eb shpesh mediat, shndrrohen n\u00eb fush\u00eb-betej\u00eb politike, ku \u00e7do gj\u00eb \u00ebsht\u00eb e mundur, q\u00eb nga lajmi i rrem\u00eb tek fjalori pa asnj\u00eb lloj filtri cil\u00ebsie. Shqip\u00ebria e sotme nuk ka as realitetin e as p\u00ebrballjen politike m\u00eb t\u00eb eg\u00ebr t\u00eb Evrop\u00ebs. Ndaj nuk ka pse media shqiptare t\u2019i p\u00ebrjetoj\u00eb e p\u00ebr\u00e7jell\u00eb si t\u00eb tilla. Shoq\u00ebria shqiptare ka vite tashm\u00eb q\u00eb merret shembull nga politika p\u00ebr arritjet e saj. Ndaj, kjo shoq\u00ebri nuk mund t\u00eb lihet apo shfaqet si var\u00ebse e nj\u00eb drame politike e morale t\u00eb parashkruar n\u00eb redaksi, apo dhe llogari pa autor\u00ebsi e rrjedhimisht pa p\u00ebrgjegj\u00ebsi.\u201d<\/em> &#8211; tha presidenti.<\/span><\/p>\n<p><span style=\"color: #000000;\">Kreu i shtetit shtoi se Shqip\u00ebria \u00ebsht\u00eb vend i jasht\u00ebzakonsh\u00ebm p\u00ebr arritjet nga viti 1992, i rrall\u00eb p\u00ebr natyr\u00ebn dhe forc\u00ebn e vullnetit t\u00eb shqiptar\u00ebve dhe nj\u00eb vend euroatlantik, i dedikuar n\u00eb rrug\u00ebn e tij drejt integrimit n\u00eb BE.<\/span><\/p>\n<p><span style=\"color: #000000;\"> N\u00eb k\u00ebt\u00eb aspekt, vijoi ai, media duhet t\u00eb ket\u00eb fuqin\u00eb e s\u00eb v\u00ebrtet\u00ebs, largpamjes e frym\u00ebzimit pasi koha, mund\u00ebsia e mb\u00ebshtetja p\u00ebr t\u00eb ekzistojn\u00eb.<\/span><\/p>\n<p><span style=\"color: #000000;\"><em>\u201cShqip\u00ebria \u00ebsht\u00eb nj\u00eb vend i jasht\u00ebzakonsh\u00ebm p\u00ebr arritjet e saj nga viti 1992 e deri m\u00eb sot. \u00a0Vendi yn\u00eb \u00ebsht\u00eb i ve\u00e7ant\u00eb p\u00ebr forc\u00ebn me t\u00eb cil\u00ebn ka tejkaluar nj\u00eb histori e gjeo-politik\u00eb shum\u00eb t\u00eb v\u00ebshtir\u00eb. \u00cbsht\u00eb i rrall\u00eb p\u00ebr natyr\u00ebn e tij dhe forc\u00ebn e vullnetit t\u00eb shqiptar\u00ebve. P\u00ebr t\u00eb tjerat, Shqip\u00ebria \u00ebsht\u00eb nj\u00eb vend euro-atlantik, thell\u00ebsisht i dedikuar dhe n\u00eb rrug\u00ebn e sigurt\u00eb p\u00ebr integrimin euroatlantik n\u00eb Bashkimin Evropian q\u00eb ka probleme e arritje si vende t\u00eb tjera n\u00eb Evrop\u00eb. N\u00eb k\u00ebt\u00eb kuptim media duhet t\u00eb ket\u00eb fuqin\u00eb e s\u00eb v\u00ebrtet\u00ebs, t\u00eb largpamjes dhe t\u00eb frym\u00ebzimit si shum\u00eb simotra t\u00eb saj me tradit\u00eb demokratike. \u00cbsht\u00eb koha. \u00cbsht\u00eb mund\u00ebsia. Ekziston edhe mb\u00ebshtetja.\u201d<\/em> &#8211; shtoi Begaj.<\/span><\/p>\n<p><span style=\"color: #000000;\">N\u00eb krye t\u00eb fjal\u00ebs presidenti theksoi se media \u00ebsht\u00eb mision, pavar\u00ebsisht v\u00ebshtir\u00ebsive e sfidave duke u premtuar gazetar\u00ebve se t\u00eb institucioni q\u00eb drejton do gjejn\u00eb kujdesin p\u00ebr t\u2019i d\u00ebgjuar, gatishm\u00ebrin\u00eb \u00a0p\u00ebr t\u2019i mb\u00ebshtetur.<\/span><\/p>\n<p><span style=\"color: #000000;\"><em>\u201cP\u00ebrve\u00e7se pushteti i kat\u00ebrt, media \u00ebsht\u00eb mision. Un\u00eb dua t\u00eb shpreh mir\u00ebnjohjen time p\u00ebr ju dhe t\u00eb gjith\u00eb ata q\u00eb i p\u00ebrkushtohen k\u00ebtij misioni. E di q\u00eb profesioni juaj ka v\u00ebshtir\u00ebsit\u00eb e veta, q\u00eb jan\u00eb jo vet\u00ebm sfida profesionale, por kan\u00eb t\u00eb bejn\u00eb dhe me sigurin\u00eb ekonomike e kushtet e ushtrimit t\u00eb profesionit tuaj. Tek un\u00eb dhe institucioni \u00a0i Presidentit t\u00eb Republik\u00ebs do t\u00eb gjeni d\u00ebgjuesin e kujdessh\u00ebm, dhe gatishm\u00ebri p\u00ebr mb\u00ebshtetjen q\u00eb profesionist\u00ebt e medias t\u00eb ken\u00eb trajtimin, mir\u00ebnjohjen dhe sigurit\u00eb q\u00eb meritojn\u00eb. Ju keni fuqin\u00eb e prezantimit t\u00eb realiteteve t\u00eb cilat mund t\u2019i njohim m\u00eb mir\u00eb e m\u00eb ndryshe ve\u00e7an\u00ebrisht prej jush. P\u00ebr k\u00ebto realitete, cilatdo qofshin ato, e sidomos p\u00ebrsa i p\u00ebrket veprimtaris\u00eb sime dhe Institucionit t\u00eb Presidentit: Ju siguroj se nuk do t\u00eb ket\u00eb k\u00ebrkesa t\u00eb asnj\u00eb lloji p\u00ebr koh\u00ebn dhe m\u00ebnyr\u00ebn e paraqitjes s\u00eb tyre. Detyra jon\u00eb \u00ebsht\u00eb t\u2019ju ofrojm\u00eb gjith\u00eb informacionin dhe mb\u00ebshtetjen q\u00eb e k\u00ebrkon ligji, demokracia, dhe angazhimi qytetar.\u201d<\/em> &#8211; tha Begaj.<\/span><\/p>\n<p><span style=\"color: #000000;\"><strong>\u00a0<\/strong>Ai vler\u00ebsoi gjithashtu \u00a0kritik\u00ebn dhe risit\u00eb e sjella nga mediat dhe rrjetet sociale duke theksuar se mund t\u00eb sh\u00ebrbejn\u00eb si udh\u00ebrr\u00ebfyese drejt arritjeve t\u00eb medias.<\/span><\/p>\n<p><span style=\"color: #000000;\"><em>\u201cKritika e risit\u00eb e sjella nga mediat e rrjetet sociale mund t\u00eb jen\u00eb udh\u00ebrr\u00ebfyese t\u00eb shoq\u00ebris\u00eb drejt arritjeve t\u00eb saj. Por, \u00ebsht\u00eb e trisht\u00eb kur kjo mund\u00ebsi shfryt\u00ebzohet p\u00ebr t\u00eb p\u00ebrhapur balt\u00ebn e ambicjeve t\u00eb vogla t\u00eb kujtdo ka llogari t\u00eb hapura, me histori personale, ose me historin\u00eb a drejt\u00ebsin\u00eb e k\u00ebtij vendi.\u00a0<\/em><em>K\u00ebt\u00eb e them n\u00eb kuptimin m\u00eb t\u00eb gjer\u00eb t\u00eb fjal\u00ebs, sepse un\u00eb e shoh profesionin e gazetarit me idealiz\u00ebm e lart\u00ebsi. E shoh k\u00ebt\u00eb potencial te gazetar\u00ebt dhe profesionit\u00ebt tan\u00eb t\u00eb mediave. Ndaj dhe mesazhi im sot, p\u00ebr ju l, n\u00eb k\u00ebt\u00eb fillim viti \u00ebsht\u00eb: T\u00eb jeni frym\u00ebzues, referenc\u00eb cil\u00ebsie p\u00ebr t\u00eb rinjt\u00eb q\u00eb angazhohen me lajmin e median, dhe t\u00eb arrini fuqin\u00eb e rolit q\u00eb ju takon!\u201d<\/em> &#8211; mbylli Begaj.<\/span><\/p>\n","protected":false,"gt_translate_keys":[{"key":"rendered","format":"html"}]},"excerpt":{"rendered":"<p>Presidenti Begaj ka organizuar nj\u00eb pritje me gazetar\u00ebt dhe p\u00ebrfaq\u00ebsuesit e medias k\u00ebt\u00eb fillim viti. T\u00eb ftuar n\u00eb takimin me kreun e shtetit ishin si gazetar\u00eb e terrenit ashtu edhe ata emisioneve. Begaj theksoi n\u00eb fjal\u00ebn e tij se hap\u00ebsira mediatike n\u00eb vend nuk \u00ebsht\u00eb n\u00eb nivelin q\u00eb k\u00ebrkohet nga shoq\u00ebria. Ai tha se media [&hellip;]<\/p>\n","protected":false,"gt_translate_keys":[{"key":"rendered","format":"html"}]},"author":51,"featured_media":572731,"comment_status":"closed","ping_status":"closed","sticky":false,"template":"","format":"standard","meta":{"footnotes":""},"categories":[65,13],"tags":[],"class_list":["post-572730","post","type-post","status-publish","format-standard","has-post-thumbnail","hentry","category-lajme","category-te-fundit"],"gt_translate_keys":[{"key":"link","format":"url"}],"_links":{"self":[{"href":"https:\/\/www.hashtag.al\/index.php\/wp-json\/wp\/v2\/posts\/572730","targetHints":{"allow":["GET"]}}],"collection":[{"href":"https:\/\/www.hashtag.al\/index.php\/wp-json\/wp\/v2\/posts"}],"about":[{"href":"https:\/\/www.hashtag.al\/index.php\/wp-json\/wp\/v2\/types\/post"}],"author":[{"embeddable":true,"href":"https:\/\/www.hashtag.al\/index.php\/wp-json\/wp\/v2\/users\/51"}],"replies":[{"embeddable":true,"href":"https:\/\/www.hashtag.al\/index.php\/wp-json\/wp\/v2\/comments?post=572730"}],"version-history":[{"count":0,"href":"https:\/\/www.hashtag.al\/index.php\/wp-json\/wp\/v2\/posts\/572730\/revisions"}],"wp:featuredmedia":[{"embeddable":true,"href":"https:\/\/www.hashtag.al\/index.php\/wp-json\/wp\/v2\/media\/572731"}],"wp:attachment":[{"href":"https:\/\/www.hashtag.al\/index.php\/wp-json\/wp\/v2\/media?parent=572730"}],"wp:term":[{"taxonomy":"category","embeddable":true,"href":"https:\/\/www.hashtag.al\/index.php\/wp-json\/wp\/v2\/categories?post=572730"},{"taxonomy":"post_tag","embeddable":true,"href":"https:\/\/www.hashtag.al\/index.php\/wp-json\/wp\/v2\/tags?post=572730"}],"curies":[{"name":"wp","href":"https:\/\/api.w.org\/{rel}","templated":true}]}}