{"id":572619,"date":"2023-01-11T13:26:20","date_gmt":"2023-01-11T12:26:20","guid":{"rendered":"https:\/\/www.hashtag.al\/?p=572619"},"modified":"2023-01-11T13:26:20","modified_gmt":"2023-01-11T12:26:20","slug":"manja-gjate-2023-do-prezantojme-amnistine-penale-ne-kuvend","status":"publish","type":"post","link":"https:\/\/www.hashtag.al\/index.php\/2023\/01\/11\/manja-gjate-2023-do-prezantojme-amnistine-penale-ne-kuvend\/","title":{"rendered":"Manja: Gjat\u00eb 2023 do prezantojm\u00eb amnistin\u00eb penale n\u00eb Kuvend","gt_translate_keys":[{"key":"rendered","format":"text"}]},"content":{"rendered":"<p><span style=\"color: #000000;\"><a style=\"color: #000000;\" href=\"https:\/\/www.hashtag.al\/wp-content\/uploads\/2023\/01\/manja-ulsi.jpg\"><img loading=\"lazy\" decoding=\"async\" class=\"aligncenter size-full wp-image-572620\" src=\"https:\/\/www.hashtag.al\/wp-content\/uploads\/2023\/01\/manja-ulsi.jpg\" alt=\"\" width=\"908\" height=\"548\" srcset=\"https:\/\/www.hashtag.al\/wp-content\/uploads\/2023\/01\/manja-ulsi.jpg 908w, https:\/\/www.hashtag.al\/wp-content\/uploads\/2023\/01\/manja-ulsi-300x181.jpg 300w, https:\/\/www.hashtag.al\/wp-content\/uploads\/2023\/01\/manja-ulsi-768x464.jpg 768w\" sizes=\"auto, (max-width: 908px) 100vw, 908px\" \/><\/a><\/span><\/p>\n<p><span style=\"color: #000000;\">Ministri i Drejt\u00ebsis\u00eb, Ulsi Manja deklaroi se \u00a0p\u00ebr her\u00eb t\u00eb par\u00eb n\u00eb sistemin e burgjeve numri i t\u00eb paraburgosurve e tejkalon numrin e t\u00eb d\u00ebnuarve.<\/span><\/p>\n<p><span style=\"color: #000000;\">Ai tha se n\u00eb vitin 2023 kan\u00eb si q\u00ebllim q\u00eb t\u2019i prezantojn\u00eb Kuvendit nj\u00eb amnisti penale p\u00ebr t\u00eb ulur mbipopullimin n\u00eb burgje<\/span><\/p>\n<p><span style=\"color: #000000;\">\u201c<em>N\u00eb sistemin e burgjeve numri i t\u00eb paraburgosurve tejkalon numrin e t\u00eb d\u00ebnuarve. Sa i p\u00ebrket paraburgimit ne kemi nj\u00eb mbipopullim. Pse vjen kjo? Mbipopullimi ka shum\u00eb faktor\u00eb, por lidhet edhe me veprimtarin\u00eb e sistemit gjyq\u00ebsor. Drejt\u00ebsia \u00ebsht\u00eb pushtet i pavarur, por sa i takon sistemit t\u00eb hetimit dhe ndjekjes penale, n\u00eb t\u00eb gjitha rekomandimet tona ne kemi pjes\u00eb t\u00eb rekomandimeve q\u00eb Prokuroria dhe sistemi i drejt\u00ebsis\u00eb do duhet t\u00eb aplikoj\u00eb gjith\u00eb alternativat e d\u00ebnimit.\u00a0 P\u00ebr vitin 2023 nuk mund ta them sakt\u00ebsisht\u00a0 koh\u00ebn, n\u00eb objektivat tona \u00ebsht\u00eb q\u00eb t\u2019i propozojm\u00eb Parlamentit shqiptar miratimin e nj\u00eb amnistie penale. Koh\u00ebn nuk mund ta them por \u00ebsht\u00eb objektivi yn\u00eb<\/em>\u201d- tha Manja.\u00a0<\/span><\/p>\n","protected":false,"gt_translate_keys":[{"key":"rendered","format":"html"}]},"excerpt":{"rendered":"<p>Ministri i Drejt\u00ebsis\u00eb, Ulsi Manja deklaroi se \u00a0p\u00ebr her\u00eb t\u00eb par\u00eb n\u00eb sistemin e burgjeve numri i t\u00eb paraburgosurve e tejkalon numrin e t\u00eb d\u00ebnuarve. Ai tha se n\u00eb vitin 2023 kan\u00eb si q\u00ebllim q\u00eb t\u2019i prezantojn\u00eb Kuvendit nj\u00eb amnisti penale p\u00ebr t\u00eb ulur mbipopullimin n\u00eb burgje \u201cN\u00eb sistemin e burgjeve numri i t\u00eb paraburgosurve [&hellip;]<\/p>\n","protected":false,"gt_translate_keys":[{"key":"rendered","format":"html"}]},"author":32,"featured_media":572620,"comment_status":"closed","ping_status":"closed","sticky":false,"template":"","format":"standard","meta":{"footnotes":""},"categories":[65,13],"tags":[],"class_list":["post-572619","post","type-post","status-publish","format-standard","has-post-thumbnail","hentry","category-lajme","category-te-fundit"],"gt_translate_keys":[{"key":"link","format":"url"}],"_links":{"self":[{"href":"https:\/\/www.hashtag.al\/index.php\/wp-json\/wp\/v2\/posts\/572619","targetHints":{"allow":["GET"]}}],"collection":[{"href":"https:\/\/www.hashtag.al\/index.php\/wp-json\/wp\/v2\/posts"}],"about":[{"href":"https:\/\/www.hashtag.al\/index.php\/wp-json\/wp\/v2\/types\/post"}],"author":[{"embeddable":true,"href":"https:\/\/www.hashtag.al\/index.php\/wp-json\/wp\/v2\/users\/32"}],"replies":[{"embeddable":true,"href":"https:\/\/www.hashtag.al\/index.php\/wp-json\/wp\/v2\/comments?post=572619"}],"version-history":[{"count":0,"href":"https:\/\/www.hashtag.al\/index.php\/wp-json\/wp\/v2\/posts\/572619\/revisions"}],"wp:featuredmedia":[{"embeddable":true,"href":"https:\/\/www.hashtag.al\/index.php\/wp-json\/wp\/v2\/media\/572620"}],"wp:attachment":[{"href":"https:\/\/www.hashtag.al\/index.php\/wp-json\/wp\/v2\/media?parent=572619"}],"wp:term":[{"taxonomy":"category","embeddable":true,"href":"https:\/\/www.hashtag.al\/index.php\/wp-json\/wp\/v2\/categories?post=572619"},{"taxonomy":"post_tag","embeddable":true,"href":"https:\/\/www.hashtag.al\/index.php\/wp-json\/wp\/v2\/tags?post=572619"}],"curies":[{"name":"wp","href":"https:\/\/api.w.org\/{rel}","templated":true}]}}