{"id":572438,"date":"2023-01-10T14:16:32","date_gmt":"2023-01-10T13:16:32","guid":{"rendered":"https:\/\/www.hashtag.al\/?p=572438"},"modified":"2023-01-10T14:16:32","modified_gmt":"2023-01-10T13:16:32","slug":"meta-vala-e-uraganit-do-te-vije-shume-shpejt-per-ramen","status":"publish","type":"post","link":"https:\/\/www.hashtag.al\/index.php\/2023\/01\/10\/meta-vala-e-uraganit-do-te-vije-shume-shpejt-per-ramen\/","title":{"rendered":"Meta: Vala e \u2018uraganit\u2019 do t\u00eb vij\u00eb shum\u00eb shpejt p\u00ebr Ram\u00ebn","gt_translate_keys":[{"key":"rendered","format":"text"}]},"content":{"rendered":"<p><a href=\"https:\/\/www.hashtag.al\/wp-content\/uploads\/2023\/01\/ilir-meta-5-1-768x491-1.jpg\"><img loading=\"lazy\" decoding=\"async\" class=\"aligncenter size-full wp-image-572439\" src=\"https:\/\/www.hashtag.al\/wp-content\/uploads\/2023\/01\/ilir-meta-5-1-768x491-1.jpg\" alt=\"\" width=\"768\" height=\"491\" srcset=\"https:\/\/www.hashtag.al\/wp-content\/uploads\/2023\/01\/ilir-meta-5-1-768x491-1.jpg 768w, https:\/\/www.hashtag.al\/wp-content\/uploads\/2023\/01\/ilir-meta-5-1-768x491-1-300x192.jpg 300w\" sizes=\"auto, (max-width: 768px) 100vw, 768px\" \/><\/a><\/p>\n<p><span style=\"color: #000000;\">N\u00eb nj\u00eb int\u00ebrvist\u00eb p\u00ebr mediat Kryetari i Partis\u00eb s\u00eb Liris\u00eb, Ilir Meta, \u00a0deklaroi se opozita takohet \u00e7do dit\u00eb me drejtues, p\u00ebrfaq\u00ebsues t\u00eb grupeve t\u00eb interest, por dhe me qytetatr\u00eb.<\/span><\/p>\n<p><span style=\"color: #000000;\">Ai tha se pritet nj\u00eb uragan drejt kutive t\u00eb votimit kund\u00ebr \u2018korrupsionit rilind\u00ebs\u2019\u00a0 q\u00eb e ka b\u00ebr\u00eb vendin ton\u00eb m\u00eb t\u00eb varfrin n\u00eb rajon, i cili po shkon edhe drejt shpopullimit.<\/span><\/p>\n<p><span style=\"color: #000000;\"><em>\u201cUragani do t\u00eb vij\u00eb \u00e7do dit\u00eb p\u00ebrmes protestave dhe pa asnj\u00eb diskutim p\u00ebrmes votimit. Detyr\u00eb e \u00e7do qytetari q\u00eb t\u00eb ndaloj\u00eb shpopullimin dhe t\u00eb realizoj\u00eb ndryshimin m\u00eb 14 maj, por pse jo edhe m\u00eb para n\u00ebse do t\u00eb jet\u00eb nevoja.<\/em>\u201d, theksoi Meta.<\/span><\/p>\n","protected":false,"gt_translate_keys":[{"key":"rendered","format":"html"}]},"excerpt":{"rendered":"<p>N\u00eb nj\u00eb int\u00ebrvist\u00eb p\u00ebr mediat Kryetari i Partis\u00eb s\u00eb Liris\u00eb, Ilir Meta, \u00a0deklaroi se opozita takohet \u00e7do dit\u00eb me drejtues, p\u00ebrfaq\u00ebsues t\u00eb grupeve t\u00eb interest, por dhe me qytetatr\u00eb. Ai tha se pritet nj\u00eb uragan drejt kutive t\u00eb votimit kund\u00ebr \u2018korrupsionit rilind\u00ebs\u2019\u00a0 q\u00eb e ka b\u00ebr\u00eb vendin ton\u00eb m\u00eb t\u00eb varfrin n\u00eb rajon, i cili [&hellip;]<\/p>\n","protected":false,"gt_translate_keys":[{"key":"rendered","format":"html"}]},"author":30,"featured_media":572439,"comment_status":"closed","ping_status":"closed","sticky":false,"template":"","format":"standard","meta":{"footnotes":""},"categories":[65],"tags":[],"class_list":["post-572438","post","type-post","status-publish","format-standard","has-post-thumbnail","hentry","category-lajme"],"gt_translate_keys":[{"key":"link","format":"url"}],"_links":{"self":[{"href":"https:\/\/www.hashtag.al\/index.php\/wp-json\/wp\/v2\/posts\/572438","targetHints":{"allow":["GET"]}}],"collection":[{"href":"https:\/\/www.hashtag.al\/index.php\/wp-json\/wp\/v2\/posts"}],"about":[{"href":"https:\/\/www.hashtag.al\/index.php\/wp-json\/wp\/v2\/types\/post"}],"author":[{"embeddable":true,"href":"https:\/\/www.hashtag.al\/index.php\/wp-json\/wp\/v2\/users\/30"}],"replies":[{"embeddable":true,"href":"https:\/\/www.hashtag.al\/index.php\/wp-json\/wp\/v2\/comments?post=572438"}],"version-history":[{"count":0,"href":"https:\/\/www.hashtag.al\/index.php\/wp-json\/wp\/v2\/posts\/572438\/revisions"}],"wp:featuredmedia":[{"embeddable":true,"href":"https:\/\/www.hashtag.al\/index.php\/wp-json\/wp\/v2\/media\/572439"}],"wp:attachment":[{"href":"https:\/\/www.hashtag.al\/index.php\/wp-json\/wp\/v2\/media?parent=572438"}],"wp:term":[{"taxonomy":"category","embeddable":true,"href":"https:\/\/www.hashtag.al\/index.php\/wp-json\/wp\/v2\/categories?post=572438"},{"taxonomy":"post_tag","embeddable":true,"href":"https:\/\/www.hashtag.al\/index.php\/wp-json\/wp\/v2\/tags?post=572438"}],"curies":[{"name":"wp","href":"https:\/\/api.w.org\/{rel}","templated":true}]}}