{"id":572433,"date":"2023-01-10T14:03:22","date_gmt":"2023-01-10T13:03:22","guid":{"rendered":"https:\/\/www.hashtag.al\/?p=572433"},"modified":"2023-01-10T14:03:22","modified_gmt":"2023-01-10T13:03:22","slug":"berisha-rozeta-dobi-hap-kapakun-e-llumit-ku-fshihen-dysheket-e-miliona-eurove","status":"publish","type":"post","link":"https:\/\/www.hashtag.al\/index.php\/2023\/01\/10\/berisha-rozeta-dobi-hap-kapakun-e-llumit-ku-fshihen-dysheket-e-miliona-eurove\/","title":{"rendered":"Berisha: Rozeta Dobi, \u2018hap kapakun e llumit\u2019 ku fshihen dyshek\u00ebt e miliona eurove","gt_translate_keys":[{"key":"rendered","format":"text"}]},"content":{"rendered":"<p>&nbsp;<\/p>\n<p><a href=\"https:\/\/www.hashtag.al\/wp-content\/uploads\/2023\/01\/berisha-me-gazetaret-1-1.jpeg\"><img loading=\"lazy\" decoding=\"async\" class=\"aligncenter size-full wp-image-572434\" src=\"https:\/\/www.hashtag.al\/wp-content\/uploads\/2023\/01\/berisha-me-gazetaret-1-1.jpeg\" alt=\"\" width=\"1024\" height=\"683\" srcset=\"https:\/\/www.hashtag.al\/wp-content\/uploads\/2023\/01\/berisha-me-gazetaret-1-1.jpeg 1024w, https:\/\/www.hashtag.al\/wp-content\/uploads\/2023\/01\/berisha-me-gazetaret-1-1-300x200.jpeg 300w, https:\/\/www.hashtag.al\/wp-content\/uploads\/2023\/01\/berisha-me-gazetaret-1-1-768x512.jpeg 768w\" sizes=\"auto, (max-width: 1024px) 100vw, 1024px\" \/><\/a><\/p>\n<p><strong>\u00a0<\/strong><\/p>\n<p><span style=\"color: #000000;\">N\u00eb nj\u00eb reagim tjet\u00ebr n\u00eb rrjetet sociale<strong>, \u00a0<\/strong>Kreu i PD-s\u00eb, Sali Berisha, ka deklaruar se sht\u00ebpit\u00eb e ministrave t\u00eb Edi Ram\u00ebs notojn\u00eb n\u00eb para t\u00eb vjedhura.<\/span><\/p>\n<p><span style=\"color: #000000;\"><em>\u201cFal\u00eb Rozeta Dobit q\u00eb hoqi kapakun e llumit t\u00eb qeveritar\u00ebve t\u00eb rilindjes shqiptare m\u00ebsuan t\u00eb v\u00ebrteten e dyshek\u00ebve me euro t\u00eb hajdut\u00ebve t\u00eb Edi Ram\u00ebs\u201d, <\/em>shkruan ai.<\/span><\/p>\n<p><span style=\"color: #000000;\">Berisha pretendon se Edi Rama ka mbyllur nj\u00eb skandal vjedhjeje 6 vite m\u00eb par\u00eb n\u00eb sht\u00ebpin\u00eb e Damian Gjiknurit dhe t\u00eb Ilir Beqj\u00ebs.<\/span><\/p>\n<p><span style=\"color: #000000;\"><em>\u00a0<\/em><\/span><\/p>\n<p><span style=\"color: #000000;\"><em>\u201cP\u00ebr rikujtes\u00eb<\/em><\/span><\/p>\n<p><span style=\"color: #000000;\"><em>Sht\u00ebpit\u00eb e ministrave t\u00eb Ram\u00ebs notojn\u00eb n\u00eb para t\u00eb vjedhura.<\/em><\/span><\/p>\n<p><span style=\"color: #000000;\"><em>Rama mbylli skandalin e vjedhjes 6 vite m\u00eb par\u00eb s\u00eb 8 milion\u00eb euro-ve n\u00eb shtepin\u00eb e Mama Gjiknurit dhe Beq\u00ebs, etj.<\/em><\/span><\/p>\n<p><span style=\"color: #000000;\"><em>Afera Gjiknuri-Beqja u mbyll nga Rama.<\/em><\/span><\/p>\n<p><span style=\"color: #000000;\"><em>Gjiknuri mori parat\u00eb e vjedhura nga hajduti dhe si shp\u00ebrblim u b\u00eb sekretar i p\u00ebrgjithsh\u00ebm i Rilindjes hajdute!<\/em><\/span><\/p>\n<p><span style=\"color: #000000;\"><em>Por fal\u00eb Rozeta Dobit q\u00eb hoqi kapakun e llumit t\u00eb qeveritar\u00ebve t\u00eb rilindjes shqiptare m\u00ebsuan t\u00eb v\u00ebrteten e dyshek\u00ebve me euro t\u00eb hajdut\u00ebve t\u00eb Edi Ram\u00ebs, t\u00eb cil\u00ebt nuk kan\u00eb tunele si bosi i tyre, por p\u00ebrdorin dyshek\u00ebt dhe dyshemet\u00eb e sht\u00ebpive te tyre\u201d,<\/em>\u00a0shkruan Berisha.<\/span><\/p>\n<p>&nbsp;<\/p>\n<p>&nbsp;<\/p>\n<p>&nbsp;<\/p>\n","protected":false,"gt_translate_keys":[{"key":"rendered","format":"html"}]},"excerpt":{"rendered":"<p>&nbsp; \u00a0 N\u00eb nj\u00eb reagim tjet\u00ebr n\u00eb rrjetet sociale, \u00a0Kreu i PD-s\u00eb, Sali Berisha, ka deklaruar se sht\u00ebpit\u00eb e ministrave t\u00eb Edi Ram\u00ebs notojn\u00eb n\u00eb para t\u00eb vjedhura. \u201cFal\u00eb Rozeta Dobit q\u00eb hoqi kapakun e llumit t\u00eb qeveritar\u00ebve t\u00eb rilindjes shqiptare m\u00ebsuan t\u00eb v\u00ebrteten e dyshek\u00ebve me euro t\u00eb hajdut\u00ebve t\u00eb Edi Ram\u00ebs\u201d, shkruan ai. [&hellip;]<\/p>\n","protected":false,"gt_translate_keys":[{"key":"rendered","format":"html"}]},"author":30,"featured_media":572434,"comment_status":"closed","ping_status":"closed","sticky":false,"template":"","format":"standard","meta":{"footnotes":""},"categories":[65],"tags":[],"class_list":["post-572433","post","type-post","status-publish","format-standard","has-post-thumbnail","hentry","category-lajme"],"gt_translate_keys":[{"key":"link","format":"url"}],"_links":{"self":[{"href":"https:\/\/www.hashtag.al\/index.php\/wp-json\/wp\/v2\/posts\/572433","targetHints":{"allow":["GET"]}}],"collection":[{"href":"https:\/\/www.hashtag.al\/index.php\/wp-json\/wp\/v2\/posts"}],"about":[{"href":"https:\/\/www.hashtag.al\/index.php\/wp-json\/wp\/v2\/types\/post"}],"author":[{"embeddable":true,"href":"https:\/\/www.hashtag.al\/index.php\/wp-json\/wp\/v2\/users\/30"}],"replies":[{"embeddable":true,"href":"https:\/\/www.hashtag.al\/index.php\/wp-json\/wp\/v2\/comments?post=572433"}],"version-history":[{"count":0,"href":"https:\/\/www.hashtag.al\/index.php\/wp-json\/wp\/v2\/posts\/572433\/revisions"}],"wp:featuredmedia":[{"embeddable":true,"href":"https:\/\/www.hashtag.al\/index.php\/wp-json\/wp\/v2\/media\/572434"}],"wp:attachment":[{"href":"https:\/\/www.hashtag.al\/index.php\/wp-json\/wp\/v2\/media?parent=572433"}],"wp:term":[{"taxonomy":"category","embeddable":true,"href":"https:\/\/www.hashtag.al\/index.php\/wp-json\/wp\/v2\/categories?post=572433"},{"taxonomy":"post_tag","embeddable":true,"href":"https:\/\/www.hashtag.al\/index.php\/wp-json\/wp\/v2\/tags?post=572433"}],"curies":[{"name":"wp","href":"https:\/\/api.w.org\/{rel}","templated":true}]}}