{"id":572364,"date":"2023-01-10T09:34:26","date_gmt":"2023-01-10T08:34:26","guid":{"rendered":"https:\/\/www.hashtag.al\/?p=572364"},"modified":"2023-01-10T09:34:26","modified_gmt":"2023-01-10T08:34:26","slug":"pranga-30-vjecarit-ne-elbasan-dyshohet-per-kater-vjedhje-ne-qytet","status":"publish","type":"post","link":"https:\/\/www.hashtag.al\/index.php\/2023\/01\/10\/pranga-30-vjecarit-ne-elbasan-dyshohet-per-kater-vjedhje-ne-qytet\/","title":{"rendered":"Pranga 30-vje\u00e7arit n\u00eb Elbasan, dyshohet p\u00ebr kat\u00ebr vjedhje n\u00eb qytet","gt_translate_keys":[{"key":"rendered","format":"text"}]},"content":{"rendered":"<p><img loading=\"lazy\" decoding=\"async\" class=\"aligncenter size-full wp-image-572365\" src=\"https:\/\/www.hashtag.al\/wp-content\/uploads\/2023\/01\/policiaelbasan.jpg\" alt=\"\" width=\"1280\" height=\"719\" srcset=\"https:\/\/www.hashtag.al\/wp-content\/uploads\/2023\/01\/policiaelbasan.jpg 1280w, https:\/\/www.hashtag.al\/wp-content\/uploads\/2023\/01\/policiaelbasan-300x169.jpg 300w, https:\/\/www.hashtag.al\/wp-content\/uploads\/2023\/01\/policiaelbasan-1024x575.jpg 1024w, https:\/\/www.hashtag.al\/wp-content\/uploads\/2023\/01\/policiaelbasan-768x431.jpg 768w\" sizes=\"auto, (max-width: 1280px) 100vw, 1280px\" \/><\/p>\n<p><span style=\"color: #000000;\">Nj\u00eb 30-vje\u00e7ar \u00ebsht\u00eb arrestuar n\u00eb Elbasan pasi dyshohet se ka kryer kat\u00ebr vjedhje n\u00eb qytet gjat\u00eb janarit 2023. Personi me iniciale E.S. ka qen\u00eb i d\u00ebnuar m\u00eb her\u00ebt p\u00ebr vjedhje nd\u00ebrsa gjat\u00eb kontrollit i \u00ebsht\u00eb kapur edhe nj\u00eb ka\u00e7avid\u00eb. Ai dyshohet p\u00ebr vjedhjen e tre dyqaneve dhe t\u00eb bateris\u00eb s\u00eb nj\u00eb makine.<\/span><\/p>\n<p><span style=\"color: #000000;\"><em>\u201cNga veprimet hetimore dyshohet se ky shtetas ka kryer disa vjedhje, n\u00eb qytetin e Elbasanit, konkretisht: <\/em><\/span><\/p>\n<p><span style=\"color: #000000;\"><em>-M\u00eb dat\u00eb 09.01.2023, gjat\u00eb nat\u00ebs, dyshohet se ka vjedhur produkte ushqimore, n\u00eb nj\u00eb dyqan;\u00a0\u00a0 <\/em><\/span><\/p>\n<p><span style=\"color: #000000;\"><em>-M\u00eb dat\u00eb 08.01.2023, dyshohet se ka vjedhur vegla pune, n\u00eb nj\u00eb dyqan, n\u00eb lagjen &#8220;Partizani&#8221;;\u00a0 <\/em><\/span><\/p>\n<p><span style=\"color: #000000;\"><em>-Po m\u00eb dat\u00eb 08.01.2023, n\u00eb lagjen \u201cSyrja Dylgjeri\u201d, dyshohet se ka vjedhur baterin\u00eb e nj\u00eb makine;<\/em><\/span><\/p>\n<p><span style=\"color: #000000;\"><em>-M\u00eb dat\u00eb 04.01.2023, dyshohet se ka vjedhur nj\u00eb shum\u00eb parash dhe steka cigaresh, n\u00eb nj\u00eb dyqan, n\u00eb lagjen &#8220;Sk\u00ebnderbej&#8221;. Materialet procedurale i kaluan Prokuroris\u00eb pran\u00eb Gjykat\u00ebs s\u00eb Shkall\u00ebs s\u00eb Par\u00eb Elbasan, p\u00ebr veprime t\u00eb m\u00ebtejshme.\u201d<\/em> \u2013 thuhet n\u00eb njoftimin e policis\u00eb.<\/span><\/p>\n","protected":false,"gt_translate_keys":[{"key":"rendered","format":"html"}]},"excerpt":{"rendered":"<p>Nj\u00eb 30-vje\u00e7ar \u00ebsht\u00eb arrestuar n\u00eb Elbasan pasi dyshohet se ka kryer kat\u00ebr vjedhje n\u00eb qytet gjat\u00eb janarit 2023. Personi me iniciale E.S. ka qen\u00eb i d\u00ebnuar m\u00eb her\u00ebt p\u00ebr vjedhje nd\u00ebrsa gjat\u00eb kontrollit i \u00ebsht\u00eb kapur edhe nj\u00eb ka\u00e7avid\u00eb. Ai dyshohet p\u00ebr vjedhjen e tre dyqaneve dhe t\u00eb bateris\u00eb s\u00eb nj\u00eb makine. \u201cNga veprimet hetimore [&hellip;]<\/p>\n","protected":false,"gt_translate_keys":[{"key":"rendered","format":"html"}]},"author":51,"featured_media":572365,"comment_status":"closed","ping_status":"closed","sticky":false,"template":"","format":"standard","meta":{"footnotes":""},"categories":[65,13],"tags":[],"class_list":["post-572364","post","type-post","status-publish","format-standard","has-post-thumbnail","hentry","category-lajme","category-te-fundit"],"gt_translate_keys":[{"key":"link","format":"url"}],"_links":{"self":[{"href":"https:\/\/www.hashtag.al\/index.php\/wp-json\/wp\/v2\/posts\/572364","targetHints":{"allow":["GET"]}}],"collection":[{"href":"https:\/\/www.hashtag.al\/index.php\/wp-json\/wp\/v2\/posts"}],"about":[{"href":"https:\/\/www.hashtag.al\/index.php\/wp-json\/wp\/v2\/types\/post"}],"author":[{"embeddable":true,"href":"https:\/\/www.hashtag.al\/index.php\/wp-json\/wp\/v2\/users\/51"}],"replies":[{"embeddable":true,"href":"https:\/\/www.hashtag.al\/index.php\/wp-json\/wp\/v2\/comments?post=572364"}],"version-history":[{"count":0,"href":"https:\/\/www.hashtag.al\/index.php\/wp-json\/wp\/v2\/posts\/572364\/revisions"}],"wp:featuredmedia":[{"embeddable":true,"href":"https:\/\/www.hashtag.al\/index.php\/wp-json\/wp\/v2\/media\/572365"}],"wp:attachment":[{"href":"https:\/\/www.hashtag.al\/index.php\/wp-json\/wp\/v2\/media?parent=572364"}],"wp:term":[{"taxonomy":"category","embeddable":true,"href":"https:\/\/www.hashtag.al\/index.php\/wp-json\/wp\/v2\/categories?post=572364"},{"taxonomy":"post_tag","embeddable":true,"href":"https:\/\/www.hashtag.al\/index.php\/wp-json\/wp\/v2\/tags?post=572364"}],"curies":[{"name":"wp","href":"https:\/\/api.w.org\/{rel}","templated":true}]}}