{"id":572138,"date":"2023-01-08T22:43:09","date_gmt":"2023-01-08T21:43:09","guid":{"rendered":"https:\/\/www.hashtag.al\/?p=572138"},"modified":"2023-01-08T22:43:09","modified_gmt":"2023-01-08T21:43:09","slug":"kontrolli-ne-vilen-e-ervis-martinajt-ne-surrel-policia-gjeti-nje-pasaporte-te-tij-me-emer-tjeter","status":"publish","type":"post","link":"https:\/\/www.hashtag.al\/index.php\/2023\/01\/08\/kontrolli-ne-vilen-e-ervis-martinajt-ne-surrel-policia-gjeti-nje-pasaporte-te-tij-me-emer-tjeter\/","title":{"rendered":"Kontrolli n\u00eb vil\u00ebn e Ervis Martinajt n\u00eb Surrel, policia gjeti nj\u00eb pasaport\u00eb t\u00eb tij me em\u00ebr tjet\u00ebr","gt_translate_keys":[{"key":"rendered","format":"text"}]},"content":{"rendered":"<p><img loading=\"lazy\" decoding=\"async\" class=\"aligncenter size-full wp-image-572139\" src=\"https:\/\/www.hashtag.al\/wp-content\/uploads\/2023\/01\/martinajsurrel.jpg\" alt=\"\" width=\"2000\" height=\"1000\" srcset=\"https:\/\/www.hashtag.al\/wp-content\/uploads\/2023\/01\/martinajsurrel.jpg 2000w, https:\/\/www.hashtag.al\/wp-content\/uploads\/2023\/01\/martinajsurrel-300x150.jpg 300w, https:\/\/www.hashtag.al\/wp-content\/uploads\/2023\/01\/martinajsurrel-1024x512.jpg 1024w, https:\/\/www.hashtag.al\/wp-content\/uploads\/2023\/01\/martinajsurrel-768x384.jpg 768w, https:\/\/www.hashtag.al\/wp-content\/uploads\/2023\/01\/martinajsurrel-1536x768.jpg 1536w\" sizes=\"auto, (max-width: 2000px) 100vw, 2000px\" \/><\/p>\n<p><span style=\"color: #000000;\"><strong><em>Nga Elton Qyno<\/em><\/strong><\/span><\/p>\n<p><span style=\"color: #000000;\">Kontrolli i ushtruar nj\u00eb dit\u00eb m\u00eb par\u00eb n\u00eb vil\u00ebn e Ervis Martinaj, ka zbuluar detaje t\u00eb reja rreth pron\u00ebsis\u00eb s\u00eb k\u00ebsaj sht\u00ebpie. RENEA dhe FNSH, hyn\u00eb brenda n\u00eb vil\u00ebn luksoze me shpres\u00ebn e kapjes apo qoft\u00eb dhe gjetjes s\u00eb gjurm\u00ebve t\u00eb biznesmenit t\u00eb shpallur n\u00eb k\u00ebrkim, Ervis Martinaj.<\/span><\/p>\n<p><span style=\"color: #000000;\">Por policia dhe oficer\u00ebt e BKH-s\u00eb, nuk jan\u00eb p\u00ebrballur me ask\u00ebnd prej familjar\u00ebve t\u00eb Martinaj, por me nj\u00eb person tjet\u00ebr q\u00eb pretendonte pron\u00ebsin\u00eb e sht\u00ebpis\u00eb, ku kishte hyr\u00eb p\u00ebr kontroll policia.<\/span><\/p>\n<p><span style=\"color: #000000;\">Urdhri i nxjerr nga prokuror\u00ebt e SPAK ishte p\u00ebr tu kontrolluar banes\u00ebn ku jetonte Ervis Martinaj.<\/span><\/p>\n<p><span style=\"color: #000000;\">Nd\u00ebrsa sht\u00ebpia ishte me certifikat\u00eb pron\u00ebsie nga nj\u00eb person tjet\u00ebr, F. Vuthaj.<\/span><\/p>\n<p><span style=\"color: #000000;\">Policia dhe BKH-ja jan\u00eb ndeshur me k\u00ebt\u00eb person, i cili rezulton t\u00eb jet\u00eb pronari i kompanis\u00eb s\u00eb nd\u00ebrtimit \u201cVuthaj Sh.p.k\u201d, i cili u ka treguar hetuesve se vila ishte bler\u00eb prej tij n\u00eb vitin 2017 dhe nga kjo periudh\u00eb e n\u00eb vijim ja ka dh\u00ebn\u00eb me qera p\u00ebrmes nj\u00eb kontrate qeraje, Ervis Martinaj.<\/span><\/p>\n<p><span style=\"color: #000000;\">Pavar\u00ebsisht k\u00ebtyre pretendimeve policia dhe SPAK, kishin mbledhur t\u00eb dh\u00ebna se n\u00eb banes\u00eb, ka jetuar p\u00ebr nj\u00eb koh\u00eb t\u00eb gjat\u00eb njeriu m\u00eb i k\u00ebrkuar p\u00ebr momentin, Ervis Martinaj.<\/span><\/p>\n<p><span style=\"color: #000000;\">Nd\u00ebrsa emri i F. Vuthaj, \u00ebsht\u00eb vendosur n\u00eb certifikat\u00ebn e pasuris\u00eb t\u00eb k\u00ebsaj prone, p\u00ebr t\u00eb maskuar pasurit\u00eb q\u00eb disponon \u201cmbreti\u201d i loj\u00ebrave t\u00eb fatit.<\/span><\/p>\n<p><span style=\"color: #000000;\">Policia, ka hyr\u00eb n\u00eb brend\u00ebsi t\u00eb banes\u00ebs duke kontrolluar t\u00eb gjitha ambjentet e saj dhe oborrin, por nuk ka gjetur asgj\u00eb t\u00eb paligjshme.<\/span><\/p>\n<p><span style=\"color: #000000;\">Mes pak sendeve t\u00eb sekuestruara, jan\u00eb disa dokumente t\u00eb pron\u00ebsis\u00eb s\u00eb vil\u00ebs luksoze dhe nj\u00eb pasaport\u00eb q\u00eb \u00ebsht\u00eb gjendur n\u00eb em\u00ebr t\u00eb shtetasit Admir Koca, por me fotografi t\u00eb biznesmenit Ervis Martinaj.<\/span><\/p>\n<p><span style=\"color: #000000;\">Pasaporta ishte e komb\u00ebsis\u00eb kosovare, dhe \u00ebsht\u00eb i nj\u00ebjti dokument q\u00eb policia dhe prokuroria sekuestruan n\u00eb banes\u00ebn e tij, pas ndodhjes s\u00eb masakr\u00ebs n\u00eb ish-bllok n\u00eb dat\u00ebn 4 tetor 2018.<\/span><\/p>\n<p><span style=\"color: #000000;\">Pasaporta do i n\u00ebnshtrohet ekspertiz\u00ebs mbi origjinalitetin e saj.<\/span><\/p>\n<p><span style=\"color: #000000;\">Nj\u00ebher\u00ebsh SPAK, do hetoj\u00eb dhe v\u00ebrtet\u00ebsin\u00eb e dokumentacionit t\u00eb pron\u00ebsis\u00eb s\u00eb vil\u00ebs, q\u00eb me dokumente rezulton t\u00eb jet\u00eb n\u00eb em\u00ebr t\u00eb nj\u00eb tjet\u00ebr biznesmeni si\u00e7 \u00ebsht\u00eb F. Vuthaj.<\/span><\/p>\n<p><span style=\"color: #000000;\">Ky \u00ebsht\u00eb kontrolli i dyt\u00eb i banes\u00ebs s\u00eb Ervis Martinaj, pasi n\u00eb m\u00ebngjesin e 26 dhjetorit 2022, policia dhe SPAK ushtruan nj\u00eb kontroll blic n\u00eb fshatin Fush\u00eb-Kuqe, duke arritur t\u00eb gjejn\u00eb dy automatik\u00eb, uniforma policie dhe mij\u00ebra fishek\u00eb automatiku.<\/span><\/p>\n<p><span style=\"color: #000000;\"><span style=\"color: #ff0000;\"><strong>VINI RE<\/strong><\/span>: Ky material \u00ebsht\u00eb pron\u00ebsi intelektuale e <span style=\"color: #0000ff;\"><a style=\"color: #0000ff;\" href=\"https:\/\/www.oranews.tv\/vendi\/kerkimet-per-vis-martinaj-vilen-qe-kontrolloi-spak-e-ka-vuthaj-policia-gje-i1070308\">Ora News<\/a><\/span><\/span><\/p>\n","protected":false,"gt_translate_keys":[{"key":"rendered","format":"html"}]},"excerpt":{"rendered":"<p>Nga Elton Qyno Kontrolli i ushtruar nj\u00eb dit\u00eb m\u00eb par\u00eb n\u00eb vil\u00ebn e Ervis Martinaj, ka zbuluar detaje t\u00eb reja rreth pron\u00ebsis\u00eb s\u00eb k\u00ebsaj sht\u00ebpie. RENEA dhe FNSH, hyn\u00eb brenda n\u00eb vil\u00ebn luksoze me shpres\u00ebn e kapjes apo qoft\u00eb dhe gjetjes s\u00eb gjurm\u00ebve t\u00eb biznesmenit t\u00eb shpallur n\u00eb k\u00ebrkim, Ervis Martinaj. Por policia dhe oficer\u00ebt [&hellip;]<\/p>\n","protected":false,"gt_translate_keys":[{"key":"rendered","format":"html"}]},"author":51,"featured_media":572139,"comment_status":"closed","ping_status":"closed","sticky":false,"template":"","format":"standard","meta":{"footnotes":""},"categories":[65,13],"tags":[],"class_list":["post-572138","post","type-post","status-publish","format-standard","has-post-thumbnail","hentry","category-lajme","category-te-fundit"],"gt_translate_keys":[{"key":"link","format":"url"}],"_links":{"self":[{"href":"https:\/\/www.hashtag.al\/index.php\/wp-json\/wp\/v2\/posts\/572138","targetHints":{"allow":["GET"]}}],"collection":[{"href":"https:\/\/www.hashtag.al\/index.php\/wp-json\/wp\/v2\/posts"}],"about":[{"href":"https:\/\/www.hashtag.al\/index.php\/wp-json\/wp\/v2\/types\/post"}],"author":[{"embeddable":true,"href":"https:\/\/www.hashtag.al\/index.php\/wp-json\/wp\/v2\/users\/51"}],"replies":[{"embeddable":true,"href":"https:\/\/www.hashtag.al\/index.php\/wp-json\/wp\/v2\/comments?post=572138"}],"version-history":[{"count":0,"href":"https:\/\/www.hashtag.al\/index.php\/wp-json\/wp\/v2\/posts\/572138\/revisions"}],"wp:featuredmedia":[{"embeddable":true,"href":"https:\/\/www.hashtag.al\/index.php\/wp-json\/wp\/v2\/media\/572139"}],"wp:attachment":[{"href":"https:\/\/www.hashtag.al\/index.php\/wp-json\/wp\/v2\/media?parent=572138"}],"wp:term":[{"taxonomy":"category","embeddable":true,"href":"https:\/\/www.hashtag.al\/index.php\/wp-json\/wp\/v2\/categories?post=572138"},{"taxonomy":"post_tag","embeddable":true,"href":"https:\/\/www.hashtag.al\/index.php\/wp-json\/wp\/v2\/tags?post=572138"}],"curies":[{"name":"wp","href":"https:\/\/api.w.org\/{rel}","templated":true}]}}