{"id":571748,"date":"2023-01-07T11:51:22","date_gmt":"2023-01-07T10:51:22","guid":{"rendered":"https:\/\/www.hashtag.al\/?p=571748"},"modified":"2023-01-07T11:51:22","modified_gmt":"2023-01-07T10:51:22","slug":"mccarthy-zgjidhet-pas-15-raundesh-votimi-ne-krye-te-dhomes-se-perfaqesuesve","status":"publish","type":"post","link":"https:\/\/www.hashtag.al\/index.php\/2023\/01\/07\/mccarthy-zgjidhet-pas-15-raundesh-votimi-ne-krye-te-dhomes-se-perfaqesuesve\/","title":{"rendered":"McCarthy zgjidhet pas 15 raundesh votimi n\u00eb krye t\u00eb Dhom\u00ebs s\u00eb P\u00ebrfaq\u00ebsuesve","gt_translate_keys":[{"key":"rendered","format":"text"}]},"content":{"rendered":"<p><span style=\"color: #000000;\"><a style=\"color: #000000;\" href=\"https:\/\/www.hashtag.al\/wp-content\/uploads\/2023\/01\/MC.jpg\"><img loading=\"lazy\" decoding=\"async\" class=\"aligncenter size-full wp-image-571435\" src=\"https:\/\/www.hashtag.al\/wp-content\/uploads\/2023\/01\/MC.jpg\" alt=\"\" width=\"960\" height=\"647\" srcset=\"https:\/\/www.hashtag.al\/wp-content\/uploads\/2023\/01\/MC.jpg 960w, https:\/\/www.hashtag.al\/wp-content\/uploads\/2023\/01\/MC-300x202.jpg 300w, https:\/\/www.hashtag.al\/wp-content\/uploads\/2023\/01\/MC-768x518.jpg 768w\" sizes=\"auto, (max-width: 960px) 100vw, 960px\" \/><\/a><\/span><\/p>\n<p><span style=\"color: #000000;\">Pas 15 raundesh votimi, lideri republikan i Dhom\u00ebs s\u00eb P\u00ebrfaq\u00ebsuesve, Kevin McCarthy, \u00ebsht\u00eb zgjedhur kryetar i k\u00ebtij institucioni.<\/span><\/p>\n<p><span style=\"color: #000000;\">U desh\u00ebn kat\u00ebr dit\u00eb dhe 15 raunde votimi q\u00eb McCarthy t\u00eb fitonte, pavar\u00ebsisht se partia e tij kishte shumic\u00ebn n\u00eb Dhom\u00eb.<\/span><\/p>\n<p><span style=\"color: #000000;\">N\u00eb zgjedhjet e mesmandatit, republikan\u00ebt fituan nj\u00eb shumic\u00eb t\u00eb ngusht\u00eb n\u00eb Dhom\u00eb 222-212, nga 435 ul\u00ebse. Nd\u00ebrkaq, demokrat\u00ebt mbajt\u00ebn kontrollin e Senatit.<\/span><\/p>\n<p><span style=\"color: #000000;\">Kryetari i Dhom\u00ebs s\u00eb P\u00ebrfaq\u00ebsuesve \u00ebsht\u00eb personi i dyt\u00eb p\u00ebr presidenc\u00ebn, pas n\u00ebnpresidentes Kamala Harris. Ky person vendos agjend\u00ebn e Dhom\u00ebs dhe pa miratimin e tij ligjet nuk mund t\u00eb kalojn\u00eb.<\/span><\/p>\n<p><span style=\"color: #000000;\">McCarthy u b\u00eb kandidati i par\u00eb n\u00eb 100 vjet q\u00eb nuk arriti t\u00eb zgjidhet kryetar i Dhom\u00ebs n\u00eb votimin e par\u00eb, pavar\u00ebsisht se partia e tij ka shumic\u00ebn.<\/span><\/p>\n<p><span style=\"color: #000000;\">P\u00ebr zgjedhjen e kryetarit t\u00eb ri duheshin 218 vota nga 435 ligjv\u00ebn\u00ebs sa ka Dhoma. Republikan\u00ebt kan\u00eb 222 ul\u00ebse.<\/span><\/p>\n<p><span style=\"color: #000000;\">Por, nj\u00eb grup prej 20 ligjv\u00ebn\u00ebsish republikan\u00eb, t\u00eb linj\u00ebs s\u00eb ashp\u00ebr, refuzuan p\u00ebr disa dit\u00eb t\u2019i japin mb\u00ebshtetje McCarthyt p\u00ebr t\u2019u zgjedhur. Ligjv\u00ebn\u00ebsit q\u00eb kund\u00ebrshtuan zgjedhjen e tij jan\u00eb shprehur skeptik\u00eb ndaj q\u00ebllimeve t\u00eb McCarthyt, pavar\u00ebsisht se ai ka mb\u00ebshtetjen e ish-presidentit amerikan, Donald Trump.<\/span><\/p>\n<p><span style=\"color: #000000;\">N\u00eb nj\u00eb kthes\u00eb t\u00eb jasht\u00ebzakonshme n\u00eb rundin e 12-t\u00eb t\u00eb votimit, McCarthy i bindi 14 republikan\u00eb q\u00eb t\u00eb votonin p\u00ebr t\u00eb, por atij i mungonin edhe tri vota p\u00ebr t\u00eb marr\u00eb k\u00ebt\u00eb post, q\u00eb p\u00ebrs\u00ebri nuk arriti t\u00eb fitonte as n\u00eb rundin e 13-t\u00eb dhe 14-t\u00eb.<\/span><\/p>\n<p><span style=\"color: #000000;\">Kjo ndodhi tek n\u00eb rundin e 15-t\u00eb kur ai siguroi mb\u00ebshtetjen e 218 ligjv\u00ebn\u00ebsve.<\/span><\/p>\n<p><span style=\"color: #000000;\">Zgjedhja e kryetarit t\u00eb ri t\u00eb Dhom\u00ebs s\u00eb P\u00ebrfaq\u00ebsuesve ishte ky\u00e7e, pasi pa u zgjedhur ai nuk mund t\u00eb betoheshin an\u00ebtar\u00ebt e rinj t\u00eb Dhom\u00ebs, t\u00eb formoheshin komitete, t\u00eb \u00e7oheshin p\u00ebrpara ligje e as t\u00eb hetohej administrata e presidentit amerikan, Joe Biden.<\/span><\/p>\n","protected":false,"gt_translate_keys":[{"key":"rendered","format":"html"}]},"excerpt":{"rendered":"<p>Pas 15 raundesh votimi, lideri republikan i Dhom\u00ebs s\u00eb P\u00ebrfaq\u00ebsuesve, Kevin McCarthy, \u00ebsht\u00eb zgjedhur kryetar i k\u00ebtij institucioni. U desh\u00ebn kat\u00ebr dit\u00eb dhe 15 raunde votimi q\u00eb McCarthy t\u00eb fitonte, pavar\u00ebsisht se partia e tij kishte shumic\u00ebn n\u00eb Dhom\u00eb. N\u00eb zgjedhjet e mesmandatit, republikan\u00ebt fituan nj\u00eb shumic\u00eb t\u00eb ngusht\u00eb n\u00eb Dhom\u00eb 222-212, nga 435 ul\u00ebse. [&hellip;]<\/p>\n","protected":false,"gt_translate_keys":[{"key":"rendered","format":"html"}]},"author":32,"featured_media":571435,"comment_status":"closed","ping_status":"closed","sticky":false,"template":"","format":"standard","meta":{"footnotes":""},"categories":[6,13],"tags":[],"class_list":["post-571748","post","type-post","status-publish","format-standard","has-post-thumbnail","hentry","category-nderkombetare","category-te-fundit"],"gt_translate_keys":[{"key":"link","format":"url"}],"_links":{"self":[{"href":"https:\/\/www.hashtag.al\/index.php\/wp-json\/wp\/v2\/posts\/571748","targetHints":{"allow":["GET"]}}],"collection":[{"href":"https:\/\/www.hashtag.al\/index.php\/wp-json\/wp\/v2\/posts"}],"about":[{"href":"https:\/\/www.hashtag.al\/index.php\/wp-json\/wp\/v2\/types\/post"}],"author":[{"embeddable":true,"href":"https:\/\/www.hashtag.al\/index.php\/wp-json\/wp\/v2\/users\/32"}],"replies":[{"embeddable":true,"href":"https:\/\/www.hashtag.al\/index.php\/wp-json\/wp\/v2\/comments?post=571748"}],"version-history":[{"count":0,"href":"https:\/\/www.hashtag.al\/index.php\/wp-json\/wp\/v2\/posts\/571748\/revisions"}],"wp:featuredmedia":[{"embeddable":true,"href":"https:\/\/www.hashtag.al\/index.php\/wp-json\/wp\/v2\/media\/571435"}],"wp:attachment":[{"href":"https:\/\/www.hashtag.al\/index.php\/wp-json\/wp\/v2\/media?parent=571748"}],"wp:term":[{"taxonomy":"category","embeddable":true,"href":"https:\/\/www.hashtag.al\/index.php\/wp-json\/wp\/v2\/categories?post=571748"},{"taxonomy":"post_tag","embeddable":true,"href":"https:\/\/www.hashtag.al\/index.php\/wp-json\/wp\/v2\/tags?post=571748"}],"curies":[{"name":"wp","href":"https:\/\/api.w.org\/{rel}","templated":true}]}}