{"id":571637,"date":"2023-01-06T14:38:10","date_gmt":"2023-01-06T13:38:10","guid":{"rendered":"https:\/\/www.hashtag.al\/?p=571637"},"modified":"2023-01-06T14:38:10","modified_gmt":"2023-01-06T13:38:10","slug":"kokalari-pas-32-vitesh-lojtaret-kane-mbetur-rama-e-berisha-duket-sikur-jane-njesoj-themeules-te-regjimit-post-komunist","status":"publish","type":"post","link":"https:\/\/www.hashtag.al\/index.php\/2023\/01\/06\/kokalari-pas-32-vitesh-lojtaret-kane-mbetur-rama-e-berisha-duket-sikur-jane-njesoj-themeules-te-regjimit-post-komunist\/","title":{"rendered":"Kokalari: Pas 32 vitesh lojtar\u00ebt kan\u00eb mbetur Rama e Berisha. Duket sikur jan\u00eb nj\u00ebsoj, themeules t\u00eb regjimit post-komunist","gt_translate_keys":[{"key":"rendered","format":"text"}]},"content":{"rendered":"<p><span style=\"color: #000000;\"><img loading=\"lazy\" decoding=\"async\" class=\"aligncenter size-full wp-image-571639\" src=\"https:\/\/www.hashtag.al\/wp-content\/uploads\/2023\/01\/kokalariberisha.jpeg\" alt=\"\" width=\"1301\" height=\"675\" srcset=\"https:\/\/www.hashtag.al\/wp-content\/uploads\/2023\/01\/kokalariberisha.jpeg 1301w, https:\/\/www.hashtag.al\/wp-content\/uploads\/2023\/01\/kokalariberisha-300x156.jpeg 300w, https:\/\/www.hashtag.al\/wp-content\/uploads\/2023\/01\/kokalariberisha-1024x531.jpeg 1024w, https:\/\/www.hashtag.al\/wp-content\/uploads\/2023\/01\/kokalariberisha-768x398.jpeg 768w\" sizes=\"auto, (max-width: 1301px) 100vw, 1301px\" \/><\/span><\/p>\n<p><span style=\"color: #000000;\">Evi Kokalari ka komentuar audion e bised\u00ebs s\u00eb vitit 1990 mes Sali Berish\u00ebs, Edi Ram\u00ebs e Azem Hajdarit. <\/span><\/p>\n<p><span style=\"color: #000000;\">Ajo shkruan se pas 32 vitesh, lojtar\u00ebt kan\u00eb ngelur t\u00eb nj\u00ebjt\u00ebt e jan\u00eb Edi Rama e Sali Berisha dhe se ata jan\u00eb veg\u00ebl e nj\u00eb regjimi q\u00eb e nd\u00ebrtuan vet\u00eb e themelues t\u00eb regjimit post-komunist n\u00eb Shqip\u00ebri.<\/span><\/p>\n<p><span style=\"color: #000000;\">Kokalari m\u00eb pas hedh akuza ndaj PD-s\u00eb duke theksuar se nuk ka nd\u00ebrmend t\u00eb b\u00ebhet konservatore dhe se ka manipuluar zgjedhjet n\u00eb K\u00ebshillin Komb\u00ebtar, n\u00eb gar\u00ebn p\u00ebr Forumin Rinor e n\u00eb primaret p\u00ebr Tiran\u00ebn.<\/span><\/p>\n<p><span style=\"color: #000000;\"><em>\u201cE vetmja gj\u00eb q\u00eb kuptova nga kjo video \u00ebsht\u00eb q\u00eb mbas 32 vitesh, lojtar\u00ebt kan\u00eb ngelur po ata: Edi Rama dhe Sali Berisha!! Fatkeq\u00ebsia \u00ebsht\u00eb se PD-ja jo vet\u00ebm q\u00eb s&#8217;ka nd\u00ebrm\u00ebnd t\u00eb b\u00ebhet konservatore, por kryesia e saj, mbuloi t\u00eb gjitha manipulimet q\u00eb j&#8217;u b\u00ebn\u00eb \u201cvot\u00ebs s\u00eb lir\u00eb\u201d n\u00eb K\u00ebshillin Komb\u00ebtar dhe n\u00eb gar\u00ebn e Forumin Rinor, dhe jo vet\u00ebm kaq &#8211; por p\u00ebr t&#8217;ju th\u00ebn\u00eb t\u00eb gjith\u00ebve se \u201cne b\u00ebjm\u00eb \u00e7&#8217;t\u00eb duam\u201d, dekoruan nj\u00ebriun m\u00eb mediok\u00ebr, mashtrues dhe strumbullarin e manipulimeve, me kandidatur\u00ebn \u201cfituese\u201d p\u00ebr t\u2019u p\u00ebrballur me Velian. Nd\u00ebrkoh\u00eb shesin primaret si kosh\u00ebr (proces t\u00eb past\u00ebr dmth).\u201d<\/em> &#8211; shkruan Kokalari.<\/span><\/p>\n<p><span style=\"color: #000000;\">Ajo shkruan m\u00eb tej se audioja e ka shtyr\u00eb t\u00eb rianalizoj\u00eb personin q\u00eb ka pasur n\u00eb piedestal e p\u00ebr t\u00eb cilin ka pasur dhembshuri si baba i dyt\u00eb. <\/span><\/p>\n<p><span style=\"color: #000000;\">Kokalari shkruan se tashm\u00eb i duket se Rama e Berisha jan\u00eb nj\u00ebsoj, vegla t\u00eb nj\u00eb regjimi q\u00eb e nd\u00ebrtuan vet\u00eb duke qen\u00eb n\u00eb fakt themelues t\u00eb regjimit post-komunist.<\/span><\/p>\n<p><span style=\"color: #000000;\"><em>\u201cAudio e m\u00eb poshtme, m\u00eb b\u00ebri t\u00eb ri-analizoj\u00eb personin q\u00eb kisha v\u00ebn\u00eb n\u00eb piedestal dhe p\u00ebr t\u00eb cilin kisha dh\u00ebmbshuri si p\u00ebr nj\u00eb baba t\u00eb dyt\u00eb. Tashti duket sikur Rama dhe Berisha jan\u00eb njesoj! Ata jan\u00eb veg\u00ebl e nj\u00eb rregjimi q\u00eb e nd\u00ebrtuan vet\u00eb. Ata n\u00eb fakt, jan\u00eb themelues t\u00eb rregjimit post-komunist! Dy-tre mandate t\u00eb tjer\u00eb mes Ram\u00ebs dhe Berish\u00ebs, do p\u00ebrfundojm\u00eb seriozisht n\u00eb nj\u00eb rregjim t\u00eb dyt\u00eb 45-vje\u00e7ar. Me pak fjal\u00eb, kjo biseda e 1991 b\u00ebhet pik\u00ebrisht n\u00eb prag t\u00eb shkat\u00ebrrimit t\u00eb nj\u00eb rregjimi, dhe n\u00eb prag t\u00eb nd\u00ebrtimit t\u00eb nj\u00eb rregjimi z\u00ebv\u00ebnd\u00ebsues. Esht\u00eb kaq e thjesht\u00eb!! Nuk do t&#8217;i shkruaja kurr\u00eb k\u00ebto fjal\u00eb po qe se Berisha do ta kishte mbajtur fjal\u00ebn dhe do ta konvertonte PD n\u00eb nj\u00eb parti konservatore, ku vota e lir\u00eb v\u00ebrtet do t\u00eb mbrohej. Nuk do ti kushtonte gj\u00eb ta b\u00ebnte. Ai vet\u00eb, \u00ebsht\u00eb 78 vje\u00e7. Karrier\u00ebn politike e kishte t\u00eb mbyllur. U kthye n\u00eb betej\u00eb, prej damk\u00ebs se DASH. Ne &#8211; t\u00eb gjith\u00eb n\u00eb krah\u00eb!\u201d<\/em> &#8211; vijon m\u00eb tej Kokalari.<\/span><\/p>\n<p><span style=\"color: #000000;\">N\u00eb fund ajo shkruan se Sali Berisha ka pasur mund\u00ebsin\u00eb t\u00eb nd\u00ebrtoj\u00eb trash\u00ebgimin\u00eb e tij politike duke mbetur n\u00eb histori e duke mund\u00ebsuar nj\u00eb opozit\u00eb t\u00eb fort\u00eb kund\u00ebr korrupsionit m\u00eb pervers n\u00eb Ballkan q\u00eb p\u00ebrfaq\u00ebsohet nga Edi Rama. <\/span><\/p>\n<p><span style=\"color: #000000;\">Sipas Kokalarit, Berisha e ka ende mund\u00ebsin\u00eb t\u00eb hap\u00eb partin\u00eb dhe t\u00eb afroj\u00eb intelektual\u00eb, duke theksuar se qytetar\u00ebt jan\u00eb t\u00eb lodhur nga saga 32-vje\u00e7are Rama-Berisha q\u00eb dramatizojn\u00eb opozitarizmin ndaj nj\u00ebri-tjetrit.<\/span><\/p>\n<p><span style=\"color: #000000;\">\u201c<em>Berisha kishte mund\u00ebsin\u00eb t\u00eb nd\u00ebrtonte trash\u00ebgimin e tij politike, q\u00eb do t\u00eb ngelej n\u00eb histori duke mund\u00ebsuar nj\u00eb opozit\u00eb t\u00eb fort\u00eb kund\u00ebr korrupsionit m\u00eb pervers n\u00eb Ballkan \u2013 at\u00eb t\u00eb Edi Ram\u00ebs.<\/em><\/span><\/p>\n<p><span style=\"color: #000000;\"><em>Thon\u00eb se shpresa vdes e fundit. Dhe un\u00eb vazhdoj t\u00eb shpresoj q\u00eb Berisha do b\u00ebj nj\u00eb kthim 180 grad\u00eb duke hapur partin\u00eb, dhe duke sjell\u00eb rreth vetes intelektual, sepse vet\u00ebm ata mund t\u00eb fitojn\u00eb garat elektorale.<\/em><\/span><\/p>\n<p><span style=\"color: #000000;\"><em>Dhe n\u00ebse kjo nuk ndodh dy-tre muajt e ardhsh\u00ebm, nj\u00eb parti e re opozitare \u00ebsht\u00eb e pa-evitueshme, dhe n\u00eb terrenin politik t\u00eb sotsh\u00ebm, sinqeriteti dhe integriteti jan\u00eb te vetmet virtyte q\u00eb do fitojn\u00eb. Njer\u00ebzit jan\u00eb t\u00eb lodhur me sag\u00ebn 32 vje\u00e7are, ku Rama &amp; Berisha dramatizojn\u00eb opozitarizmin ndaj nj\u00ebri-tjetrit.<\/em><\/span><\/p>\n<p><span style=\"color: #000000;\"><em>N\u00eb fakt, bazuar s\u00ebrish tek audio, lind pyetja a \u00ebsht\u00eb Rama v\u00ebrtet ideologjikisht socialist, apo thjesht\u00eb e kishte kuptuar q\u00eb PDne s&#8217;ja merrte dot Berish\u00ebs, k\u00ebshtu q\u00eb i ju vu Nanos? Po ta analizosh pak m\u00eb thell\u00eb, duket sikur beteja nuk \u00ebsht\u00eb p\u00ebr mbrojtje parimesh, por \u00ebsht\u00eb thjesht\u00eb ego pushteti. Ndryshe PDja sot, realisht do t\u00eb ishte Parti Konservatore!\u201d<\/em> &#8211; mbyll sh\u00ebnimin n\u00eb Facebook, Kokalari.<\/span><\/p>\n","protected":false,"gt_translate_keys":[{"key":"rendered","format":"html"}]},"excerpt":{"rendered":"<p>Evi Kokalari ka komentuar audion e bised\u00ebs s\u00eb vitit 1990 mes Sali Berish\u00ebs, Edi Ram\u00ebs e Azem Hajdarit. Ajo shkruan se pas 32 vitesh, lojtar\u00ebt kan\u00eb ngelur t\u00eb nj\u00ebjt\u00ebt e jan\u00eb Edi Rama e Sali Berisha dhe se ata jan\u00eb veg\u00ebl e nj\u00eb regjimi q\u00eb e nd\u00ebrtuan vet\u00eb e themelues t\u00eb regjimit post-komunist n\u00eb Shqip\u00ebri. [&hellip;]<\/p>\n","protected":false,"gt_translate_keys":[{"key":"rendered","format":"html"}]},"author":51,"featured_media":571639,"comment_status":"closed","ping_status":"closed","sticky":false,"template":"","format":"standard","meta":{"footnotes":""},"categories":[22,65,13],"tags":[],"class_list":["post-571637","post","type-post","status-publish","format-standard","has-post-thumbnail","hentry","category-ballina","category-lajme","category-te-fundit"],"gt_translate_keys":[{"key":"link","format":"url"}],"_links":{"self":[{"href":"https:\/\/www.hashtag.al\/index.php\/wp-json\/wp\/v2\/posts\/571637","targetHints":{"allow":["GET"]}}],"collection":[{"href":"https:\/\/www.hashtag.al\/index.php\/wp-json\/wp\/v2\/posts"}],"about":[{"href":"https:\/\/www.hashtag.al\/index.php\/wp-json\/wp\/v2\/types\/post"}],"author":[{"embeddable":true,"href":"https:\/\/www.hashtag.al\/index.php\/wp-json\/wp\/v2\/users\/51"}],"replies":[{"embeddable":true,"href":"https:\/\/www.hashtag.al\/index.php\/wp-json\/wp\/v2\/comments?post=571637"}],"version-history":[{"count":0,"href":"https:\/\/www.hashtag.al\/index.php\/wp-json\/wp\/v2\/posts\/571637\/revisions"}],"wp:featuredmedia":[{"embeddable":true,"href":"https:\/\/www.hashtag.al\/index.php\/wp-json\/wp\/v2\/media\/571639"}],"wp:attachment":[{"href":"https:\/\/www.hashtag.al\/index.php\/wp-json\/wp\/v2\/media?parent=571637"}],"wp:term":[{"taxonomy":"category","embeddable":true,"href":"https:\/\/www.hashtag.al\/index.php\/wp-json\/wp\/v2\/categories?post=571637"},{"taxonomy":"post_tag","embeddable":true,"href":"https:\/\/www.hashtag.al\/index.php\/wp-json\/wp\/v2\/tags?post=571637"}],"curies":[{"name":"wp","href":"https:\/\/api.w.org\/{rel}","templated":true}]}}