{"id":571625,"date":"2023-01-06T14:01:07","date_gmt":"2023-01-06T13:01:07","guid":{"rendered":"https:\/\/www.hashtag.al\/?p=571625"},"modified":"2023-01-06T14:01:07","modified_gmt":"2023-01-06T13:01:07","slug":"te-henen-mblidhen-gjyqtaret-e-gjykates-se-larte-do-zgjidhet-anetari-i-kushtetueses","status":"publish","type":"post","link":"https:\/\/www.hashtag.al\/index.php\/2023\/01\/06\/te-henen-mblidhen-gjyqtaret-e-gjykates-se-larte-do-zgjidhet-anetari-i-kushtetueses\/","title":{"rendered":"T\u00eb h\u00ebn\u00ebn mblidhen gjyqtar\u00ebt e Gjykat\u00ebs s\u00eb Lart\u00eb, do zgjidhet an\u00ebtari i Kushtetueses","gt_translate_keys":[{"key":"rendered","format":"text"}]},"content":{"rendered":"<p><a href=\"https:\/\/www.hashtag.al\/wp-content\/uploads\/2023\/01\/gjykata.jpeg\"><img loading=\"lazy\" decoding=\"async\" class=\"aligncenter size-full wp-image-571628\" src=\"https:\/\/www.hashtag.al\/wp-content\/uploads\/2023\/01\/gjykata.jpeg\" alt=\"\" width=\"768\" height=\"483\" srcset=\"https:\/\/www.hashtag.al\/wp-content\/uploads\/2023\/01\/gjykata.jpeg 768w, https:\/\/www.hashtag.al\/wp-content\/uploads\/2023\/01\/gjykata-300x189.jpeg 300w\" sizes=\"auto, (max-width: 768px) 100vw, 768px\" \/><\/a><\/p>\n<p><span style=\"color: #000000;\">Gjykata e Lart\u00eb ka b\u00ebr\u00eb me dije dit\u00ebn e sotme se dit\u00ebn e h\u00ebn\u00eb do t\u00eb mblidhen gjyqtar\u00ebt e saj p\u00ebr t\u00eb zgjedhur an\u00ebtarin e Gjykat\u00ebs Kushtetuese.<\/span><\/p>\n<p><span style=\"color: #000000;\">Sipas njoftimit t\u00eb gjykat\u00ebs \u00ebsht\u00eb vendosur thirrja e Mbledhjes s\u00eb Posa\u00e7me t\u00eb gjyqtar\u00ebve t\u00eb Gjykat\u00ebs s\u00eb Lart\u00eb, p\u00ebr t\u00eb zgjedhur an\u00ebtarin e Gjykat\u00ebs Kushtetuese, dit\u00ebn e h\u00ebn\u00eb, dat\u00eb 16.01.2023, ora 09.30.<\/span><\/p>\n<p><span style=\"color: #000000;\"><strong><em>Njoftimi i plot\u00eb:<\/em><\/strong><\/span><\/p>\n<p><span style=\"color: #000000;\">K\u00ebshilli i Em\u00ebrimeve n\u00eb Drejt\u00ebsi ka p\u00ebrcjell\u00eb n\u00eb Gjykat\u00ebn e Lart\u00eb m\u00eb dat\u00eb 30.12.2022, raportin e miratuar dhe list\u00ebn me dokumentacionin shoq\u00ebrues t\u00eb kandidat\u00ebve q\u00eb kan\u00eb konkuruar p\u00ebr vendin vakant t\u00eb Gjykat\u00ebs Kushtetuese, t\u00eb shpallur nga Gjykata e Lart\u00eb m\u00eb dat\u00eb 16.01.2017 dhe rishpallur m\u00eb dat\u00eb 19.04.2019, 03.06.2021, 31.01.2022, si edhe m\u00eb dat\u00eb 28.10.2022.<\/span><\/p>\n<p><span style=\"color: #000000;\">Z\u00ebvend\u00ebskryetari i Gjykat\u00ebs s\u00eb Lart\u00eb, z. Sokol Sadushi, n\u00eb zbatim t\u00eb detyrimeve ligjore q\u00eb burojn\u00eb nga pika 3 e nenit 7\/\u00e7 t\u00eb ligjit nr. 8577, dat\u00eb 10.02.2000 \u201cP\u00ebr organizimin dhe funksionimin e Gjykat\u00ebs Kushtetuese t\u00eb Republik\u00ebs s\u00eb Shqip\u00ebris\u00eb\u201d (i ndryshuar), nenit 4 t\u00eb Rregullores s\u00eb Mbledhjes s\u00eb Posa\u00e7me t\u00eb gjyqtar\u00ebve t\u00eb Gjykat\u00ebs s\u00eb Lart\u00eb p\u00ebr zgjedhjen e an\u00ebtarit t\u00eb Gjykat\u00ebs Kushtetuese, si dhe t\u00eb nenit 26, pika 2 t\u00eb ligjit nr. 98\/2018 \u201cP\u00ebr organizimin e pushtetit gjyq\u00ebsor n\u00eb Republik\u00ebn e Shqip\u00ebris\u00eb\u201d, ka vendosur thirrjen e Mbledhjes s\u00eb Posa\u00e7me t\u00eb gjyqtar\u00ebve t\u00eb Gjykat\u00ebs s\u00eb Lart\u00eb, p\u00ebr t\u00eb zgjedhur an\u00ebtarin e Gjykat\u00ebs Kushtetuese,\u00a0dit\u00ebn e h\u00ebn\u00eb, dat\u00eb 16.01.2023, ora 09.30.<\/span><\/p>\n<p>&nbsp;<\/p>\n<p>&nbsp;<\/p>\n","protected":false,"gt_translate_keys":[{"key":"rendered","format":"html"}]},"excerpt":{"rendered":"<p>Gjykata e Lart\u00eb ka b\u00ebr\u00eb me dije dit\u00ebn e sotme se dit\u00ebn e h\u00ebn\u00eb do t\u00eb mblidhen gjyqtar\u00ebt e saj p\u00ebr t\u00eb zgjedhur an\u00ebtarin e Gjykat\u00ebs Kushtetuese. Sipas njoftimit t\u00eb gjykat\u00ebs \u00ebsht\u00eb vendosur thirrja e Mbledhjes s\u00eb Posa\u00e7me t\u00eb gjyqtar\u00ebve t\u00eb Gjykat\u00ebs s\u00eb Lart\u00eb, p\u00ebr t\u00eb zgjedhur an\u00ebtarin e Gjykat\u00ebs Kushtetuese, dit\u00ebn e h\u00ebn\u00eb, dat\u00eb [&hellip;]<\/p>\n","protected":false,"gt_translate_keys":[{"key":"rendered","format":"html"}]},"author":30,"featured_media":571628,"comment_status":"closed","ping_status":"closed","sticky":false,"template":"","format":"standard","meta":{"footnotes":""},"categories":[65,13],"tags":[],"class_list":["post-571625","post","type-post","status-publish","format-standard","has-post-thumbnail","hentry","category-lajme","category-te-fundit"],"gt_translate_keys":[{"key":"link","format":"url"}],"_links":{"self":[{"href":"https:\/\/www.hashtag.al\/index.php\/wp-json\/wp\/v2\/posts\/571625","targetHints":{"allow":["GET"]}}],"collection":[{"href":"https:\/\/www.hashtag.al\/index.php\/wp-json\/wp\/v2\/posts"}],"about":[{"href":"https:\/\/www.hashtag.al\/index.php\/wp-json\/wp\/v2\/types\/post"}],"author":[{"embeddable":true,"href":"https:\/\/www.hashtag.al\/index.php\/wp-json\/wp\/v2\/users\/30"}],"replies":[{"embeddable":true,"href":"https:\/\/www.hashtag.al\/index.php\/wp-json\/wp\/v2\/comments?post=571625"}],"version-history":[{"count":0,"href":"https:\/\/www.hashtag.al\/index.php\/wp-json\/wp\/v2\/posts\/571625\/revisions"}],"wp:featuredmedia":[{"embeddable":true,"href":"https:\/\/www.hashtag.al\/index.php\/wp-json\/wp\/v2\/media\/571628"}],"wp:attachment":[{"href":"https:\/\/www.hashtag.al\/index.php\/wp-json\/wp\/v2\/media?parent=571625"}],"wp:term":[{"taxonomy":"category","embeddable":true,"href":"https:\/\/www.hashtag.al\/index.php\/wp-json\/wp\/v2\/categories?post=571625"},{"taxonomy":"post_tag","embeddable":true,"href":"https:\/\/www.hashtag.al\/index.php\/wp-json\/wp\/v2\/tags?post=571625"}],"curies":[{"name":"wp","href":"https:\/\/api.w.org\/{rel}","templated":true}]}}