{"id":571608,"date":"2023-01-06T12:52:47","date_gmt":"2023-01-06T11:52:47","guid":{"rendered":"https:\/\/www.hashtag.al\/?p=571608"},"modified":"2023-01-06T12:52:47","modified_gmt":"2023-01-06T11:52:47","slug":"pas-takimit-me-begajn-rama-mbledh-12-drejtuesit-politike-te-ps-se-ne-qarqe","status":"publish","type":"post","link":"https:\/\/www.hashtag.al\/index.php\/2023\/01\/06\/pas-takimit-me-begajn-rama-mbledh-12-drejtuesit-politike-te-ps-se-ne-qarqe\/","title":{"rendered":"Pas takimit me Begajn, Rama mbledh 12 drejtuesit politik\u00eb t\u00eb PS-s\u00eb n\u00eb qarqe","gt_translate_keys":[{"key":"rendered","format":"text"}]},"content":{"rendered":"<p><span style=\"color: #000000;\"><img loading=\"lazy\" decoding=\"async\" class=\"aligncenter size-full wp-image-571610\" src=\"https:\/\/www.hashtag.al\/wp-content\/uploads\/2023\/01\/ezgif.com-gif-maker-7.jpg\" alt=\"\" width=\"986\" height=\"621\" srcset=\"https:\/\/www.hashtag.al\/wp-content\/uploads\/2023\/01\/ezgif.com-gif-maker-7.jpg 986w, https:\/\/www.hashtag.al\/wp-content\/uploads\/2023\/01\/ezgif.com-gif-maker-7-300x189.jpg 300w, https:\/\/www.hashtag.al\/wp-content\/uploads\/2023\/01\/ezgif.com-gif-maker-7-768x484.jpg 768w\" sizes=\"auto, (max-width: 986px) 100vw, 986px\" \/><\/span><\/p>\n<p><span style=\"color: #000000;\">Pas takimit me presidentin Begaj, kryeministri Rama do mbledh\u00eb sot drejtuesit politik\u00eb t\u00eb PS-s\u00eb t\u00eb 12 qarqeve t\u00eb vendit. <\/span><\/p>\n<p><span style=\"color: #000000;\">Takimi pritet t\u00eb nis\u00eb n\u00eb or\u00ebn 13:00 nd\u00ebrsa n\u00eb qend\u00ebr t\u00eb tij pritet t\u00eb jen\u00eb zgjedhjet vendore t\u00eb 14 majit 2023.<\/span><\/p>\n<p><span style=\"color: #000000;\">Mj\u00eb dit\u00eb m\u00eb par\u00eb kryeministri zhvilloi nj\u00eb mbledhje t\u00eb gjat\u00eb me ministrat n\u00eb p\u00ebrfundim t\u00eb s\u00eb cil\u00ebs tha se PS-ja pritet t\u2019i fitoj\u00eb thell\u00eb zgjedhjet vendore.<\/span><\/p>\n","protected":false,"gt_translate_keys":[{"key":"rendered","format":"html"}]},"excerpt":{"rendered":"<p>Pas takimit me presidentin Begaj, kryeministri Rama do mbledh\u00eb sot drejtuesit politik\u00eb t\u00eb PS-s\u00eb t\u00eb 12 qarqeve t\u00eb vendit. Takimi pritet t\u00eb nis\u00eb n\u00eb or\u00ebn 13:00 nd\u00ebrsa n\u00eb qend\u00ebr t\u00eb tij pritet t\u00eb jen\u00eb zgjedhjet vendore t\u00eb 14 majit 2023. Mj\u00eb dit\u00eb m\u00eb par\u00eb kryeministri zhvilloi nj\u00eb mbledhje t\u00eb gjat\u00eb me ministrat n\u00eb p\u00ebrfundim t\u00eb [&hellip;]<\/p>\n","protected":false,"gt_translate_keys":[{"key":"rendered","format":"html"}]},"author":51,"featured_media":571610,"comment_status":"closed","ping_status":"closed","sticky":false,"template":"","format":"standard","meta":{"footnotes":""},"categories":[65,13],"tags":[],"class_list":["post-571608","post","type-post","status-publish","format-standard","has-post-thumbnail","hentry","category-lajme","category-te-fundit"],"gt_translate_keys":[{"key":"link","format":"url"}],"_links":{"self":[{"href":"https:\/\/www.hashtag.al\/index.php\/wp-json\/wp\/v2\/posts\/571608","targetHints":{"allow":["GET"]}}],"collection":[{"href":"https:\/\/www.hashtag.al\/index.php\/wp-json\/wp\/v2\/posts"}],"about":[{"href":"https:\/\/www.hashtag.al\/index.php\/wp-json\/wp\/v2\/types\/post"}],"author":[{"embeddable":true,"href":"https:\/\/www.hashtag.al\/index.php\/wp-json\/wp\/v2\/users\/51"}],"replies":[{"embeddable":true,"href":"https:\/\/www.hashtag.al\/index.php\/wp-json\/wp\/v2\/comments?post=571608"}],"version-history":[{"count":0,"href":"https:\/\/www.hashtag.al\/index.php\/wp-json\/wp\/v2\/posts\/571608\/revisions"}],"wp:featuredmedia":[{"embeddable":true,"href":"https:\/\/www.hashtag.al\/index.php\/wp-json\/wp\/v2\/media\/571610"}],"wp:attachment":[{"href":"https:\/\/www.hashtag.al\/index.php\/wp-json\/wp\/v2\/media?parent=571608"}],"wp:term":[{"taxonomy":"category","embeddable":true,"href":"https:\/\/www.hashtag.al\/index.php\/wp-json\/wp\/v2\/categories?post=571608"},{"taxonomy":"post_tag","embeddable":true,"href":"https:\/\/www.hashtag.al\/index.php\/wp-json\/wp\/v2\/tags?post=571608"}],"curies":[{"name":"wp","href":"https:\/\/api.w.org\/{rel}","templated":true}]}}