{"id":571528,"date":"2023-01-05T22:07:19","date_gmt":"2023-01-05T21:07:19","guid":{"rendered":"https:\/\/www.hashtag.al\/?p=571528"},"modified":"2023-01-06T15:13:36","modified_gmt":"2023-01-06T14:13:36","slug":"biseda-e-papublikuar-e-vitit-91-mes-rames-berishes-dhe-hajdarit-lufte-per-pushtet-eshte","status":"publish","type":"post","link":"https:\/\/www.hashtag.al\/index.php\/2023\/01\/05\/biseda-e-papublikuar-e-vitit-91-mes-rames-berishes-dhe-hajdarit-lufte-per-pushtet-eshte\/","title":{"rendered":"Biseda e papublikuar e vitit 91\u2019 mes Ram\u00ebs, Berish\u00ebs dhe Hajdarit: Luft\u00eb p\u00ebr pushtet \u00ebsht\u00eb","gt_translate_keys":[{"key":"rendered","format":"text"}]},"content":{"rendered":"<div id=\"attachment_571529\" style=\"width: 710px\" class=\"wp-caption aligncenter\"><a style=\"color: #000000;\" href=\"https:\/\/www.hashtag.al\/wp-content\/uploads\/2023\/01\/rama-berisha-klosi.jpg\"><img loading=\"lazy\" decoding=\"async\" aria-describedby=\"caption-attachment-571529\" class=\"wp-image-571529 size-full\" src=\"https:\/\/www.hashtag.al\/wp-content\/uploads\/2023\/01\/rama-berisha-klosi.jpg\" alt=\"\" width=\"700\" height=\"501\" srcset=\"https:\/\/www.hashtag.al\/wp-content\/uploads\/2023\/01\/rama-berisha-klosi.jpg 700w, https:\/\/www.hashtag.al\/wp-content\/uploads\/2023\/01\/rama-berisha-klosi-300x215.jpg 300w\" sizes=\"auto, (max-width: 700px) 100vw, 700px\" \/><\/a><p id=\"caption-attachment-571529\" class=\"wp-caption-text\"><\/span> <span style=\"color: #000000;\">Sali Berisha, Edi Rama, Ardian Klosi<\/span><\/p><\/div>\n<p><span style=\"color: #000000;\">N\u00eb emisionin \u201c<a style=\"color: #000000;\" href=\"https:\/\/opinion.al\/lufte-per-pushtet-eshte-biseda-e-pa-publikuar-mes-rames-berishes-dhe-hajdarit\/\">Opinion<\/a>\u201d \u00ebsht\u00eb publikuar nj\u00eb regjistrimi t\u00eb ve\u00e7ant\u00eb, q\u00eb i p\u00ebrket dhjetorit t\u00eb vitit 1990. N\u00eb k\u00ebt\u00eb regjistrim d\u00ebgjohet nj\u00eb dialog mes Sali Berish\u00ebs, Edi Ram\u00ebs dhe Azem Hajdarit.<\/span><\/p>\n<p><span style=\"color: #000000;\">T\u00eb tre s\u00eb bashku m\u00eb piktorin Sali Shijaku jan\u00eb gjendur n\u00eb studion e nj\u00eb tjet\u00ebr piktori t\u00eb njohur t\u00eb koh\u00ebs, Ramadan Karanxha.<\/span><\/p>\n<p><span style=\"color: #000000;\">Regjistrimi \u00ebsht\u00eb b\u00ebr\u00eb me nj\u00eb magnetofon me t\u00eb cilin ka regjistruar dialogun q\u00eb \u00ebsht\u00eb zhvilluar n\u00eb studion e tij.<\/span><\/p>\n<p><span style=\"color: #000000;\"><strong>Biseda:<\/strong><\/span><\/p>\n<p><span style=\"color: #000000;\"><strong>Sali Berisha<\/strong>: Skandal \u2026Shiko ne po p\u00ebrpiqemi me qejf, t\u00eb moderuar q\u00eb t\u00eb mos kemi p\u00ebrgjegj\u00ebsi p\u00ebr k\u00ebt\u00eb&#8230; po t\u00eb jet\u00eb p\u00ebr p\u00ebrgjegj\u00ebsin\u00eb le ta mbajn\u00eb keta..<\/span><\/p>\n<p><span style=\"color: #000000;\"><strong>Edi Rama<\/strong>: Ta mbaj\u00eb le ta mbajn\u00eb, nj\u00eb gj\u00eb po ju them kjo q\u00eb po b\u00ebhet nuk b\u00ebhet p\u00ebr frik\u00eb, po b\u00ebhet p\u00ebr toleranc\u00eb, nuk po b\u00ebhet p\u00ebr frik\u00eb, n\u00ebse keta toleranc\u00ebn e marrin p\u00ebr frik\u00eb, bjeruni.<\/span><\/p>\n<p><span style=\"color: #000000;\"><strong>Berisha<\/strong>: Ou .bravo\u2026Shum\u00eb t\u00eb drejte ke.<\/span><\/p>\n<p><span style=\"color: #000000;\"><strong>Azem Hajdari<\/strong>. N\u00eb rast se gazeta nes\u00ebr n\u00eb ora 8 nuk del, e gjith\u00eb Tirana e di, do dalim rrim\u00eb aty\u2026<\/span><\/p>\n<p><span style=\"color: #000000;\"><strong>Edi Rama<\/strong>: Pse merr elementin m\u00eb asocial \u2026pse thua se prek njeri Enver Hoxh\u00ebn, pse ka frike \u00eb, un\u00eb se bej se jam tolerant karshi njer\u00ebzve, nuk dua t\u00eb plas\u00eb, jam tolerant karshi teje, se dua t\u00eb t\u00eb shpetoj ty. (<em>: i referohen Ramiz Alis\u00eb<\/em>)<\/span><\/p>\n<p><span style=\"color: #000000;\"><strong>Berisha<\/strong>: Jo se s\u2019ka ai (\u00a0<em>serish i referohen Ramizit<\/em> ) mbi shpatulla , se se dim\u00eb ne se \u00e7a ka ai mbi shpatulla, p\u00ebr mua gafa m\u00eb e madhe n\u00eb histori ka qen\u00eb kjo, ky q\u00eb n\u00eb fillim t&#8217;i thoshte popullit shikoni, Enver Hoxha, ka dy momentet, \u00a0nj\u00eb moment histori iu them 1, 2 sa ka p\u00ebr historin\u00eb\u00a0 ato do i b\u00ebjn\u00eb historian\u00ebt, por kulti i tij, p\u00ebrtok\u00eb, trash\u00ebgimia e tij njihet apo jo, ta kishte b\u00ebr\u00eb me koh\u00eb do kishte qen\u00eb m\u00eb mir\u00eb, por e the bukur <em>(i referohet fjalis\u00eb s\u00eb Ram\u00ebs )<\/em>, jo se si njohin, edhe femija i njeh ato, por kjo po b\u00ebhet p\u00ebr toleranc\u00eb<\/span><\/p>\n<p><span style=\"color: #000000;\"><strong>Edi Rama<\/strong>: Kjo po behet p\u00ebr diplomaci, ti ma merr p\u00ebr frik\u00eb.<\/span><\/p>\n<p><span style=\"color: #000000;\"><strong>Sali Berisha<\/strong>: Po b\u00ebhet diplomaci p\u00ebr \u00e7\u00ebshtje komb\u00ebtare.<\/span><\/p>\n<p><span style=\"color: #000000;\"><strong>Edi Rama<\/strong>: Bile p\u00ebrkundrazi, e para gj\u00eb q\u00eb ai duhet t&#8217;iu p\u00ebr nder \u00ebsht\u00eb kjo. K\u00ebt\u00eb duhet t&#8217;iu dij\u00eb p\u00ebr nder, p\u00ebr k\u00ebt\u00eb duhet t&#8217;ua japi e t&#8217;iu thot\u00eb faleminderit. Jo fare fare atje, e n\u00eb fund far\u00eb t\u00eb vij\u00eb edhe atje, e ti shkojn\u00eb keshtu\u2026<\/span><\/p>\n<p><span style=\"color: #000000;\"><strong>Sali Berisha<\/strong>: Tani, n\u00ebs\u00eb pengojn\u00eb gazet\u00ebn\u2026.Ja tani n\u00eb gazet\u00eb t\u00eb b\u00ebjm\u00eb proklamat\u00eb, ftoj popullin n\u00eb rruge e n\u00eb miting.<\/span><\/p>\n<p><span style=\"color: #000000;\"><strong>Azem Hajdari<\/strong>: Q\u00eb sonte ta shp\u00ebrndajm\u00eb gazet\u00ebn. Nga fundi i Tiran\u00ebs deri n\u00eb fillim.<\/span><\/p>\n<p><span style=\"color: #000000;\"><strong>Sali Berisha<\/strong>\u00a0: N\u00eb rast se na pengojn\u00eb\u2026<\/span><\/p>\n<p><span style=\"color: #000000;\"><strong>Edi Rama:<\/strong>\u00a0Kur duhet t\u00eb dal\u00eb gazeta?<\/span><\/p>\n<p><span style=\"color: #000000;\"><strong>Berisha dhe Hajdari:<\/strong>\u00a0Neser duhet t\u00eb dal\u00eb.<\/span><\/p>\n<p><span style=\"color: #000000;\"><strong>Berisha<\/strong> : Ja sa m\u00eb erdhi njeri, se dini ju, nga shtypshkronja dhe thot\u00eb q\u00eb pun\u00ebtoret thon\u00eb q\u00eb ne se b\u00ebjm\u00eb. Kan\u00eb fut informator. Thon\u00eb qe kan\u00eb b\u00ebr\u00eb 20 mij\u00eb informator\u00eb kan\u00eb shperndar\u00eb pas ngjarjeve t\u00eb ambasadave.<\/span><\/p>\n<p><span style=\"color: #000000;\"><strong>Edi Rama<\/strong> : O profesor shiko tani (i drejtohet Berish\u00ebs) ata kan\u00eb nj\u00eb arm\u00eb q\u00eb ne se kemi, ata kan\u00eb pacip\u00ebrin\u00eb, ata jan\u00eb t\u00eb pacip\u00eb.<\/span><\/p>\n<p><span style=\"color: #000000;\"><strong>Sali Berisha<\/strong>: Shum\u00eb e vertet\u00eb.<\/span><\/p>\n<p><span style=\"color: #000000;\"><strong>Edi Rama:<\/strong> Ti do t\u00eb b\u00ebsh kultur\u00eb, ata jan\u00eb te pacip\u00eb.<\/span><\/p>\n<p><span style=\"color: #000000;\"><strong>Sali Berisha<\/strong> : Absolutisht.<\/span><\/p>\n<p><span style=\"color: #000000;\"><strong>Edi Rama<\/strong>: Ai thot\u00eb shyqyr, e b\u00ebn budallain, deri n\u00eb fund s&#8217;ka turp.<\/span><\/p>\n<p><span style=\"color: #000000;\"><strong>Azem Hajdari<\/strong> : Un\u00eb\u2026<\/span><\/p>\n<p><span style=\"color: #000000;\"><strong>Edi Rama<\/strong>: Po sikur ta marrim fjalimin e atij ta zberthejm\u00eb, si qenka kjo pa lidhje, si na ndodhi kjo pun\u00eb kshu?<\/span><\/p>\n<p><span style=\"color: #000000;\"><strong>Sali Berisha:<\/strong> Jo shiko k\u00ebtu, po na nxorr\u00ebn pengesa, do t\u00eb jemi ultimativ.<\/span><\/p>\n<p><span style=\"color: #000000;\"><strong>Azem Hajdari<\/strong> : Un\u00eb\u2026do dal te sheshi, te Skend\u00ebrbeu, dhe me pushk\u00eb le t\u00eb na vrasin. Me ca t\u00eb dun, ne kena dal me vdek, ne n\u00eb \u00e7do miting q\u00eb shkoj, shkoj mos me u kthy ma. Shqip\u00ebrin\u00eb ta marri kush t\u00eb doj\u00eb ai q\u00eb jep\u2026 Por ama nj\u00eb gj\u00eb ta dini, ata s&#8217;na ndalojn\u00eb dot, e po luftojm\u00eb p\u00ebr t\u00eb vendos kultur\u00eb demokratike n\u00eb Shqip\u00ebri, po luftojm\u00eb p\u00ebr \u00e7\u00ebshtjen e Shqiptaris\u00eb e jo si\u00e7 thot\u00eb Enver Hoxha p\u00ebr 40-vjetorin e Konferenc\u00ebs s\u00eb Pez\u00ebs \u2026.\u201dpara nesh shtrohet \u00e7\u00ebshtja e pushtetit, do e marrim ne apo ata, e mor\u00ebm ne, na lumt\u00eb. Nes\u00eb jo, ne s\u2019kena pun\u00eb pushteti.<\/span><\/p>\n<p><span style=\"color: #000000;\"><strong>Edi Rama:<\/strong> Jo me jo, luft\u00eb p\u00ebr pushtet \u00ebsht\u00eb.<\/span><\/p>\n<p><span style=\"color: #000000;\"><strong>Azem Hajdari<\/strong>: Bie fjala, jo prit, pushtet n\u00eb interes t\u00eb shqiptaris\u00eb&#8230;<\/span><\/p>\n<p><span style=\"color: #000000;\"><strong>Edi Rama<\/strong>: Luft\u00eb p\u00ebr pushtet \u00ebsht\u00eb. \u00c7far\u00eb \u00ebsht\u00eb ajo? Pushteti, s\u2019diskutohet ajo pun\u00eb! Nuk meriton ai njeri. Ta thash\u00eb q\u00eb fillim, nuk meriton ai njeri, mos ja p\u00ebrmendni emrin m\u00eb.<\/span><\/p>\n<p><span style=\"color: #000000;\"><strong>Sali Berisha<\/strong> : Kush ia p\u00ebrmend emrin atij, n\u00eb asnj\u00eb miting, jo, vet\u00ebm n\u00eb mitingun themelues, n\u00eb asnj\u00eb miting tjet\u00ebr si \u00ebsht\u00eb p\u00ebrmend m\u00eb emri.<\/span><\/p>\n<p><span style=\"color: #000000;\"><strong>Azem Hajdari<\/strong> : Me d\u00ebgju n\u00eb mitingun e Shkodr\u00ebs\u2026<\/span><\/p>\n<p><span style=\"color: #000000;\"><strong>Edi Rama<\/strong>: Del thot\u00eb aty pa pik\u00eb turpi, Thot\u00eb q\u00eb jan\u00eb disa njer\u00ebz q\u00eb kan\u00eb programe\u2026<\/span><\/p>\n<p><span style=\"color: #000000;\"><strong>Azem Hajdari<\/strong>: n\u00eb Shkod\u00ebr i thashe un\u00eb\u2026<\/span><\/p>\n<p><span style=\"color: #000000;\"><strong>Edi Rama<\/strong>: Ska kuptim.<\/span><\/p>\n<p><span style=\"color: #000000;\"><strong>Berisha<\/strong>: N\u00eb asnj\u00eb menyr\u00eb s&#8217;ka kuptim, e di kur kishte kuptim, do kishte po t\u00eb thoshte populli, \u00ebsht\u00eb ba \u00e7a \u00ebsht\u00eb ba (b\u00ebr\u00eb). K\u00ebto jan\u00eb gabimet e bame, si politikan me eksperienc\u00eb q\u00eb jam, shk\u00ebputem nga funksioni q\u00eb kam, a po m\u00eb pranoni t\u00eb kontribuoj, p\u00ebr t\u00eb dh\u00ebn\u00eb nj\u00eb mund\u00ebsi\u2026<\/span><\/p>\n<p><span style=\"color: #000000;\"><strong>Edi Rama<\/strong>: Kush mor&#8230;kush me e bo.<\/span><\/p>\n<p><span style=\"color: #000000;\"><strong>Azem Hajdari<\/strong>: Ai ftoi gjith\u00eb komunistat shqiptar\u00eb n\u00eb konferenc\u00eb, dhe ia thash\u00eb n\u00eb Shkod\u00ebr e ka ba p\u00ebr udh\u00ebheqjen.<\/span><\/p>\n<p><span style=\"color: #000000;\"><strong>Sali Berisha:<\/strong> T\u00eb gjith\u00eb t\u00eb thot\u00eb, jemi fajtor\u00eb.<\/span><\/p>\n<p><span style=\"color: #000000;\"><strong>Edi Rama<\/strong>: Nj\u00eb gj\u00eb tjet\u00ebr, ti thu kan\u00eb bo gabim, ai s&#8217;thot\u00eb asnj\u00ebher\u00eb q\u00eb ka bo nj\u00eb gabim, un\u00eb s&#8217;di t\u00eb ket\u00eb p\u00ebrmend ndonj\u00eb gabim ai.<\/span><\/p>\n<p><span style=\"color: #000000;\"><strong>Azem Hajdari<\/strong> : Por prap\u00eb e ruajti n\u00eb Kushtetut\u00eb\u2026Burokratizmin nuk e lufton dot, burokratizmin e mes\u00ebm nuk e lufton dot, me brigadiera, ne luftojm\u00eb funksionar\u00ebt e lart\u00eb me ato qe kan\u00eb spekullu\u2026do t&#8217;i ruaj\u00eb k\u00ebto gjana, n\u00ebse e lufton shum\u00eb burokratizmin shoq\u00ebria shkat\u00ebrrohet.<\/span><\/p>\n<p><span style=\"color: #000000;\"><strong>Edi Rama<\/strong>; Un\u00eb imagjinoj vet\u00ebm nj\u00eb gj\u00eb, si b\u00ebhen ata kur shohin ato mitingje n\u00eb televizor, vet\u00ebm k\u00ebt\u00eb imagjinoj. Si b\u00ebhen ata kur shohin ato turma q\u00eb ngren\u00eb duart, k\u00ebt\u00eb m\u00eb thuaj.<\/span><\/p>\n<p><span style=\"color: #000000;\"><strong>Sali Berisha<\/strong>: Shiko \u00e7a b\u00ebjn\u00eb ata. P\u00ebr shkak t\u00eb nj\u00eb s\u00ebmundje, nuk dilja dot, nuk muaj, e n\u00eb Kavaj\u00eb m&#8217;u desh me dal n\u00eb miting, Nga dashuria dola, mezi dola, kur dola me t\u00eb v\u00ebrtet\u00eb m\u00eb merreshimn k\u00ebmb\u00ebt, t\u00eb them t\u00eb drejt\u00ebn, \u00e7a ban\u00eb kta. K\u00ebto kan\u00eb hap llafin \u00a0n\u00eb\u00a0 t\u00eb gjitha deg\u00ebt e brendshme se kam qen\u00eb i dehur n\u00eb Kavaj\u00eb dhe i jan\u00eb marr\u00eb k\u00ebmb\u00ebt.<\/span><\/p>\n<p><span style=\"color: #000000;\">\u2014\u2014\u2014\u2014\u2014\u2014\u2014\u2014\u2014\u2014\u2014\u2014\u2014\u2014\u2014\u2014\u2014\u2014\u2014\u2014\u2014\u2014\u2014\u2014\u2014\u2014\u2014\u2014-<\/span><\/p>\n<p><span style=\"color: #000000;\"><strong>Azem Hajdari: <\/strong>E di, e v\u00ebrtet\u00eb mezi dalim nga mitingu. A di si dalim nga mitingu. T\u00eb them un\u00eb si dalim d uhet me zbrit posht\u00eb e me lujt loj\u00ebn e mitingut, t\u00eb merr turma, t\u00eb hyp lart, ngre duart lart e t\u00eb p\u00ebrcjell dy mij\u00eb met\u00ebr n\u00eb shpin\u00eb, mua dje n\u00eb Shkoder me mor\u00ebn e m\u00eb p\u00ebrcoll\u00ebn, n\u00eb Elbasan t\u00eb nj\u00ebjt\u00ebn gj\u00eb..<\/span><\/p>\n<p><span style=\"color: #000000;\"><strong>Edi Rama<\/strong> : K\u00ebta e duan vet\u00ebm me forc\u00eb duan k\u00ebta asgj\u00eb tjeter.<\/span><\/p>\n<p><span style=\"color: #000000;\"><strong>Sali Shijaku<\/strong> : &#8230;duhet t\u00eb futen n\u00eb parlament 25 -30% ne parlament<\/span><\/p>\n<p><span style=\"color: #000000;\"><strong>Azem Hajdari<\/strong>: Me 10 shkurt thua ti? Nuk shkojm\u00eb fare.<\/span><\/p>\n<p><span style=\"color: #000000;\"><strong>Sali Shijaku<\/strong> : Edhe 4 vjet e dominon ai, me k\u00ebt\u00eb p\u00ebrb\u00ebrje, me k\u00ebt\u00eb fshatar\u00ebsi se gjith\u00eb propogand\u00ebn e ka n\u00eb dor\u00eb Partia Pun\u00ebs, pra 25 deri 30 % po mundet me fut.<\/span><\/p>\n<p><span style=\"color: #000000;\"><strong>Sali Berisha<\/strong> : Shikoni tani ky 10 dit\u00ebsh \u00ebsht\u00eb deciziv, t&#8217;i futemi p\u00ebrve\u00e7 fshatit k\u00ebto 10 dite sa t\u00eb mundemi me ba.<\/span><\/p>\n<p><span style=\"color: #000000;\"><strong>Edi Rama<\/strong>: Po k\u00ebtej s&#8217;do shkoni, Tepelena, Gjirokastra.<\/span><\/p>\n<p><span style=\"color: #000000;\"><strong>Sali Berisha<\/strong>: Tepelen\u00ebn e kemi mir\u00eb&#8230;<\/span><\/p>\n<p><span style=\"color: #000000;\"><strong>Edi Rama<\/strong> : Po Gjirokastr\u00ebn?<\/span><\/p>\n<p><span style=\"color: #000000;\"><strong>Azem Hajdari:<\/strong> O Sali po do shkojm\u00eb na k\u00ebrkon dhe baza&#8230;<\/span><\/p>\n<p><span style=\"color: #000000;\"><strong>Sali Berisha<\/strong> : Tepelen\u00eb dhe Sarand\u00eb nj\u00eb her\u00eb, pastaj Gjirokast\u00ebr&#8230;Shiko Pogradeci \u00ebsht\u00eb shum\u00eb i revoltuar se pse shkuem n\u00eb Kor\u00e7\u00eb e nuk shkuem n\u00eb Pogradec. Shiko si \u00ebsht\u00eb puna, ata k\u00ebrkojn\u00eb k\u00ebt\u00eb atyre, se provinca \u00ebsht\u00eb provinc\u00eb gjithmon\u00eb. Ato e din\u00eb q\u00eb u legalizue, por s&#8217;e besojn\u00eb qe e legalizuam\u2026<\/span><\/p>\n<p><span style=\"color: #000000;\"><strong>Sali Shijaku<\/strong>:\u2026ata kan\u00eb jetu n\u00eb bajga t\u00eb lop\u00ebs e thon\u00eb \u201crroft\u00eb Ramiz Alia\u2019, nuk din\u00eb gj\u00eb ata fare.<\/span><\/p>\n<p><span style=\"color: #000000;\"><strong>Sali Berisha<\/strong>: Shkodr\u00ebn e terrorrizuan ata.<\/span><\/p>\n<p><span style=\"color: #000000;\"><strong>Edi Rama<\/strong> : Nuk pyet Shkodra jo, shkodran\u00ebt s&#8217;pyesin.<\/span><\/p>\n<p><span style=\"color: #000000;\"><strong>Sali Shijaku<\/strong>: \u2026t\u00eb organizohet\u2026merr \u00e7una te rinj, t\u00eb paguajn\u00eb t\u00eb gjith\u00eb an\u00ebtar\u00ebt, t\u00eb mblidhni fonde, a i keni k\u00ebrku, i registroni, a i jepni ato letrat?<\/span><\/p>\n<p><span style=\"color: #000000;\"><strong>Sali Berisha<\/strong>: T\u00eb gjitha llogarit\u00eb e kush don me ndihmu, aty&#8230;<\/span><\/p>\n<p><span style=\"color: #000000;\"><strong>Sali Shijaku<\/strong>: K\u00ebto t\u00eb hidhen n\u00eb fonde p\u00ebr agjitacion dhe propagand\u00eb.<\/span><\/p>\n<p><span style=\"color: #000000;\"><strong>Edi Rama<\/strong> : O profesor (i drejtohet Berish\u00ebs) po Partin\u00eb e Pun\u00ebs s&#8217;do e sulmoni direkt me em\u00ebr, burokrat\u00ebt, burokrat\u00ebt, po Partin\u00eb e Pun\u00ebs direkt me em\u00ebr.<\/span><\/p>\n<p><span style=\"color: #000000;\"><strong>Azem Hajdari<\/strong>: N\u00eb miting&#8230;<\/span><\/p>\n<p><span style=\"color: #000000;\"><strong>Edi Rama<\/strong> : N\u00eb miting eee..Direkt me em\u00ebr Partia e Pun\u00ebs, edhe partia n\u00eb pushtet s&#8217;ka r\u00ebnd\u00ebsi.<\/span><\/p>\n<p><span style=\"color: #000000;\"><strong>Azem Hajdari<\/strong> : Me em\u00ebr, me em\u00ebr direkt.<\/span><\/p>\n<p><span style=\"color: #000000;\"><strong>Sali Berisha<\/strong> : Edhe dje&#8230; me em\u00ebr, bile thash\u00eb \u201csi\u00e7 ishte parimi i Enver Hoxh\u00ebs \u00a0me hang\u00ebr bar&#8221;, e thash\u00eb direkt me em\u00ebr.<\/span><\/p>\n<p><span style=\"color: #000000;\"><strong>Edi Rama <\/strong>: Ueee<\/span><\/p>\n<p><span style=\"color: #000000;\"><strong>Azem Hajdari<\/strong>: Po edhe dje thash\u00eb ai ka pas kult individi dhe kan\u00eb t\u00ebr\u00eb jet\u00ebn vet\u00ebm\u2026<\/span><\/p>\n<p><span style=\"color: #000000;\"><strong>Sali Berisha<\/strong> : Dhe na pengojn\u00eb, \u00e7far\u00eb t\u00eb b\u00ebsh vet\u00ebm me nj\u00eb makin\u00eb, ku t\u00eb shkosh m\u00eb par\u00eb tani, ne na duhen 5 makina, 10 makina minimuni, a kupto, p\u00ebr t&#8217;u shp\u00ebrnda.<\/span><\/p>\n<p><span style=\"color: #000000;\"><strong>Azem Hajdari<\/strong>: Q\u00eb t\u00eb shp\u00ebrndahen parullat&#8230;ca mendimi keni? Mendimi \u00ebsht\u00eb\u2026q\u00eb \u00ebsht\u00eb i prer\u00eb t\u00eb mblidhemi t\u00eb rrijm\u00eb aty , meq\u00eb \u00ebsht\u00eb dhe d\u00ebshira popullit. Aty t\u00eb rrijm\u00eb derisa t\u00eb mblidhet Kuvendi Popullor, mblidhemi te shpia jeme, s&#8217;ka njeri me ardh aty.<\/span><\/p>\n<p><span style=\"color: #000000;\"><strong>Sali Berisha<\/strong>: Shiko, dakord jam me ty por \u00ebsht\u00eb presidiumi apo kuvendi e ka k\u00ebt\u00eb n\u00eb dor\u00eb?<\/span><\/p>\n<p><span style=\"color: #000000;\"><strong>Azem Hajdari<\/strong> : Po presidiumi e ka.<\/span><\/p>\n<p><span style=\"color: #000000;\"><strong>Sali Berisha:<\/strong> Presidiumi \u00ebsht\u00eb nj\u00eb organ\u00a0 aq konservator \u00a0e regresiv sa q\u00eb s&#8217;e imagjinoni dot.<\/span><\/p>\n<p><span style=\"color: #000000;\"><strong>Azem Hajdari:<\/strong> Do presim aty deri kur t\u00eb vijm\u00eb organizatat e partis\u00eb, ushtri aty t\u00eb vijn\u00eb t\u00eb jepet urdhni, t\u00eb vijn\u00eb perfaq\u00ebsuesit.<\/span><\/p>\n<p><span style=\"color: #000000;\"><strong>Edi Rama<\/strong> : Po ta b\u00ebsh n\u00eb\u2026mund t\u00eb jet\u00eb e rrezikshme, por n\u00ebse behet mitingu plot, kush do vij\u00eb t\u00eb nd\u00ebrhyj\u00eb po t\u00eb jen\u00eb 80 mij\u00eb vet\u00eb, kush do vij\u00eb, me 80 mij\u00eb vet\u00eb k\u00ebtu nuk l\u00ebvizim, kush do vij\u00eb t\u00eb prishi pun\u00eb. K\u00ebtu nuk l\u00ebvizim, po ta marrin vesh \u00ebsht\u00eb frik\u00eb pastaj. nd\u00ebrhyjn\u00eb po ta marrin vesh para, aty \u00ebsht\u00eb frik\u00eb.<\/span><\/p>\n<p><span style=\"color: #000000;\"><strong>Azem Hajdari:<\/strong> Aty do jemi.<\/span><\/p>\n<p><span style=\"color: #000000;\"><strong>Edi Rama<\/strong>: Pas mitingut pastaj&#8230;<\/span><\/p>\n<p><span style=\"color: #000000;\"><strong>Azem Hajdari:<\/strong> Shefi policis\u00eb Tiran\u00eb ka deklarue q\u00eb jap dor\u00ebheqjen nga Partia e Pun\u00ebs, shefi policis\u00eb.<\/span><\/p>\n<p><span style=\"color: #000000;\"><strong>Sali Berisha<\/strong>: Po po, ka dhan\u00eb intervist\u00eb, po po.<\/span><\/p>\n<p><span style=\"color: #000000;\"><strong>Edi Rama<\/strong>\u00a0: Pash Zotin.<\/span><\/p>\n","protected":false,"gt_translate_keys":[{"key":"rendered","format":"html"}]},"excerpt":{"rendered":"<p>N\u00eb emisionin \u201cOpinion\u201d \u00ebsht\u00eb publikuar nj\u00eb regjistrimi t\u00eb ve\u00e7ant\u00eb, q\u00eb i p\u00ebrket dhjetorit t\u00eb vitit 1990. N\u00eb k\u00ebt\u00eb regjistrim d\u00ebgjohet nj\u00eb dialog mes Sali Berish\u00ebs, Edi Ram\u00ebs dhe Azem Hajdarit. T\u00eb tre s\u00eb bashku m\u00eb piktorin Sali Shijaku jan\u00eb gjendur n\u00eb studion e nj\u00eb tjet\u00ebr piktori t\u00eb njohur t\u00eb koh\u00ebs, Ramadan Karanxha. Regjistrimi \u00ebsht\u00eb b\u00ebr\u00eb [&hellip;]<\/p>\n","protected":false,"gt_translate_keys":[{"key":"rendered","format":"html"}]},"author":32,"featured_media":571529,"comment_status":"closed","ping_status":"closed","sticky":false,"template":"","format":"standard","meta":{"footnotes":""},"categories":[22,65,13],"tags":[],"class_list":["post-571528","post","type-post","status-publish","format-standard","has-post-thumbnail","hentry","category-ballina","category-lajme","category-te-fundit"],"gt_translate_keys":[{"key":"link","format":"url"}],"_links":{"self":[{"href":"https:\/\/www.hashtag.al\/index.php\/wp-json\/wp\/v2\/posts\/571528","targetHints":{"allow":["GET"]}}],"collection":[{"href":"https:\/\/www.hashtag.al\/index.php\/wp-json\/wp\/v2\/posts"}],"about":[{"href":"https:\/\/www.hashtag.al\/index.php\/wp-json\/wp\/v2\/types\/post"}],"author":[{"embeddable":true,"href":"https:\/\/www.hashtag.al\/index.php\/wp-json\/wp\/v2\/users\/32"}],"replies":[{"embeddable":true,"href":"https:\/\/www.hashtag.al\/index.php\/wp-json\/wp\/v2\/comments?post=571528"}],"version-history":[{"count":0,"href":"https:\/\/www.hashtag.al\/index.php\/wp-json\/wp\/v2\/posts\/571528\/revisions"}],"wp:featuredmedia":[{"embeddable":true,"href":"https:\/\/www.hashtag.al\/index.php\/wp-json\/wp\/v2\/media\/571529"}],"wp:attachment":[{"href":"https:\/\/www.hashtag.al\/index.php\/wp-json\/wp\/v2\/media?parent=571528"}],"wp:term":[{"taxonomy":"category","embeddable":true,"href":"https:\/\/www.hashtag.al\/index.php\/wp-json\/wp\/v2\/categories?post=571528"},{"taxonomy":"post_tag","embeddable":true,"href":"https:\/\/www.hashtag.al\/index.php\/wp-json\/wp\/v2\/tags?post=571528"}],"curies":[{"name":"wp","href":"https:\/\/api.w.org\/{rel}","templated":true}]}}