{"id":571460,"date":"2023-01-05T15:33:02","date_gmt":"2023-01-05T14:33:02","guid":{"rendered":"https:\/\/www.hashtag.al\/?p=571460"},"modified":"2023-01-05T16:58:21","modified_gmt":"2023-01-05T15:58:21","slug":"kosova-lejon-viziten-e-patriarkut-serb-per-krishtlindjen-e-7-janarit","status":"publish","type":"post","link":"https:\/\/www.hashtag.al\/index.php\/2023\/01\/05\/kosova-lejon-viziten-e-patriarkut-serb-per-krishtlindjen-e-7-janarit\/","title":{"rendered":"Kosova lejon vizit\u00ebn e Patriarkut serb p\u00ebr Krishtlindjen e 7 janarit","gt_translate_keys":[{"key":"rendered","format":"text"}]},"content":{"rendered":"<p><img loading=\"lazy\" decoding=\"async\" class=\"aligncenter wp-image-571462 size-full\" src=\"https:\/\/www.hashtag.al\/wp-content\/uploads\/2023\/01\/prf-scaled.jpg\" alt=\"\" width=\"2560\" height=\"1707\" srcset=\"https:\/\/www.hashtag.al\/wp-content\/uploads\/2023\/01\/prf-scaled.jpg 2560w, https:\/\/www.hashtag.al\/wp-content\/uploads\/2023\/01\/prf-300x200.jpg 300w, https:\/\/www.hashtag.al\/wp-content\/uploads\/2023\/01\/prf-1024x683.jpg 1024w, https:\/\/www.hashtag.al\/wp-content\/uploads\/2023\/01\/prf-768x512.jpg 768w, https:\/\/www.hashtag.al\/wp-content\/uploads\/2023\/01\/prf-1536x1024.jpg 1536w, https:\/\/www.hashtag.al\/wp-content\/uploads\/2023\/01\/prf-2048x1365.jpg 2048w\" sizes=\"auto, (max-width: 2560px) 100vw, 2560px\" \/><\/p>\n<p><span style=\"color: #000000;\">Patriarkut t\u00eb Kish\u00ebs Ortodokse Serbe, Porfirije, i \u00ebsht\u00eb lejuar q\u00eb t\u00eb vizitoj\u00eb Kosov\u00ebn, pasi m\u00eb 7 janar festohet Krishtlindja Ortodokse dhe patriarku d\u00ebshiron t\u00eb jet\u00eb pjes\u00eb e organizimeve dhe p\u00ebrgatitjeve n\u00eb lidhje me k\u00ebt\u00eb rast.<\/span><\/p>\n<p><span style=\"color: #000000;\">Patriarku Porfirije \u00ebsht\u00eb lejuar pas nj\u00eb k\u00ebrkese zyrtare q\u00eb i shkroi ministrit p\u00ebr Kthim dhe Komunitete, Nenas Rashi\u00e7it.<\/span><\/p>\n<p><span style=\"color: #000000;\"> Patriarku ka lajm\u00ebruar se do shkoj\u00eb\u00a0i pashoq\u00ebruar nga truprojat e tij. Kjo \u00ebsht\u00eb nj\u00eb form\u00eb e zgjedhur nga vet\u00eb ai p\u00ebr t\u00eb zhdukur tensionet q\u00eb kan\u00eb ndodhur k\u00ebt\u00eb muaj midis Serbis\u00eb dhe Kosov\u00ebs dhe p\u00ebr t\u00eb treguar q\u00eb Kosova \u00ebsht\u00eb nj\u00eb shtet i sigurt.<\/span><\/p>\n","protected":false,"gt_translate_keys":[{"key":"rendered","format":"html"}]},"excerpt":{"rendered":"<p>Patriarkut t\u00eb Kish\u00ebs Ortodokse Serbe, Porfirije, i \u00ebsht\u00eb lejuar q\u00eb t\u00eb vizitoj\u00eb Kosov\u00ebn, pasi m\u00eb 7 janar festohet Krishtlindja Ortodokse dhe patriarku d\u00ebshiron t\u00eb jet\u00eb pjes\u00eb e organizimeve dhe p\u00ebrgatitjeve n\u00eb lidhje me k\u00ebt\u00eb rast. Patriarku Porfirije \u00ebsht\u00eb lejuar pas nj\u00eb k\u00ebrkese zyrtare q\u00eb i shkroi ministrit p\u00ebr Kthim dhe Komunitete, Nenas Rashi\u00e7it. Patriarku ka [&hellip;]<\/p>\n","protected":false,"gt_translate_keys":[{"key":"rendered","format":"html"}]},"author":30,"featured_media":571462,"comment_status":"closed","ping_status":"closed","sticky":false,"template":"","format":"standard","meta":{"footnotes":""},"categories":[149],"tags":[],"class_list":["post-571460","post","type-post","status-publish","format-standard","has-post-thumbnail","hentry","category-kosoverajon"],"gt_translate_keys":[{"key":"link","format":"url"}],"_links":{"self":[{"href":"https:\/\/www.hashtag.al\/index.php\/wp-json\/wp\/v2\/posts\/571460","targetHints":{"allow":["GET"]}}],"collection":[{"href":"https:\/\/www.hashtag.al\/index.php\/wp-json\/wp\/v2\/posts"}],"about":[{"href":"https:\/\/www.hashtag.al\/index.php\/wp-json\/wp\/v2\/types\/post"}],"author":[{"embeddable":true,"href":"https:\/\/www.hashtag.al\/index.php\/wp-json\/wp\/v2\/users\/30"}],"replies":[{"embeddable":true,"href":"https:\/\/www.hashtag.al\/index.php\/wp-json\/wp\/v2\/comments?post=571460"}],"version-history":[{"count":0,"href":"https:\/\/www.hashtag.al\/index.php\/wp-json\/wp\/v2\/posts\/571460\/revisions"}],"wp:featuredmedia":[{"embeddable":true,"href":"https:\/\/www.hashtag.al\/index.php\/wp-json\/wp\/v2\/media\/571462"}],"wp:attachment":[{"href":"https:\/\/www.hashtag.al\/index.php\/wp-json\/wp\/v2\/media?parent=571460"}],"wp:term":[{"taxonomy":"category","embeddable":true,"href":"https:\/\/www.hashtag.al\/index.php\/wp-json\/wp\/v2\/categories?post=571460"},{"taxonomy":"post_tag","embeddable":true,"href":"https:\/\/www.hashtag.al\/index.php\/wp-json\/wp\/v2\/tags?post=571460"}],"curies":[{"name":"wp","href":"https:\/\/api.w.org\/{rel}","templated":true}]}}