{"id":571173,"date":"2023-01-03T17:15:29","date_gmt":"2023-01-03T16:15:29","guid":{"rendered":"https:\/\/www.hashtag.al\/?p=571173"},"modified":"2023-01-03T17:16:29","modified_gmt":"2023-01-03T16:16:29","slug":"mccarthy-po-lufton-per-te-qene-drejtues-i-kongresit-perplasje-mes-republikaneve-para-votimit","status":"publish","type":"post","link":"https:\/\/www.hashtag.al\/index.php\/2023\/01\/03\/mccarthy-po-lufton-per-te-qene-drejtues-i-kongresit-perplasje-mes-republikaneve-para-votimit\/","title":{"rendered":"McCarthy po lufton p\u00ebr t\u00eb qen\u00eb drejtues i Kongresit, p\u00ebrplasje mes republikan\u00ebve para votimit","gt_translate_keys":[{"key":"rendered","format":"text"}]},"content":{"rendered":"<p><span style=\"color: #000000;\"><a href=\"https:\/\/www.hashtag.al\/wp-content\/uploads\/2023\/01\/mc-carthy.png\"><img loading=\"lazy\" decoding=\"async\" class=\"aligncenter size-full wp-image-571174\" src=\"https:\/\/www.hashtag.al\/wp-content\/uploads\/2023\/01\/mc-carthy.png\" alt=\"\" width=\"1197\" height=\"782\" srcset=\"https:\/\/www.hashtag.al\/wp-content\/uploads\/2023\/01\/mc-carthy.png 1197w, https:\/\/www.hashtag.al\/wp-content\/uploads\/2023\/01\/mc-carthy-300x196.png 300w, https:\/\/www.hashtag.al\/wp-content\/uploads\/2023\/01\/mc-carthy-1024x669.png 1024w, https:\/\/www.hashtag.al\/wp-content\/uploads\/2023\/01\/mc-carthy-768x502.png 768w\" sizes=\"auto, (max-width: 1197px) 100vw, 1197px\" \/><\/a><\/span><\/p>\n<p><span style=\"color: #000000;\">Republikan\u00ebt e Dhom\u00ebs s\u00eb P\u00ebrfaq\u00ebsuesve krijuan kaos t\u00eb mart\u00ebn n\u00eb dit\u00ebn e hapjes s\u00eb Kongresit t\u00eb ri, me liderin e GOP, Kevin McCarthy, duke u p\u00ebrplasur pas dyerve t\u00eb mbyllura me nj\u00eb grup konservator\u00ebsh t\u00eb krahut t\u00eb djatht\u00eb, t\u00eb cil\u00ebt po refuzojn\u00eb t&#8217;i japin votat e tyre p\u00ebr t&#8217;u b\u00ebr\u00eb kryetar i Dhom\u00ebs, raporton <span style=\"color: #0000ff;\"><a style=\"color: #0000ff;\" href=\"https:\/\/apnews.com\/article\/biden-politics-us-republican-party-united-states-house-of-representatives-kevin-mccarthy-8b1d6cdf0d75dfc95b195c301f9ae344?utm_source=homepage&amp;utm_medium=TopNews&amp;utm_campaign=position_02\">AP<\/a><\/span>.<\/span><\/p>\n<p><span style=\"color: #000000;\">Edhe para mbledhjes s\u00eb Kongresit, skena q\u00eb luhej n\u00eb Capitol Hill ishte nj\u00eb sken\u00eb me trazira dhe pasiguri. Ng\u00ebr\u00e7i do t\u00eb thot\u00eb se McCarthy, pasi e kishte udh\u00ebhequr partin\u00eb e tij drejt nj\u00eb mazhorance t\u00eb ngusht\u00eb republikane, po p\u00ebrpiqej p\u00ebr mbijetes\u00ebn e tij politike, duke u p\u00ebrpjekur t\u00eb shmangte t\u00eb qenit i pari i nominuar p\u00ebr kryeparlamentar n\u00eb 100 vjet q\u00eb nuk arriti t\u00eb fitonte nj\u00eb vot\u00eb fillestare n\u00eb seanc\u00ebn e votimit.<\/span><\/p>\n<p><span style=\"color: #000000;\">McCarthy mb\u00ebrriti n\u00eb nj\u00eb takim me dyer t\u00eb mbyllura t\u00eb republikan\u00ebve t\u00eb Dhom\u00ebs s\u00eb P\u00ebrfaq\u00ebsuesve dhe u zotua t\u00eb luftoj\u00eb deri n\u00eb fund &#8211; edhe n\u00ebse duhen p\u00ebrpjekje t\u00eb shumta n\u00eb nj\u00eb spektak\u00ebl publik me t\u00eb drejtuesve t\u00eb lart\u00eb q\u00eb do t\u00eb vinte n\u00eb dukje ndarjet n\u00eb partin\u00eb e tij dhe do t\u00eb dob\u00ebsonte udh\u00ebheqjen e saj n\u00eb dit\u00ebt e para t\u00eb Kongresit t\u00eb ri .<\/span><\/p>\n<p><span style=\"color: #000000;\">McCarthy \u00ebsht\u00eb n\u00eb radh\u00eb p\u00ebr t\u00eb z\u00ebvend\u00ebsuar kryetaren Nancy Pelosi, por ai shkon n\u00eb votim pa asnj\u00eb garanci p\u00ebr sukses. Ai p\u00ebrballet me kund\u00ebrshtar\u00eb t\u00eb vjet\u00ebr brenda radh\u00ebve t\u00eb tij. Pavar\u00ebsisht p\u00ebrpjekjeve p\u00ebr t&#8217;i mashtruar, ngacmuar dhe p\u00ebr t&#8217;i fituar &#8211; edhe me nj\u00eb miratim nga ish-presidenti Donald Trump &#8211; McCarthy nuk ia ka dal\u00eb t\u00eb marr\u00eb p\u00eblqimin e tyre.<\/span><\/p>\n","protected":false,"gt_translate_keys":[{"key":"rendered","format":"html"}]},"excerpt":{"rendered":"<p>Republikan\u00ebt e Dhom\u00ebs s\u00eb P\u00ebrfaq\u00ebsuesve krijuan kaos t\u00eb mart\u00ebn n\u00eb dit\u00ebn e hapjes s\u00eb Kongresit t\u00eb ri, me liderin e GOP, Kevin McCarthy, duke u p\u00ebrplasur pas dyerve t\u00eb mbyllura me nj\u00eb grup konservator\u00ebsh t\u00eb krahut t\u00eb djatht\u00eb, t\u00eb cil\u00ebt po refuzojn\u00eb t&#8217;i japin votat e tyre p\u00ebr t&#8217;u b\u00ebr\u00eb kryetar i Dhom\u00ebs, raporton AP. [&hellip;]<\/p>\n","protected":false,"gt_translate_keys":[{"key":"rendered","format":"html"}]},"author":32,"featured_media":571174,"comment_status":"closed","ping_status":"closed","sticky":false,"template":"","format":"standard","meta":{"footnotes":""},"categories":[6,13],"tags":[],"class_list":["post-571173","post","type-post","status-publish","format-standard","has-post-thumbnail","hentry","category-nderkombetare","category-te-fundit"],"gt_translate_keys":[{"key":"link","format":"url"}],"_links":{"self":[{"href":"https:\/\/www.hashtag.al\/index.php\/wp-json\/wp\/v2\/posts\/571173","targetHints":{"allow":["GET"]}}],"collection":[{"href":"https:\/\/www.hashtag.al\/index.php\/wp-json\/wp\/v2\/posts"}],"about":[{"href":"https:\/\/www.hashtag.al\/index.php\/wp-json\/wp\/v2\/types\/post"}],"author":[{"embeddable":true,"href":"https:\/\/www.hashtag.al\/index.php\/wp-json\/wp\/v2\/users\/32"}],"replies":[{"embeddable":true,"href":"https:\/\/www.hashtag.al\/index.php\/wp-json\/wp\/v2\/comments?post=571173"}],"version-history":[{"count":0,"href":"https:\/\/www.hashtag.al\/index.php\/wp-json\/wp\/v2\/posts\/571173\/revisions"}],"wp:featuredmedia":[{"embeddable":true,"href":"https:\/\/www.hashtag.al\/index.php\/wp-json\/wp\/v2\/media\/571174"}],"wp:attachment":[{"href":"https:\/\/www.hashtag.al\/index.php\/wp-json\/wp\/v2\/media?parent=571173"}],"wp:term":[{"taxonomy":"category","embeddable":true,"href":"https:\/\/www.hashtag.al\/index.php\/wp-json\/wp\/v2\/categories?post=571173"},{"taxonomy":"post_tag","embeddable":true,"href":"https:\/\/www.hashtag.al\/index.php\/wp-json\/wp\/v2\/tags?post=571173"}],"curies":[{"name":"wp","href":"https:\/\/api.w.org\/{rel}","templated":true}]}}