{"id":571079,"date":"2022-12-31T19:34:48","date_gmt":"2022-12-31T18:34:48","guid":{"rendered":"https:\/\/www.hashtag.al\/?p=571079"},"modified":"2022-12-31T19:34:48","modified_gmt":"2022-12-31T18:34:48","slug":"meta-gezuar-vitin-e-ndryshimit","status":"publish","type":"post","link":"https:\/\/www.hashtag.al\/index.php\/2022\/12\/31\/meta-gezuar-vitin-e-ndryshimit\/","title":{"rendered":"Meta: G\u00ebzuar Vitin e Ndryshimit","gt_translate_keys":[{"key":"rendered","format":"text"}]},"content":{"rendered":"<p><span style=\"color: #000000;\"><a style=\"color: #000000;\" href=\"https:\/\/www.hashtag.al\/wp-content\/uploads\/2022\/12\/auto_ilir_meta1672510576.png\"><img loading=\"lazy\" decoding=\"async\" class=\"aligncenter size-full wp-image-571080\" src=\"https:\/\/www.hashtag.al\/wp-content\/uploads\/2022\/12\/auto_ilir_meta1672510576.png\" alt=\"\" width=\"900\" height=\"497\" srcset=\"https:\/\/www.hashtag.al\/wp-content\/uploads\/2022\/12\/auto_ilir_meta1672510576.png 900w, https:\/\/www.hashtag.al\/wp-content\/uploads\/2022\/12\/auto_ilir_meta1672510576-300x166.png 300w, https:\/\/www.hashtag.al\/wp-content\/uploads\/2022\/12\/auto_ilir_meta1672510576-768x424.png 768w, https:\/\/www.hashtag.al\/wp-content\/uploads\/2022\/12\/auto_ilir_meta1672510576-750x415.png 750w\" sizes=\"auto, (max-width: 900px) 100vw, 900px\" \/><\/a><\/span><\/p>\n<p><span style=\"color: #000000;\">Kryetari i Partis\u00eb s\u00eb Liris\u00eb, Ilir Meta ka uruar shqiptar\u00ebt me rastin e Vitit t\u00eb Ri.<\/span><\/p>\n<p><span style=\"color: #000000;\">Ish-Presidenti ka publikuar n\u00eb rrjete sociale nj\u00eb video mesazh me urimin e tij.<\/span><\/p>\n<p><span style=\"color: #000000;\">Ai thot\u00eb se ky vit q\u00eb vjen do t\u00eb jet\u00eb viti i ndryshimit.<\/span><\/p>\n<p><span style=\"color: #000000;\">\u201c<em>T\u00eb dashur qytetar\u00eb, motra dhe v\u00ebllez\u00ebr, bashk\u00ebkombas kudo ku jeni. N\u00eb prag t\u00eb nd\u00ebrrimit t\u00eb viteve dhe afrimit t\u00eb Vitit t\u00eb Ri 2023, kam k\u00ebnaq\u00ebsin\u00eb q\u00eb s\u00eb bashku me k\u00ebt\u00eb ekip t\u00eb rinjsh e t\u00eb rejash t\u00eb mrekulluesh\u00ebm nga selia e Partis\u00eb s\u00eb Liris\u00eb t\u2019ju urojm\u00eb G\u00ebzuar Vitin e Ri 2023. G\u00ebzuar Vitin e Ndryshimit!\u201d-<\/em>shkruan Meta.<\/span><\/p>\n<p><iframe loading=\"lazy\" style=\"border: none; overflow: hidden;\" src=\"https:\/\/www.facebook.com\/plugins\/video.php?href=https%3A%2F%2Fwww.facebook.com%2Filirmetazyrtar%2Fvideos%2F3457824701160039%2F&amp;show_text=0&amp;width=560\" width=\"560\" height=\"315\" frameborder=\"0\" scrolling=\"no\" allowfullscreen=\"allowfullscreen\"><\/iframe><\/p>\n","protected":false,"gt_translate_keys":[{"key":"rendered","format":"html"}]},"excerpt":{"rendered":"<p>Kryetari i Partis\u00eb s\u00eb Liris\u00eb, Ilir Meta ka uruar shqiptar\u00ebt me rastin e Vitit t\u00eb Ri. Ish-Presidenti ka publikuar n\u00eb rrjete sociale nj\u00eb video mesazh me urimin e tij. Ai thot\u00eb se ky vit q\u00eb vjen do t\u00eb jet\u00eb viti i ndryshimit. \u201cT\u00eb dashur qytetar\u00eb, motra dhe v\u00ebllez\u00ebr, bashk\u00ebkombas kudo ku jeni. N\u00eb prag t\u00eb [&hellip;]<\/p>\n","protected":false,"gt_translate_keys":[{"key":"rendered","format":"html"}]},"author":32,"featured_media":571080,"comment_status":"closed","ping_status":"closed","sticky":false,"template":"","format":"standard","meta":{"footnotes":""},"categories":[65,13],"tags":[],"class_list":["post-571079","post","type-post","status-publish","format-standard","has-post-thumbnail","hentry","category-lajme","category-te-fundit"],"gt_translate_keys":[{"key":"link","format":"url"}],"_links":{"self":[{"href":"https:\/\/www.hashtag.al\/index.php\/wp-json\/wp\/v2\/posts\/571079","targetHints":{"allow":["GET"]}}],"collection":[{"href":"https:\/\/www.hashtag.al\/index.php\/wp-json\/wp\/v2\/posts"}],"about":[{"href":"https:\/\/www.hashtag.al\/index.php\/wp-json\/wp\/v2\/types\/post"}],"author":[{"embeddable":true,"href":"https:\/\/www.hashtag.al\/index.php\/wp-json\/wp\/v2\/users\/32"}],"replies":[{"embeddable":true,"href":"https:\/\/www.hashtag.al\/index.php\/wp-json\/wp\/v2\/comments?post=571079"}],"version-history":[{"count":0,"href":"https:\/\/www.hashtag.al\/index.php\/wp-json\/wp\/v2\/posts\/571079\/revisions"}],"wp:featuredmedia":[{"embeddable":true,"href":"https:\/\/www.hashtag.al\/index.php\/wp-json\/wp\/v2\/media\/571080"}],"wp:attachment":[{"href":"https:\/\/www.hashtag.al\/index.php\/wp-json\/wp\/v2\/media?parent=571079"}],"wp:term":[{"taxonomy":"category","embeddable":true,"href":"https:\/\/www.hashtag.al\/index.php\/wp-json\/wp\/v2\/categories?post=571079"},{"taxonomy":"post_tag","embeddable":true,"href":"https:\/\/www.hashtag.al\/index.php\/wp-json\/wp\/v2\/tags?post=571079"}],"curies":[{"name":"wp","href":"https:\/\/api.w.org\/{rel}","templated":true}]}}