{"id":570932,"date":"2022-12-30T19:53:38","date_gmt":"2022-12-30T18:53:38","guid":{"rendered":"https:\/\/www.hashtag.al\/?p=570932"},"modified":"2022-12-30T19:53:38","modified_gmt":"2022-12-30T18:53:38","slug":"kurti-nuk-pati-marreveshje-te-fshehte-per-heqjen-e-barrikadave-garancia-e-vetme-ishte-qe-nuk-kishim-liste-arrestimesh","status":"publish","type":"post","link":"https:\/\/www.hashtag.al\/index.php\/2022\/12\/30\/kurti-nuk-pati-marreveshje-te-fshehte-per-heqjen-e-barrikadave-garancia-e-vetme-ishte-qe-nuk-kishim-liste-arrestimesh\/","title":{"rendered":"Kurti: Nuk pati marr\u00ebveshje t\u00eb fsheht\u00eb p\u00ebr heqjen e barrikadave, garancia e vetme ishte q\u00eb nuk kishim list\u00eb arrestimesh","gt_translate_keys":[{"key":"rendered","format":"text"}]},"content":{"rendered":"<p><span style=\"color: #000000;\"><a style=\"color: #000000;\" href=\"https:\/\/www.hashtag.al\/wp-content\/uploads\/2022\/12\/albin-kurti.png\"><img loading=\"lazy\" decoding=\"async\" class=\"aligncenter size-full wp-image-570933\" src=\"https:\/\/www.hashtag.al\/wp-content\/uploads\/2022\/12\/albin-kurti.png\" alt=\"\" width=\"1249\" height=\"716\" srcset=\"https:\/\/www.hashtag.al\/wp-content\/uploads\/2022\/12\/albin-kurti.png 1249w, https:\/\/www.hashtag.al\/wp-content\/uploads\/2022\/12\/albin-kurti-300x172.png 300w, https:\/\/www.hashtag.al\/wp-content\/uploads\/2022\/12\/albin-kurti-1024x587.png 1024w, https:\/\/www.hashtag.al\/wp-content\/uploads\/2022\/12\/albin-kurti-768x440.png 768w\" sizes=\"auto, (max-width: 1249px) 100vw, 1249px\" \/><\/a><\/span><\/p>\n<p><span style=\"color: #000000;\">Kryeministri i Kosov\u00ebs Albin Kurti n\u00eb nj\u00eb intervist\u00eb p\u00ebr KosovaPress deklaroi se nuk ka pasur asnj\u00eb marr\u00ebveshje t\u00eb fsheht\u00eb me Serbin\u00eb p\u00ebr largimin e barrikadave n\u00eb veri.<\/span><\/p>\n<p><span style=\"color: #000000;\">Ai theksoi se garancia e vetme q\u00eb i kan\u00eb dh\u00ebn\u00eb nd\u00ebrkomb\u00ebtar\u00ebve ka qen\u00eb se s\u2019ka lista p\u00ebr arrestime n\u00eb veri.<\/span><\/p>\n<p><span style=\"color: #000000;\">Kreu qeveritar e mohon kategorikisht se ka dh\u00ebn\u00eb garanci p\u00ebr themelimin e Asociacionit t\u00eb komunave me shumic\u00eb serbe.<\/span><\/p>\n<p><span style=\"color: #000000;\">Kurti shtoi se p\u00ebr \u00e7tensionimin e situat\u00ebs n\u00eb veri ka pasur takime vet\u00ebm me KFOR-in, EULEX-in dhe ambasador\u00ebt e QUNIT-it, ve\u00e7mas at\u00eb amerikan.<\/span><\/p>\n<p><span style=\"color: #000000;\">Dit\u00ebt e fundit ka pasur angazhim t\u00eb shtuar t\u00eb tyre p\u00ebr largimin e barrikadave, pasi Policia e Kosov\u00ebs ka treguar vendosm\u00ebrin\u00eb p\u00ebr t\u2019i larguar ato.<\/span><\/p>\n<p><span style=\"color: #000000;\">\u201c<em>Nuk ka pasur kurrfar\u00eb marr\u00ebveshje t\u00eb fsheht\u00eb. Ka pasur takime me KFOR-in dhe ka pasur takime me EULEX dhe ka pasur takime me ambasador\u00ebt e QUINT-it, n\u00eb ve\u00e7anti me at\u00eb t\u00eb ShBA-s\u00eb. Meq\u00eb rast ne vazhdimisht kemi th\u00ebn\u00eb se durimi i qytetar\u00ebve dhe qeveris\u00eb po shteron, andaj ne japim ca m\u00eb shum\u00eb koh\u00eb dhe ca m\u00eb shum\u00eb hap\u00ebsir\u00eb KFOR-it, por kjo nuk mund t\u00eb jet\u00eb e pafundme. Por gjithashtu, nga takimet q\u00eb kemi pasur kemi filluar t\u00eb v\u00ebrejm\u00eb angazhimin e tyre t\u00eb shtuar drejt largimit t\u00eb atyre barrikadave, andaj n\u00eb dit\u00ebn e diel e pat\u00ebm th\u00ebn\u00eb se \u00ebsht\u00eb \u00e7\u00ebshtje dit\u00ebsh se kur do t\u00eb largoheshin k\u00ebto barrikada. N\u00ebse nuk do t\u00eb largoheshin nga KFOR-i at\u00ebher\u00eb do t\u00eb detyrohej Policia e Kosov\u00ebs ta b\u00ebnte k\u00ebt\u00eb. Ajo mua m\u00eb ka bindur drejtp\u00ebrdrejt\u00eb kur i kam vizatuar se e ka jo vet\u00ebm vullnetin por edhe kapacitetet p\u00ebr largim efikas t\u00eb atyre barrikadave<\/em>\u201d-deklaroi Kurti<\/span><\/p>\n","protected":false,"gt_translate_keys":[{"key":"rendered","format":"html"}]},"excerpt":{"rendered":"<p>Kryeministri i Kosov\u00ebs Albin Kurti n\u00eb nj\u00eb intervist\u00eb p\u00ebr KosovaPress deklaroi se nuk ka pasur asnj\u00eb marr\u00ebveshje t\u00eb fsheht\u00eb me Serbin\u00eb p\u00ebr largimin e barrikadave n\u00eb veri. Ai theksoi se garancia e vetme q\u00eb i kan\u00eb dh\u00ebn\u00eb nd\u00ebrkomb\u00ebtar\u00ebve ka qen\u00eb se s\u2019ka lista p\u00ebr arrestime n\u00eb veri. Kreu qeveritar e mohon kategorikisht se ka dh\u00ebn\u00eb [&hellip;]<\/p>\n","protected":false,"gt_translate_keys":[{"key":"rendered","format":"html"}]},"author":32,"featured_media":570933,"comment_status":"closed","ping_status":"closed","sticky":false,"template":"","format":"standard","meta":{"footnotes":""},"categories":[149,13],"tags":[],"class_list":["post-570932","post","type-post","status-publish","format-standard","has-post-thumbnail","hentry","category-kosoverajon","category-te-fundit"],"gt_translate_keys":[{"key":"link","format":"url"}],"_links":{"self":[{"href":"https:\/\/www.hashtag.al\/index.php\/wp-json\/wp\/v2\/posts\/570932","targetHints":{"allow":["GET"]}}],"collection":[{"href":"https:\/\/www.hashtag.al\/index.php\/wp-json\/wp\/v2\/posts"}],"about":[{"href":"https:\/\/www.hashtag.al\/index.php\/wp-json\/wp\/v2\/types\/post"}],"author":[{"embeddable":true,"href":"https:\/\/www.hashtag.al\/index.php\/wp-json\/wp\/v2\/users\/32"}],"replies":[{"embeddable":true,"href":"https:\/\/www.hashtag.al\/index.php\/wp-json\/wp\/v2\/comments?post=570932"}],"version-history":[{"count":0,"href":"https:\/\/www.hashtag.al\/index.php\/wp-json\/wp\/v2\/posts\/570932\/revisions"}],"wp:featuredmedia":[{"embeddable":true,"href":"https:\/\/www.hashtag.al\/index.php\/wp-json\/wp\/v2\/media\/570933"}],"wp:attachment":[{"href":"https:\/\/www.hashtag.al\/index.php\/wp-json\/wp\/v2\/media?parent=570932"}],"wp:term":[{"taxonomy":"category","embeddable":true,"href":"https:\/\/www.hashtag.al\/index.php\/wp-json\/wp\/v2\/categories?post=570932"},{"taxonomy":"post_tag","embeddable":true,"href":"https:\/\/www.hashtag.al\/index.php\/wp-json\/wp\/v2\/tags?post=570932"}],"curies":[{"name":"wp","href":"https:\/\/api.w.org\/{rel}","templated":true}]}}