{"id":570797,"date":"2022-12-30T10:39:40","date_gmt":"2022-12-30T09:39:40","guid":{"rendered":"https:\/\/www.hashtag.al\/?p=570797"},"modified":"2022-12-30T10:39:40","modified_gmt":"2022-12-30T09:39:40","slug":"italia-i-kerkon-be-se-te-marre-masa-kunder-ligjit-amerikan-bloomberg","status":"publish","type":"post","link":"https:\/\/www.hashtag.al\/index.php\/2022\/12\/30\/italia-i-kerkon-be-se-te-marre-masa-kunder-ligjit-amerikan-bloomberg\/","title":{"rendered":"Italia i k\u00ebrkon BE-s\u00eb t\u00eb marr\u00eb masa kund\u00ebr ligjit amerikan &#8211; Bloomberg","gt_translate_keys":[{"key":"rendered","format":"text"}]},"content":{"rendered":"<p><img loading=\"lazy\" decoding=\"async\" class=\"aligncenter size-full wp-image-570798\" src=\"https:\/\/www.hashtag.al\/wp-content\/uploads\/2022\/12\/meloni.jpeg\" alt=\"\" width=\"768\" height=\"432\" srcset=\"https:\/\/www.hashtag.al\/wp-content\/uploads\/2022\/12\/meloni.jpeg 768w, https:\/\/www.hashtag.al\/wp-content\/uploads\/2022\/12\/meloni-300x169.jpeg 300w\" sizes=\"auto, (max-width: 768px) 100vw, 768px\" \/><\/p>\n<p><span style=\"color: #000000;\">Kryeministrja italiane Giorgia Meloni ka b\u00ebr\u00eb thirrje q\u00eb Bashkimi Evropian t\u00eb b\u00ebhet m\u00eb e pavarur ekonomikisht pas nj\u00eb ligji t\u00eb ri amerikan q\u00eb i v\u00eb prodhuesit e bllokut n\u00eb nj\u00eb disavantazh konkurrues, raportoi <span style=\"color: #0000ff;\">Bloomberg<\/span> t\u00eb enjten.<\/span><\/p>\n<p><span style=\"color: #000000;\">Duke folur n\u00eb konferenc\u00ebn e saj p\u00ebr shtyp t\u00eb fundvitit n\u00eb Rom\u00eb, Meloni i k\u00ebrkoi BE-s\u00eb t\u00eb nd\u00ebrtoj\u00eb zinxhir\u00ebt e saj t\u00eb furnizimit p\u00ebr industrit\u00eb kryesore n\u00eb p\u00ebrgjigje t\u00eb Aktit t\u00eb SHBA-s\u00eb p\u00ebr Reduktimin e Inflacionit (IRA), nj\u00eb fatur\u00eb shpenzimi prej 360 miliard\u00eb dollar\u00ebsh q\u00eb Presidenti Joe Biden ktheu n\u00eb ligj n\u00eb gusht, sipas medias. <\/span><\/p>\n<p><span style=\"color: #000000;\">Blloku gjithashtu duhet t\u00eb rishikoj\u00eb rregullat e tij p\u00ebr ndihm\u00ebn shtet\u00ebrore p\u00ebr prodhuesit dhe t\u00eb forcoj\u00eb mbik\u00ebqyrjen e zinxhir\u00ebve t\u00eb furnizimit p\u00ebr industri t\u00eb tilla si \u00e7ipat kompjuterik\u00eb, prodhuesit e makinave dhe energjia alternative, thuhet se tha Meloni.<\/span><\/p>\n<p><span style=\"color: #000000;\">Legjislacioni i SHBA-s\u00eb parashikonte nj\u00eb tepric\u00eb t\u00eb shpenzimeve p\u00ebr infrastruktur\u00ebn alternative t\u00eb energjis\u00eb, duke p\u00ebrfshir\u00eb uljen e taksave p\u00ebr prodhuesit n\u00eb k\u00ebt\u00eb sektor. Udh\u00ebheq\u00ebsit e BE-s\u00eb, p\u00ebrfshir\u00eb presidentin francez Emmanuel Macron, e kan\u00eb kritikuar ligjin, duke paralajm\u00ebruar se ai mund t\u00eb \u2018cop\u00ebzoj\u00eb Per\u00ebndimin\u2019.<\/span><\/p>\n<p><span style=\"color: #000000;\">Meloni ka argumentuar se IRA diskriminon kompanit\u00eb evropiane. Ministri italian i Ekonomis\u00eb Giancarlo Giorgetti paralajm\u00ebroi n\u00eb fillim t\u00eb k\u00ebtij muaji se disa kompani tashm\u00eb po konsiderojn\u00eb zhvendosjen e fabrikave n\u00eb SHBA, gj\u00eb q\u00eb do ishte \u2018nj\u00eb fatkeq\u00ebsi\u2019.<\/span><\/p>\n<p><span style=\"color: #000000;\">Presidentja e Komisionit Evropian Ursula von der Leyen sugjeroi k\u00ebt\u00eb muaj q\u00eb BE-ja duhet t&#8217;i p\u00ebrgjigjet IRA-s duke siguruar fonde p\u00ebr kompanit\u00eb n\u00eb nevoj\u00eb dhe duke u dh\u00ebn\u00eb vendeve an\u00ebtare m\u00eb shum\u00eb liri p\u00ebr t\u00eb investuar. <\/span><\/p>\n<p><span style=\"color: #000000;\">Meloni u tha gazetar\u00ebve se do k\u00ebrkoj\u00eb nj\u00eb takim me p\u00ebrfaq\u00ebsuesit e prodhuesit t\u00eb \u00e7ipave me baz\u00eb n\u00eb Kaliforni, Intel, p\u00ebr t\u00eb diskutuar stimujt e mundsh\u00ebm p\u00ebr nj\u00eb fabrik\u00eb t\u00eb re n\u00eb Itali, nj\u00eb zhvillim q\u00eb ajo e konsideron \u2018shum\u00eb strategjik\u2019.<\/span><\/p>\n","protected":false,"gt_translate_keys":[{"key":"rendered","format":"html"}]},"excerpt":{"rendered":"<p>Kryeministrja italiane Giorgia Meloni ka b\u00ebr\u00eb thirrje q\u00eb Bashkimi Evropian t\u00eb b\u00ebhet m\u00eb e pavarur ekonomikisht pas nj\u00eb ligji t\u00eb ri amerikan q\u00eb i v\u00eb prodhuesit e bllokut n\u00eb nj\u00eb disavantazh konkurrues, raportoi Bloomberg t\u00eb enjten. Duke folur n\u00eb konferenc\u00ebn e saj p\u00ebr shtyp t\u00eb fundvitit n\u00eb Rom\u00eb, Meloni i k\u00ebrkoi BE-s\u00eb t\u00eb nd\u00ebrtoj\u00eb zinxhir\u00ebt [&hellip;]<\/p>\n","protected":false,"gt_translate_keys":[{"key":"rendered","format":"html"}]},"author":51,"featured_media":570798,"comment_status":"closed","ping_status":"closed","sticky":false,"template":"","format":"standard","meta":{"footnotes":""},"categories":[53],"tags":[],"class_list":["post-570797","post","type-post","status-publish","format-standard","has-post-thumbnail","hentry","category-fast-foodi"],"gt_translate_keys":[{"key":"link","format":"url"}],"_links":{"self":[{"href":"https:\/\/www.hashtag.al\/index.php\/wp-json\/wp\/v2\/posts\/570797","targetHints":{"allow":["GET"]}}],"collection":[{"href":"https:\/\/www.hashtag.al\/index.php\/wp-json\/wp\/v2\/posts"}],"about":[{"href":"https:\/\/www.hashtag.al\/index.php\/wp-json\/wp\/v2\/types\/post"}],"author":[{"embeddable":true,"href":"https:\/\/www.hashtag.al\/index.php\/wp-json\/wp\/v2\/users\/51"}],"replies":[{"embeddable":true,"href":"https:\/\/www.hashtag.al\/index.php\/wp-json\/wp\/v2\/comments?post=570797"}],"version-history":[{"count":0,"href":"https:\/\/www.hashtag.al\/index.php\/wp-json\/wp\/v2\/posts\/570797\/revisions"}],"wp:featuredmedia":[{"embeddable":true,"href":"https:\/\/www.hashtag.al\/index.php\/wp-json\/wp\/v2\/media\/570798"}],"wp:attachment":[{"href":"https:\/\/www.hashtag.al\/index.php\/wp-json\/wp\/v2\/media?parent=570797"}],"wp:term":[{"taxonomy":"category","embeddable":true,"href":"https:\/\/www.hashtag.al\/index.php\/wp-json\/wp\/v2\/categories?post=570797"},{"taxonomy":"post_tag","embeddable":true,"href":"https:\/\/www.hashtag.al\/index.php\/wp-json\/wp\/v2\/tags?post=570797"}],"curies":[{"name":"wp","href":"https:\/\/api.w.org\/{rel}","templated":true}]}}