{"id":570780,"date":"2022-12-30T09:34:16","date_gmt":"2022-12-30T08:34:16","guid":{"rendered":"https:\/\/www.hashtag.al\/?p=570780"},"modified":"2022-12-30T09:34:16","modified_gmt":"2022-12-30T08:34:16","slug":"i-riu-shqiptar-vdiq-ne-spanje-e-erdhi-pa-zemer-familjaret-proteste-para-gjykates-se-larte-ne-barcelone","status":"publish","type":"post","link":"https:\/\/www.hashtag.al\/index.php\/2022\/12\/30\/i-riu-shqiptar-vdiq-ne-spanje-e-erdhi-pa-zemer-familjaret-proteste-para-gjykates-se-larte-ne-barcelone\/","title":{"rendered":"I riu shqiptar vdiq n\u00eb Spanj\u00eb e erdhi pa zem\u00ebr, familjar\u00ebt protest\u00eb para Gjykat\u00ebs s\u00eb Lart\u00eb n\u00eb Barcelon\u00eb","gt_translate_keys":[{"key":"rendered","format":"text"}]},"content":{"rendered":"<p>&nbsp;<\/p>\n<p><span style=\"color: #000000;\"><img loading=\"lazy\" decoding=\"async\" class=\"aligncenter size-full wp-image-570781\" src=\"https:\/\/www.hashtag.al\/wp-content\/uploads\/2022\/12\/saimirsula.jpeg\" alt=\"\" width=\"1000\" height=\"528\" srcset=\"https:\/\/www.hashtag.al\/wp-content\/uploads\/2022\/12\/saimirsula.jpeg 1000w, https:\/\/www.hashtag.al\/wp-content\/uploads\/2022\/12\/saimirsula-300x158.jpeg 300w, https:\/\/www.hashtag.al\/wp-content\/uploads\/2022\/12\/saimirsula-768x406.jpeg 768w\" sizes=\"auto, (max-width: 1000px) 100vw, 1000px\" \/><\/span><\/p>\n<p><span style=\"color: #000000;\">Familjar\u00ebt e Saimir Sul\u00ebs, i riu q\u00eb nd\u00ebrroi jet\u00eb n\u00eb spitalin del Mar n\u00eb Barcelon\u00eb, kan\u00eb protestuar p\u00ebrpara Gjykat\u00ebs s\u00eb Lart\u00eb t\u00eb Barcelon\u00ebs. <\/span><\/p>\n<p><span style=\"color: #000000;\">Ata kan\u00eb k\u00ebrkuar hetim t\u00eb rastit duke pretenduar se familjarit t\u00eb tyre i ishte marr\u00eb zemra pas vdekjes dhe i i\u00ebsht\u00eb v\u00ebn\u00eb nj\u00eb zem\u00ebr tjet\u00ebr. <\/span><\/p>\n<p><span style=\"color: #000000;\">Sipas motr\u00ebs s\u00eb viktim\u00ebs, Majlinda Sula, prokurori n\u00eb Prokurorin\u00eb e Tiran\u00ebs q\u00eb po heton \u00e7\u00ebshtjen e ka ngritur \u00e7\u00ebshtjen n\u00eb nivel diplomatik pasi \u00ebsht\u00eb anashkaluar prej muajsh nga autoritetet spanjolle, shkruan <span style=\"color: #0000ff;\">BW<\/span>.<\/span><\/p>\n<p><span style=\"color: #000000;\"><em>\u201cN\u00eb Shqip\u00ebri, prokuroria i ka d\u00ebrguar let\u00ebrporosi Spanj\u00ebs dhe Gjykata Hetimore 16 e Barcelon\u00ebs nuk pranon t\u00eb marr\u00eb n\u00eb pyetje d\u00ebshmitar\u00ebt e vdekjes n\u00eb t\u00eb cil\u00ebn vdiq v\u00ebllai im m\u00eb 9 maj. Gjyqtarja nuk pranon t\u00eb b\u00ebj\u00eb analiz\u00ebn e ADN-s\u00eb q\u00eb tregon n\u00ebse kjo zem\u00ebr \u00ebsht\u00eb apo jo e v\u00ebllait tim. Kemi dy vite q\u00eb k\u00ebrkojm\u00eb analiz\u00ebn e ADN-s\u00eb t\u00eb k\u00ebtij organi, q\u00eb teorikisht i p\u00ebrket Saimirit.\u201d<\/em> &#8211; tha Majlinda Sula.<\/span><\/p>\n<p><span style=\"color: #000000;\">Sula shtoi m\u00eb tej se nga mosveprimi i autoriteteve administrative e gjyq\u00ebsore n\u00eb Spanj\u00eb, prokuroria shqiptare ka qen\u00eb e detyruar t\u00eb k\u00ebrkoj\u00eb nd\u00ebrhyrjen e ambasad\u00ebs spanjolle n\u00eb Tiran\u00eb.<\/span><\/p>\n<p><span style=\"color: #000000;\">Majlinda Sula siguroi se \u2018pas nj\u00eb viti, duke pasur nj\u00eb ankes\u00eb p\u00ebr trafik organesh, k\u00ebta zot\u00ebrinj na thon\u00eb se zemra \u00ebsht\u00eb n\u00eb nj\u00eb institut mjek\u00ebsor n\u00eb Barcelon\u00eb. Por kjo zem\u00ebr \u00ebsht\u00eb e 22 prillit, nd\u00ebrsa v\u00ebllai im ka vdekur m\u00eb 9 maj dhe se ky organ nuk mund t\u00eb jet\u00eb e tij\u2019.<\/span><\/p>\n","protected":false,"gt_translate_keys":[{"key":"rendered","format":"html"}]},"excerpt":{"rendered":"<p>&nbsp; Familjar\u00ebt e Saimir Sul\u00ebs, i riu q\u00eb nd\u00ebrroi jet\u00eb n\u00eb spitalin del Mar n\u00eb Barcelon\u00eb, kan\u00eb protestuar p\u00ebrpara Gjykat\u00ebs s\u00eb Lart\u00eb t\u00eb Barcelon\u00ebs. Ata kan\u00eb k\u00ebrkuar hetim t\u00eb rastit duke pretenduar se familjarit t\u00eb tyre i ishte marr\u00eb zemra pas vdekjes dhe i i\u00ebsht\u00eb v\u00ebn\u00eb nj\u00eb zem\u00ebr tjet\u00ebr. Sipas motr\u00ebs s\u00eb viktim\u00ebs, Majlinda Sula, [&hellip;]<\/p>\n","protected":false,"gt_translate_keys":[{"key":"rendered","format":"html"}]},"author":51,"featured_media":570781,"comment_status":"closed","ping_status":"closed","sticky":false,"template":"","format":"standard","meta":{"footnotes":""},"categories":[65,13],"tags":[],"class_list":["post-570780","post","type-post","status-publish","format-standard","has-post-thumbnail","hentry","category-lajme","category-te-fundit"],"gt_translate_keys":[{"key":"link","format":"url"}],"_links":{"self":[{"href":"https:\/\/www.hashtag.al\/index.php\/wp-json\/wp\/v2\/posts\/570780","targetHints":{"allow":["GET"]}}],"collection":[{"href":"https:\/\/www.hashtag.al\/index.php\/wp-json\/wp\/v2\/posts"}],"about":[{"href":"https:\/\/www.hashtag.al\/index.php\/wp-json\/wp\/v2\/types\/post"}],"author":[{"embeddable":true,"href":"https:\/\/www.hashtag.al\/index.php\/wp-json\/wp\/v2\/users\/51"}],"replies":[{"embeddable":true,"href":"https:\/\/www.hashtag.al\/index.php\/wp-json\/wp\/v2\/comments?post=570780"}],"version-history":[{"count":0,"href":"https:\/\/www.hashtag.al\/index.php\/wp-json\/wp\/v2\/posts\/570780\/revisions"}],"wp:featuredmedia":[{"embeddable":true,"href":"https:\/\/www.hashtag.al\/index.php\/wp-json\/wp\/v2\/media\/570781"}],"wp:attachment":[{"href":"https:\/\/www.hashtag.al\/index.php\/wp-json\/wp\/v2\/media?parent=570780"}],"wp:term":[{"taxonomy":"category","embeddable":true,"href":"https:\/\/www.hashtag.al\/index.php\/wp-json\/wp\/v2\/categories?post=570780"},{"taxonomy":"post_tag","embeddable":true,"href":"https:\/\/www.hashtag.al\/index.php\/wp-json\/wp\/v2\/tags?post=570780"}],"curies":[{"name":"wp","href":"https:\/\/api.w.org\/{rel}","templated":true}]}}