{"id":570643,"date":"2022-12-29T15:01:47","date_gmt":"2022-12-29T14:01:47","guid":{"rendered":"https:\/\/www.hashtag.al\/?p=570643"},"modified":"2022-12-29T15:01:49","modified_gmt":"2022-12-29T14:01:49","slug":"edi-rama-pakoja-e-madhe-me-8-miliarde-leke-shperndahet-ne-ditet-e-para-te-janarit-kategorite-qe-perfitojne","status":"publish","type":"post","link":"https:\/\/www.hashtag.al\/index.php\/2022\/12\/29\/edi-rama-pakoja-e-madhe-me-8-miliarde-leke-shperndahet-ne-ditet-e-para-te-janarit-kategorite-qe-perfitojne\/","title":{"rendered":"Edi Rama: Pakoja e Madhe me 8 miliard\u00eb lek\u00eb shp\u00ebrndahet n\u00eb dit\u00ebt e para t\u00eb Janarit, kategorit\u00eb q\u00eb p\u00ebrfitojn\u00eb","gt_translate_keys":[{"key":"rendered","format":"text"}]},"content":{"rendered":"<p><span style=\"color: #000000;\"><a href=\"https:\/\/www.hashtag.al\/wp-content\/uploads\/2022\/12\/ramaedi.png\"><img loading=\"lazy\" decoding=\"async\" class=\"aligncenter size-full wp-image-568474\" src=\"https:\/\/www.hashtag.al\/wp-content\/uploads\/2022\/12\/ramaedi.png\" alt=\"\" width=\"1346\" height=\"765\" srcset=\"https:\/\/www.hashtag.al\/wp-content\/uploads\/2022\/12\/ramaedi.png 1346w, https:\/\/www.hashtag.al\/wp-content\/uploads\/2022\/12\/ramaedi-300x171.png 300w, https:\/\/www.hashtag.al\/wp-content\/uploads\/2022\/12\/ramaedi-1024x582.png 1024w, https:\/\/www.hashtag.al\/wp-content\/uploads\/2022\/12\/ramaedi-768x436.png 768w\" sizes=\"auto, (max-width: 1346px) 100vw, 1346px\" \/><\/a><\/span><\/p>\n<p><span style=\"color: #000000;\">Kryeministri Edi Rama ka b\u00ebr\u00eb nj\u00eb postim n\u00eb rrjetet sociale, ku njofton se qeveria e tij \u00ebsht\u00eb gati t\u00eb shp\u00ebrndaj\u00eb 8 miliard\u00eb lek\u00eb brenda dit\u00ebve t\u00eb para t\u00eb janarit.<\/span><\/p>\n<p><span style=\"color: #000000;\">Rama shkruan se k\u00ebto para do t\u00eb jen\u00eb si mb\u00ebshtetje financiare p\u00ebr pensionist\u00ebt, familjet n\u00eb ndihm\u00eb ekonomike, n\u00ebnat kryefamiljare n\u00eb skem\u00ebn e ndihm\u00ebs ekonomike, njer\u00ebz me nevoja ndryshe, po ashtu edhe p\u00ebr punonj\u00ebsit e shtetit.<\/span><\/p>\n<p><span style=\"color: #000000;\">Ai thot\u00eb se kjo \u00ebsht\u00eb \u201cqeveri e shumic\u00ebs\u201d dhe jo e disave.<\/span><\/p>\n<p><em><span style=\"color: #000000;\">\u00a0\u201cG\u00cbZUAR<\/span><\/em><\/p>\n<p><em><span style=\"color: #000000;\">Qeveria po mbyll Pakon e Madhe n\u00eb mb\u00ebshtetje t\u00eb 1 milion\u00eb individ\u00ebve, p\u00ebr t\u00eb leht\u00ebsuar ndjesh\u00ebm daljen e familjeve shqiptare nga ky dim\u00ebr i ngarkuar, duke zeruar efektin e inflacionit t\u00eb luft\u00ebs mbi konsumin baz\u00eb p\u00ebr pensionist\u00ebt, familjet n\u00eb ndihm\u00eb ekonomike, posa\u00e7\u00ebrisht n\u00ebnat kryefamiljare n\u00eb skem\u00ebn e ndihm\u00ebs ekonomike, paraplegjik\u00ebt, tetraplegjik\u00ebt, personat me aft\u00ebsi t\u00eb kufizuara, invalid\u00ebt e pun\u00ebs, po edhe p\u00ebr punonj\u00ebsit e shtetit &#8211; duke dh\u00ebn\u00eb m\u00eb shum\u00eb p\u00ebr ata q\u00eb fitojn\u00eb m\u00eb pak, por pa l\u00ebn\u00eb ask\u00ebnd pa mb\u00ebshtetje.<\/span><\/em><\/p>\n<p><em><span style=\"color: #000000;\">Pakoja e Madhe, e cila parashihet mbi 8 miliard\u00eb lek\u00eb n\u00eb dor\u00eb p\u00ebr t\u00eb gjith\u00eb individ\u00ebt e p\u00ebrfshir\u00eb, do t\u00eb mbyllet brenda dit\u00ebs s\u00eb sotme dhe do t\u00eb shp\u00ebrndahet e gjitha n\u00eb dit\u00ebt e para t\u00eb janarit.<\/span><\/em><\/p>\n<p><span style=\"color: #000000;\"><em>Kjo \u00ebsht\u00eb qeveria e shumic\u00ebs, jo e disave dhe faktet e shifrat thon\u00eb se volumi i mb\u00ebshtetjes financiare t\u00eb atyre q\u00eb fitojn\u00eb m\u00eb pak apo t\u00eb shtresave n\u00eb nevoj\u00eb, n\u00eb vitet e qeverisjes son\u00eb (pa llogaritur fondet masive t\u00eb Rind\u00ebrtimit pas t\u00ebrmetit apo t\u00eb Luft\u00ebs me pandemin\u00eb) \u00ebsht\u00eb disafish m\u00eb i lart\u00eb se sa n\u00eb t\u00ebr\u00eb qeverit\u00eb e m\u00ebparshme t\u00eb marra s\u00eb bashku.\u201d<\/em>&#8211; shkruan Rama n\u00eb k\u00ebt\u00eb postim.<\/span><\/p>\n","protected":false,"gt_translate_keys":[{"key":"rendered","format":"html"}]},"excerpt":{"rendered":"<p>Kryeministri Edi Rama ka b\u00ebr\u00eb nj\u00eb postim n\u00eb rrjetet sociale, ku njofton se qeveria e tij \u00ebsht\u00eb gati t\u00eb shp\u00ebrndaj\u00eb 8 miliard\u00eb lek\u00eb brenda dit\u00ebve t\u00eb para t\u00eb janarit. Rama shkruan se k\u00ebto para do t\u00eb jen\u00eb si mb\u00ebshtetje financiare p\u00ebr pensionist\u00ebt, familjet n\u00eb ndihm\u00eb ekonomike, n\u00ebnat kryefamiljare n\u00eb skem\u00ebn e ndihm\u00ebs ekonomike, njer\u00ebz me [&hellip;]<\/p>\n","protected":false,"gt_translate_keys":[{"key":"rendered","format":"html"}]},"author":30,"featured_media":568474,"comment_status":"closed","ping_status":"closed","sticky":false,"template":"","format":"standard","meta":{"footnotes":""},"categories":[65,13],"tags":[],"class_list":["post-570643","post","type-post","status-publish","format-standard","has-post-thumbnail","hentry","category-lajme","category-te-fundit"],"gt_translate_keys":[{"key":"link","format":"url"}],"_links":{"self":[{"href":"https:\/\/www.hashtag.al\/index.php\/wp-json\/wp\/v2\/posts\/570643","targetHints":{"allow":["GET"]}}],"collection":[{"href":"https:\/\/www.hashtag.al\/index.php\/wp-json\/wp\/v2\/posts"}],"about":[{"href":"https:\/\/www.hashtag.al\/index.php\/wp-json\/wp\/v2\/types\/post"}],"author":[{"embeddable":true,"href":"https:\/\/www.hashtag.al\/index.php\/wp-json\/wp\/v2\/users\/30"}],"replies":[{"embeddable":true,"href":"https:\/\/www.hashtag.al\/index.php\/wp-json\/wp\/v2\/comments?post=570643"}],"version-history":[{"count":0,"href":"https:\/\/www.hashtag.al\/index.php\/wp-json\/wp\/v2\/posts\/570643\/revisions"}],"wp:featuredmedia":[{"embeddable":true,"href":"https:\/\/www.hashtag.al\/index.php\/wp-json\/wp\/v2\/media\/568474"}],"wp:attachment":[{"href":"https:\/\/www.hashtag.al\/index.php\/wp-json\/wp\/v2\/media?parent=570643"}],"wp:term":[{"taxonomy":"category","embeddable":true,"href":"https:\/\/www.hashtag.al\/index.php\/wp-json\/wp\/v2\/categories?post=570643"},{"taxonomy":"post_tag","embeddable":true,"href":"https:\/\/www.hashtag.al\/index.php\/wp-json\/wp\/v2\/tags?post=570643"}],"curies":[{"name":"wp","href":"https:\/\/api.w.org\/{rel}","templated":true}]}}