{"id":570435,"date":"2022-12-28T13:15:50","date_gmt":"2022-12-28T12:15:50","guid":{"rendered":"https:\/\/www.hashtag.al\/?p=570435"},"modified":"2022-12-28T13:15:50","modified_gmt":"2022-12-28T12:15:50","slug":"policia-e-kosoves-alarmi-per-bombe-ne-aeroportin-e-prishtines-ishte-i-rreme-dhe-me-qellime-te-caktuara","status":"publish","type":"post","link":"https:\/\/www.hashtag.al\/index.php\/2022\/12\/28\/policia-e-kosoves-alarmi-per-bombe-ne-aeroportin-e-prishtines-ishte-i-rreme-dhe-me-qellime-te-caktuara\/","title":{"rendered":"Policia e Kosov\u00ebs: Alarmi p\u00ebr bomb\u00eb n\u00eb Aeroportin e Prishtin\u00ebs ishte i rrem\u00eb dhe me q\u00ebllime t\u00eb caktuara","gt_translate_keys":[{"key":"rendered","format":"text"}]},"content":{"rendered":"<p><span style=\"color: #000000;\"><a href=\"https:\/\/www.hashtag.al\/wp-content\/uploads\/2022\/12\/ademjashari.jpg.crdownloadw-1536x1021-1.jpg\"><img loading=\"lazy\" decoding=\"async\" class=\"aligncenter size-full wp-image-570436\" src=\"https:\/\/www.hashtag.al\/wp-content\/uploads\/2022\/12\/ademjashari.jpg.crdownloadw-1536x1021-1.jpg\" alt=\"\" width=\"1536\" height=\"1021\" srcset=\"https:\/\/www.hashtag.al\/wp-content\/uploads\/2022\/12\/ademjashari.jpg.crdownloadw-1536x1021-1.jpg 1536w, https:\/\/www.hashtag.al\/wp-content\/uploads\/2022\/12\/ademjashari.jpg.crdownloadw-1536x1021-1-300x199.jpg 300w, https:\/\/www.hashtag.al\/wp-content\/uploads\/2022\/12\/ademjashari.jpg.crdownloadw-1536x1021-1-1024x681.jpg 1024w, https:\/\/www.hashtag.al\/wp-content\/uploads\/2022\/12\/ademjashari.jpg.crdownloadw-1536x1021-1-768x511.jpg 768w\" sizes=\"auto, (max-width: 1536px) 100vw, 1536px\" \/><\/a><\/span><\/p>\n<p><span style=\"color: #000000;\">Alarmi p\u00ebr bomb\u00eb n\u00eb aeroportin e Prishtin\u00ebs rezultoi i rrem\u00eb.<\/span><\/p>\n<p><span style=\"color: #000000;\">K\u00ebshtu ka njoftuar Policia e Kosov\u00ebs, q\u00eb tha se k\u00ebrc\u00ebnimi p\u00ebr bomb\u00eb n\u00eb Aeroportin Nd\u00ebrkomb\u00ebtar t\u00eb Prishtin\u00ebs \u201cAdem Jashari\u201d, ishte alarm i rrem\u00eb \u201cme q\u00ebllime t\u00eb caktuara\u201d.<\/span><\/p>\n<p><span style=\"color: #000000;\">Sipas Policis\u00eb, n\u00eb objekt jan\u00eb kryer kontrolle dhe se s\u2019\u00ebsht\u00eb gjetur asgj\u00eb.<\/span><\/p>\n<p><span style=\"color: #000000;\"><em>\u201cPas realizimit t\u00eb kontrollit n\u00eb objekte dhe hap\u00ebsira t\u00eb Aeroportit Nd\u00ebrkomb\u00ebtar \u2018Adem Jashari\u2019 n\u00eb Prishtin\u00eb, ka rezultuar se nuk ka ndonj\u00eb mjet shp\u00ebrthyes, dhe se kanosja me mjete shp\u00ebrthyese ka qen\u00eb nj\u00eb alarm i rrem\u00eb me q\u00ebllime t\u00eb caktuara. Pas p\u00ebrfundimit t\u00eb kontrollit dhe pun\u00ebve nga institucionet relevante, funksionimi dhe qarkullimi n\u00eb aeroport i \u00ebsht\u00eb kthyer normalitetit, andaj i fal\u00ebnderojm\u00eb qytetar\u00ebt p\u00ebr mir\u00ebkuptimin dhe bashk\u00ebpunimin e treguar me institucionet e Republik\u00ebs s\u00eb Kosov\u00ebs.\u201d-<\/em> ka njoftuar Policia.<\/span><\/p>\n<p><span style=\"color: #000000;\">Alarmi u ngrit m\u00eb her\u00ebt nga z\u00ebdh\u00ebn\u00ebsja e Aeroportit, Valentina Gara e cila ka b\u00ebr\u00eb t\u00eb ditur se udh\u00ebtar\u00ebt dhe personeli jan\u00eb evakuuar dhe jan\u00eb t\u00eb sigurt.<\/span><\/p>\n<p><span style=\"color: #000000;\"><em>\u201cKonfirmojm\u00eb se kemi pranuar nj\u00eb k\u00ebrcenim me bomb\u00eb. Udh\u00ebtar\u00ebt dhe personeli jan\u00eb evakuuar dhe jan\u00eb t\u00eb sigurt. Ekipet e involvuara n\u00eb planin emergjent jan\u00eb duke kryer detyrat e tyre.\u201d-<\/em> shkruante ajo n\u00eb rrjetet sociale.<\/span><\/p>\n","protected":false,"gt_translate_keys":[{"key":"rendered","format":"html"}]},"excerpt":{"rendered":"<p>Alarmi p\u00ebr bomb\u00eb n\u00eb aeroportin e Prishtin\u00ebs rezultoi i rrem\u00eb. K\u00ebshtu ka njoftuar Policia e Kosov\u00ebs, q\u00eb tha se k\u00ebrc\u00ebnimi p\u00ebr bomb\u00eb n\u00eb Aeroportin Nd\u00ebrkomb\u00ebtar t\u00eb Prishtin\u00ebs \u201cAdem Jashari\u201d, ishte alarm i rrem\u00eb \u201cme q\u00ebllime t\u00eb caktuara\u201d. Sipas Policis\u00eb, n\u00eb objekt jan\u00eb kryer kontrolle dhe se s\u2019\u00ebsht\u00eb gjetur asgj\u00eb. \u201cPas realizimit t\u00eb kontrollit n\u00eb objekte [&hellip;]<\/p>\n","protected":false,"gt_translate_keys":[{"key":"rendered","format":"html"}]},"author":30,"featured_media":570436,"comment_status":"closed","ping_status":"closed","sticky":false,"template":"","format":"standard","meta":{"footnotes":""},"categories":[149,65,13],"tags":[],"class_list":["post-570435","post","type-post","status-publish","format-standard","has-post-thumbnail","hentry","category-kosoverajon","category-lajme","category-te-fundit"],"gt_translate_keys":[{"key":"link","format":"url"}],"_links":{"self":[{"href":"https:\/\/www.hashtag.al\/index.php\/wp-json\/wp\/v2\/posts\/570435","targetHints":{"allow":["GET"]}}],"collection":[{"href":"https:\/\/www.hashtag.al\/index.php\/wp-json\/wp\/v2\/posts"}],"about":[{"href":"https:\/\/www.hashtag.al\/index.php\/wp-json\/wp\/v2\/types\/post"}],"author":[{"embeddable":true,"href":"https:\/\/www.hashtag.al\/index.php\/wp-json\/wp\/v2\/users\/30"}],"replies":[{"embeddable":true,"href":"https:\/\/www.hashtag.al\/index.php\/wp-json\/wp\/v2\/comments?post=570435"}],"version-history":[{"count":0,"href":"https:\/\/www.hashtag.al\/index.php\/wp-json\/wp\/v2\/posts\/570435\/revisions"}],"wp:featuredmedia":[{"embeddable":true,"href":"https:\/\/www.hashtag.al\/index.php\/wp-json\/wp\/v2\/media\/570436"}],"wp:attachment":[{"href":"https:\/\/www.hashtag.al\/index.php\/wp-json\/wp\/v2\/media?parent=570435"}],"wp:term":[{"taxonomy":"category","embeddable":true,"href":"https:\/\/www.hashtag.al\/index.php\/wp-json\/wp\/v2\/categories?post=570435"},{"taxonomy":"post_tag","embeddable":true,"href":"https:\/\/www.hashtag.al\/index.php\/wp-json\/wp\/v2\/tags?post=570435"}],"curies":[{"name":"wp","href":"https:\/\/api.w.org\/{rel}","templated":true}]}}