{"id":570253,"date":"2022-12-27T14:01:07","date_gmt":"2022-12-27T13:01:07","guid":{"rendered":"https:\/\/www.hashtag.al\/?p=570253"},"modified":"2022-12-27T14:39:21","modified_gmt":"2022-12-27T13:39:21","slug":"manja-pyetet-nga-gazetaret-per-ervis-martinajn-per-kete-pyesni-kolegun-tim-bledi-cucin","status":"publish","type":"post","link":"https:\/\/www.hashtag.al\/index.php\/2022\/12\/27\/manja-pyetet-nga-gazetaret-per-ervis-martinajn-per-kete-pyesni-kolegun-tim-bledi-cucin\/","title":{"rendered":"Manja pyetet nga gazetar\u00ebt p\u00ebr Ervis Martinajn: P\u00ebr k\u00ebt\u00eb pyesni kolegun tim, Bledi \u00c7u\u00e7in","gt_translate_keys":[{"key":"rendered","format":"text"}]},"content":{"rendered":"<p><span style=\"color: #000000;\"><a href=\"https:\/\/www.hashtag.al\/wp-content\/uploads\/2022\/12\/MANJA.jpg\"><img loading=\"lazy\" decoding=\"async\" class=\"aligncenter size-full wp-image-570254\" src=\"https:\/\/www.hashtag.al\/wp-content\/uploads\/2022\/12\/MANJA.jpg\" alt=\"\" width=\"780\" height=\"440\" srcset=\"https:\/\/www.hashtag.al\/wp-content\/uploads\/2022\/12\/MANJA.jpg 780w, https:\/\/www.hashtag.al\/wp-content\/uploads\/2022\/12\/MANJA-300x169.jpg 300w, https:\/\/www.hashtag.al\/wp-content\/uploads\/2022\/12\/MANJA-768x433.jpg 768w\" sizes=\"auto, (max-width: 780px) 100vw, 780px\" \/><\/a><\/span><\/p>\n<p><span style=\"color: #000000;\">N\u00eb nj\u00eb konferenc\u00eb p\u00ebr mediet, ministri i Drejt\u00ebsis\u00eb Ulsi Manja \u00ebsht\u00eb pyetur nga gazetar\u00ebt n\u00eb lidhje me t\u00eb shum\u00ebk\u00ebrkuarin Ervis Martinaj, n\u00eb banes\u00ebn e t\u00eb cilit pasi kontrolle nga policia.<\/span><\/p>\n<p><span style=\"color: #000000;\">Nj\u00eb nga gazetar\u00ebt e pyeti Manj\u00ebn n\u00ebse kan\u00eb frik\u00eb qeveria dhe policia nga \u201chija\u201d e Martinajtt.<\/span><\/p>\n<p><span style=\"color: #000000;\">Ministri nuk iu p\u00ebrgjigj pyetjes, duke th\u00ebn\u00eb se ministri p\u00ebrgjegj\u00ebs p\u00ebr k\u00ebt\u00eb \u00ebsht\u00eb ai i Brendsh\u00ebm Bledi \u00c7u\u00e7i.<\/span><\/p>\n<p><span style=\"color: #000000;\"><em>\u201cTi ju drejtove ish-prokurorit Ulsi Manja, por n\u00eb fakt un\u00eb dua ta nis te fillimi i pyetjes. Un\u00eb jam minist\u00ebr i Brejt\u00ebsis\u00eb dhe besoj n\u00eb ndarjen e pushteteve. Me k\u00ebt\u00eb \u00e7\u00ebshtje duhet t\u00eb merren agjencit\u00eb ligjzbatuese. Po merret prokuroria dhe policia e shtetit. Sigurisht q\u00eb edhe p\u00ebr policin\u00eb ka nj\u00eb minist\u00ebr p\u00ebrgjegj\u00ebs q\u00eb \u00ebsht\u00eb kolegu im \u00c7u\u00e7i.\u201d- <\/em>deklaroi ai.<\/span><\/p>\n","protected":false,"gt_translate_keys":[{"key":"rendered","format":"html"}]},"excerpt":{"rendered":"<p>N\u00eb nj\u00eb konferenc\u00eb p\u00ebr mediet, ministri i Drejt\u00ebsis\u00eb Ulsi Manja \u00ebsht\u00eb pyetur nga gazetar\u00ebt n\u00eb lidhje me t\u00eb shum\u00ebk\u00ebrkuarin Ervis Martinaj, n\u00eb banes\u00ebn e t\u00eb cilit pasi kontrolle nga policia. Nj\u00eb nga gazetar\u00ebt e pyeti Manj\u00ebn n\u00ebse kan\u00eb frik\u00eb qeveria dhe policia nga \u201chija\u201d e Martinajtt. Ministri nuk iu p\u00ebrgjigj pyetjes, duke th\u00ebn\u00eb se ministri [&hellip;]<\/p>\n","protected":false,"gt_translate_keys":[{"key":"rendered","format":"html"}]},"author":30,"featured_media":570254,"comment_status":"closed","ping_status":"closed","sticky":false,"template":"","format":"standard","meta":{"footnotes":""},"categories":[65,13],"tags":[],"class_list":["post-570253","post","type-post","status-publish","format-standard","has-post-thumbnail","hentry","category-lajme","category-te-fundit"],"gt_translate_keys":[{"key":"link","format":"url"}],"_links":{"self":[{"href":"https:\/\/www.hashtag.al\/index.php\/wp-json\/wp\/v2\/posts\/570253","targetHints":{"allow":["GET"]}}],"collection":[{"href":"https:\/\/www.hashtag.al\/index.php\/wp-json\/wp\/v2\/posts"}],"about":[{"href":"https:\/\/www.hashtag.al\/index.php\/wp-json\/wp\/v2\/types\/post"}],"author":[{"embeddable":true,"href":"https:\/\/www.hashtag.al\/index.php\/wp-json\/wp\/v2\/users\/30"}],"replies":[{"embeddable":true,"href":"https:\/\/www.hashtag.al\/index.php\/wp-json\/wp\/v2\/comments?post=570253"}],"version-history":[{"count":0,"href":"https:\/\/www.hashtag.al\/index.php\/wp-json\/wp\/v2\/posts\/570253\/revisions"}],"wp:featuredmedia":[{"embeddable":true,"href":"https:\/\/www.hashtag.al\/index.php\/wp-json\/wp\/v2\/media\/570254"}],"wp:attachment":[{"href":"https:\/\/www.hashtag.al\/index.php\/wp-json\/wp\/v2\/media?parent=570253"}],"wp:term":[{"taxonomy":"category","embeddable":true,"href":"https:\/\/www.hashtag.al\/index.php\/wp-json\/wp\/v2\/categories?post=570253"},{"taxonomy":"post_tag","embeddable":true,"href":"https:\/\/www.hashtag.al\/index.php\/wp-json\/wp\/v2\/tags?post=570253"}],"curies":[{"name":"wp","href":"https:\/\/api.w.org\/{rel}","templated":true}]}}