{"id":570167,"date":"2022-12-27T00:13:19","date_gmt":"2022-12-26T23:13:19","guid":{"rendered":"https:\/\/www.hashtag.al\/?p=570167"},"modified":"2022-12-27T00:17:54","modified_gmt":"2022-12-26T23:17:54","slug":"spak-shfajeson-dy-prokuroret-nuk-hetuan-arben-ahmetajn-provat-per-pagesat-e-zotos-nuk-binden-prokuroret","status":"publish","type":"post","link":"https:\/\/www.hashtag.al\/index.php\/2022\/12\/27\/spak-shfajeson-dy-prokuroret-nuk-hetuan-arben-ahmetajn-provat-per-pagesat-e-zotos-nuk-binden-prokuroret\/","title":{"rendered":"SPAK shfaj\u00ebson dy prokuror\u00ebt\/ Nuk hetuan Arben Ahmetajn! \u201cProvat p\u00ebr pagesat e Zotos nuk bind\u00ebn prokuror\u00ebt\u201d","gt_translate_keys":[{"key":"rendered","format":"text"}]},"content":{"rendered":"<p><span style=\"color: #000000;\"><img loading=\"lazy\" decoding=\"async\" class=\"aligncenter size-full wp-image-570170\" src=\"https:\/\/www.hashtag.al\/wp-content\/uploads\/2022\/12\/nakucibrahoahmetaj.jpg\" alt=\"\" width=\"2000\" height=\"1056\" srcset=\"https:\/\/www.hashtag.al\/wp-content\/uploads\/2022\/12\/nakucibrahoahmetaj.jpg 2000w, https:\/\/www.hashtag.al\/wp-content\/uploads\/2022\/12\/nakucibrahoahmetaj-300x158.jpg 300w, https:\/\/www.hashtag.al\/wp-content\/uploads\/2022\/12\/nakucibrahoahmetaj-1024x541.jpg 1024w, https:\/\/www.hashtag.al\/wp-content\/uploads\/2022\/12\/nakucibrahoahmetaj-768x406.jpg 768w, https:\/\/www.hashtag.al\/wp-content\/uploads\/2022\/12\/nakucibrahoahmetaj-1536x811.jpg 1536w\" sizes=\"auto, (max-width: 2000px) 100vw, 2000px\" \/><\/span><\/p>\n<p><span style=\"color: #000000;\">Vet\u00ebm 13 dit\u00eb hetime,\u00a0 kaq i kan\u00eb mjaftuar Prokuroris\u00eb s\u00eb Posa\u00e7me SPAK p\u00ebr t\u00eb konkluduar se denoncimi i gazetarit Adriatik Do\u00e7i ndaj dy prokuror\u00ebve Eneid Naku\u00e7i dhe Klodian Braho duhej mbyllur.<\/span><\/p>\n<p><span style=\"color: #000000;\">N\u00eb dat\u00ebn 22 dhjetor\u00a0 SPAK vendosi mosfillimin e hetimeve ndaj dy prokuror\u00ebve q\u00eb hetuan dosjen e incenerator\u00ebve dhe q\u00eb dor\u00ebzuan n\u00eb gjykat\u00eb 10 t\u00eb pandehur , por q\u00eb sipas gazetarit Doci\u00a0 sakaq ata kishin\u00a0 shp\u00ebrdoruar detyr\u00ebn dhe penguar zbulimin e t\u00eb v\u00ebrtet\u00ebs sa koh\u00eb nuk kishin vler\u00ebsuar nj\u00ebsoj provat ndaj ish ministrit t\u00eb financave Arben Ahmetaj.<\/span><\/p>\n<p><span style=\"color: #000000;\">Gazetari Do\u00e7i denoncoi pagesat disa milion\u00ebshe t\u00eb kryera nga i akuzuari Klodian Zoto ku mbuloheshin udh\u00ebtime dhe akomodime n\u00eb hotele luksoze t\u00eb Ahmetaj dhe bashk\u00ebshortes s\u00eb tij, prova k\u00ebto t\u00eb nxjerra nga nj\u00eb akt ekspertiz\u00eb. <\/span><\/p>\n<p><span style=\"color: #000000;\">N\u00eb vendimin e mos fillimit deklarohet se nuk rezulton q\u00eb dy prokuror\u00ebt t\u00eb ken\u00eb shp\u00ebrdoruar detyr\u00ebn mbasi aktet jan\u00eb ndar\u00eb, por nj\u00ebherazi argumentohet se procesi i \u00e7muarjes s\u00eb prov\u00ebs \u00ebsh\u00eb nj\u00eb proces i nd\u00ebrlikuar pasi p\u00ebrb\u00ebr\u00ebs t\u00eb tij jan\u00eb jo vet\u00ebm komponent\u00ebt juridik\u00eb por edhe ata t\u00eb brendsh\u00ebm dhe psikologjik\u00eb.<\/span><\/p>\n<p><span style=\"color: #000000;\">M\u00eb tej v\u00eb vendimin e mos fillimit shpjegohet kuptimi shqip i bindjes s\u00eb brendshme q\u00eb dy prokuror\u00ebt pat\u00ebn p\u00ebr ministrin e financave Arben Ahmetaj, q\u00eb\u00a0 SPAK e p\u00ebrkthen shqip shqip se \u00ebsht\u00eb ajo ndjenj\u00eb q\u00eb formohet tek organi procedues n\u00eb baz\u00eb t\u00eb p\u00ebrshtypjeve t\u00eb tij p\u00ebr drejt\u00ebsin\u00eb.<\/span><\/p>\n<p><span style=\"color: #000000;\"><span style=\"color: #ff0000;\"><strong>VINI RE<\/strong><\/span>: Ky material \u00ebsht\u00eb pron\u00ebsi intelektuale e <span style=\"color: #0000ff;\"><a style=\"color: #0000ff;\" href=\"https:\/\/top-channel.tv\/2022\/12\/26\/spak-shfajeson-dy-prokuroret-nuk-hetuan-arben-ahmetajn-provat-per-pagesat-e-zotos-nuk-binden-prokuroret\/\">TCH<\/a><\/span><\/span><\/p>\n","protected":false,"gt_translate_keys":[{"key":"rendered","format":"html"}]},"excerpt":{"rendered":"<p>Vet\u00ebm 13 dit\u00eb hetime,\u00a0 kaq i kan\u00eb mjaftuar Prokuroris\u00eb s\u00eb Posa\u00e7me SPAK p\u00ebr t\u00eb konkluduar se denoncimi i gazetarit Adriatik Do\u00e7i ndaj dy prokuror\u00ebve Eneid Naku\u00e7i dhe Klodian Braho duhej mbyllur. N\u00eb dat\u00ebn 22 dhjetor\u00a0 SPAK vendosi mosfillimin e hetimeve ndaj dy prokuror\u00ebve q\u00eb hetuan dosjen e incenerator\u00ebve dhe q\u00eb dor\u00ebzuan n\u00eb gjykat\u00eb 10 t\u00eb [&hellip;]<\/p>\n","protected":false,"gt_translate_keys":[{"key":"rendered","format":"html"}]},"author":51,"featured_media":570170,"comment_status":"closed","ping_status":"closed","sticky":false,"template":"","format":"standard","meta":{"footnotes":""},"categories":[22,65,13],"tags":[],"class_list":["post-570167","post","type-post","status-publish","format-standard","has-post-thumbnail","hentry","category-ballina","category-lajme","category-te-fundit"],"gt_translate_keys":[{"key":"link","format":"url"}],"_links":{"self":[{"href":"https:\/\/www.hashtag.al\/index.php\/wp-json\/wp\/v2\/posts\/570167","targetHints":{"allow":["GET"]}}],"collection":[{"href":"https:\/\/www.hashtag.al\/index.php\/wp-json\/wp\/v2\/posts"}],"about":[{"href":"https:\/\/www.hashtag.al\/index.php\/wp-json\/wp\/v2\/types\/post"}],"author":[{"embeddable":true,"href":"https:\/\/www.hashtag.al\/index.php\/wp-json\/wp\/v2\/users\/51"}],"replies":[{"embeddable":true,"href":"https:\/\/www.hashtag.al\/index.php\/wp-json\/wp\/v2\/comments?post=570167"}],"version-history":[{"count":0,"href":"https:\/\/www.hashtag.al\/index.php\/wp-json\/wp\/v2\/posts\/570167\/revisions"}],"wp:featuredmedia":[{"embeddable":true,"href":"https:\/\/www.hashtag.al\/index.php\/wp-json\/wp\/v2\/media\/570170"}],"wp:attachment":[{"href":"https:\/\/www.hashtag.al\/index.php\/wp-json\/wp\/v2\/media?parent=570167"}],"wp:term":[{"taxonomy":"category","embeddable":true,"href":"https:\/\/www.hashtag.al\/index.php\/wp-json\/wp\/v2\/categories?post=570167"},{"taxonomy":"post_tag","embeddable":true,"href":"https:\/\/www.hashtag.al\/index.php\/wp-json\/wp\/v2\/tags?post=570167"}],"curies":[{"name":"wp","href":"https:\/\/api.w.org\/{rel}","templated":true}]}}