{"id":570155,"date":"2022-12-26T22:44:33","date_gmt":"2022-12-26T21:44:33","guid":{"rendered":"https:\/\/www.hashtag.al\/?p=570155"},"modified":"2022-12-26T22:25:54","modified_gmt":"2022-12-26T21:25:54","slug":"ronaldo-viktime-e-ndalimit-politik-ne-kupen-e-botes-presidenti-turk","status":"publish","type":"post","link":"https:\/\/www.hashtag.al\/index.php\/2022\/12\/26\/ronaldo-viktime-e-ndalimit-politik-ne-kupen-e-botes-presidenti-turk\/","title":{"rendered":"Ronaldo viktim\u00eb e \u2018ndalimit politik\u2019 n\u00eb Kup\u00ebn e Bot\u00ebs, presidenti turk","gt_translate_keys":[{"key":"rendered","format":"text"}]},"content":{"rendered":"<p><img loading=\"lazy\" decoding=\"async\" class=\"aligncenter size-full wp-image-570156\" src=\"https:\/\/www.hashtag.al\/wp-content\/uploads\/2022\/12\/ronado-scaled.jpg\" alt=\"\" width=\"2560\" height=\"1707\" srcset=\"https:\/\/www.hashtag.al\/wp-content\/uploads\/2022\/12\/ronado-scaled.jpg 2560w, https:\/\/www.hashtag.al\/wp-content\/uploads\/2022\/12\/ronado-300x200.jpg 300w, https:\/\/www.hashtag.al\/wp-content\/uploads\/2022\/12\/ronado-1024x683.jpg 1024w, https:\/\/www.hashtag.al\/wp-content\/uploads\/2022\/12\/ronado-768x512.jpg 768w, https:\/\/www.hashtag.al\/wp-content\/uploads\/2022\/12\/ronado-1536x1024.jpg 1536w, https:\/\/www.hashtag.al\/wp-content\/uploads\/2022\/12\/ronado-2048x1365.jpg 2048w\" sizes=\"auto, (max-width: 2560px) 100vw, 2560px\" \/><\/p>\n<p><span style=\"color: #000000;\">Cristiano Ronaldo u \u2018shkat\u00ebrrua\u2019 nga Portugalia n\u00eb Kup\u00ebn e Bot\u00ebs 2022 dhe u b\u00eb viktim\u00eb e nj\u00eb \u2018ndalimi politik\u2019, sipas presidentit turk Erdogan.<\/span><\/p>\n<p><span style=\"color: #000000;\">Ronaldo, 37 vje\u00e7, kaloi nj\u00eb periudh\u00eb t\u00eb v\u00ebshtir\u00eb n\u00eb Katar pasi Portugalia u p\u00ebrplas me Marokun n\u00eb \u00e7erekfinale.<\/span><\/p>\n<p><span style=\"color: #000000;\">Ai i nisi t\u00eb dyja ndeshjet e ekipit t\u00eb tij n\u00eb faz\u00ebn eliminatore dhe luajti vet\u00ebm 40 minuta nga disfata ndaj Marokut.<\/span><\/p>\n<p><span style=\"color: #000000;\">Kapiteni i Portugalis\u00eb m\u00eb von\u00eb pranoi se \u00ebndrra e tij p\u00ebr t\u00eb fituar Kup\u00ebn e Bot\u00ebs kishte p\u00ebrfunduar.<\/span><\/p>\n<p><span style=\"color: #000000;\">Sipas Erdogan, i cili \u00ebsht\u00eb nj\u00eb tifoz i njohur futbolli dhe ish-gjys\u00ebm profesionist, Ronaldo \u00ebsht\u00eb keqtrajtuar nga ekipi i tij.<\/span><\/p>\n<p><span style=\"color: #000000;\"><em>\u201cAta e kan\u00eb shp\u00ebrdoruar Ronaldon. Fatkeq\u00ebsisht, ata kan\u00eb vendosur nj\u00eb ndalim politik ndaj tij.\u201d &#8211; <\/em>tha Erdogan n\u00eb nj\u00eb ngjarje rinore n\u00eb provinc\u00ebn lindore Erzurum t\u00eb diel\u00ebn, sipas Anadolu Agency.<\/span><\/p>\n<p><span style=\"color: #000000;\"><em>\u201cFutja e nj\u00eb futbollisti si Ronaldo n\u00eb fush\u00eb me vet\u00ebm 30 minuta t\u00eb mbetura n\u00eb ndeshje, i prishi psikologjin\u00eb dhe i hoqi energjit\u00eb.\u201d<\/em> &#8211; shtoi lideri.<\/span><\/p>\n","protected":false,"gt_translate_keys":[{"key":"rendered","format":"html"}]},"excerpt":{"rendered":"<p>Cristiano Ronaldo u \u2018shkat\u00ebrrua\u2019 nga Portugalia n\u00eb Kup\u00ebn e Bot\u00ebs 2022 dhe u b\u00eb viktim\u00eb e nj\u00eb \u2018ndalimi politik\u2019, sipas presidentit turk Erdogan. Ronaldo, 37 vje\u00e7, kaloi nj\u00eb periudh\u00eb t\u00eb v\u00ebshtir\u00eb n\u00eb Katar pasi Portugalia u p\u00ebrplas me Marokun n\u00eb \u00e7erekfinale. Ai i nisi t\u00eb dyja ndeshjet e ekipit t\u00eb tij n\u00eb faz\u00ebn eliminatore dhe [&hellip;]<\/p>\n","protected":false,"gt_translate_keys":[{"key":"rendered","format":"html"}]},"author":51,"featured_media":570156,"comment_status":"closed","ping_status":"closed","sticky":false,"template":"","format":"standard","meta":{"footnotes":""},"categories":[134],"tags":[],"class_list":["post-570155","post","type-post","status-publish","format-standard","has-post-thumbnail","hentry","category-sport"],"gt_translate_keys":[{"key":"link","format":"url"}],"_links":{"self":[{"href":"https:\/\/www.hashtag.al\/index.php\/wp-json\/wp\/v2\/posts\/570155","targetHints":{"allow":["GET"]}}],"collection":[{"href":"https:\/\/www.hashtag.al\/index.php\/wp-json\/wp\/v2\/posts"}],"about":[{"href":"https:\/\/www.hashtag.al\/index.php\/wp-json\/wp\/v2\/types\/post"}],"author":[{"embeddable":true,"href":"https:\/\/www.hashtag.al\/index.php\/wp-json\/wp\/v2\/users\/51"}],"replies":[{"embeddable":true,"href":"https:\/\/www.hashtag.al\/index.php\/wp-json\/wp\/v2\/comments?post=570155"}],"version-history":[{"count":0,"href":"https:\/\/www.hashtag.al\/index.php\/wp-json\/wp\/v2\/posts\/570155\/revisions"}],"wp:featuredmedia":[{"embeddable":true,"href":"https:\/\/www.hashtag.al\/index.php\/wp-json\/wp\/v2\/media\/570156"}],"wp:attachment":[{"href":"https:\/\/www.hashtag.al\/index.php\/wp-json\/wp\/v2\/media?parent=570155"}],"wp:term":[{"taxonomy":"category","embeddable":true,"href":"https:\/\/www.hashtag.al\/index.php\/wp-json\/wp\/v2\/categories?post=570155"},{"taxonomy":"post_tag","embeddable":true,"href":"https:\/\/www.hashtag.al\/index.php\/wp-json\/wp\/v2\/tags?post=570155"}],"curies":[{"name":"wp","href":"https:\/\/api.w.org\/{rel}","templated":true}]}}