{"id":570115,"date":"2022-12-26T19:29:49","date_gmt":"2022-12-26T18:29:49","guid":{"rendered":"https:\/\/www.hashtag.al\/?p=570115"},"modified":"2022-12-26T19:29:49","modified_gmt":"2022-12-26T18:29:49","slug":"rusia-po-planifikon-sulm-te-ri-ndaj-ukraines-media-zviceriane","status":"publish","type":"post","link":"https:\/\/www.hashtag.al\/index.php\/2022\/12\/26\/rusia-po-planifikon-sulm-te-ri-ndaj-ukraines-media-zviceriane\/","title":{"rendered":"Rusia po planifikon sulm t\u00eb ri ndaj Ukrain\u00ebs &#8211; Media zviceriane","gt_translate_keys":[{"key":"rendered","format":"text"}]},"content":{"rendered":"<p><span style=\"color: #000000;\"><img loading=\"lazy\" decoding=\"async\" class=\"aligncenter size-full wp-image-570116\" src=\"https:\/\/www.hashtag.al\/wp-content\/uploads\/2022\/12\/ushtrirusi.jpg\" alt=\"\" width=\"768\" height=\"432\" srcset=\"https:\/\/www.hashtag.al\/wp-content\/uploads\/2022\/12\/ushtrirusi.jpg 768w, https:\/\/www.hashtag.al\/wp-content\/uploads\/2022\/12\/ushtrirusi-300x169.jpg 300w\" sizes=\"auto, (max-width: 768px) 100vw, 768px\" \/><\/span><\/p>\n<p><span style=\"color: #000000;\">Rusia ka t\u00eb ngjar\u00eb t\u00eb kryej\u00eb nj\u00eb ofensiv\u00eb t\u00eb re n\u00eb Ukrain\u00eb n\u00eb fillim t\u00eb vitit t\u00eb ardhsh\u00ebm, ka raportuar \u2018Neue Z\u00fcrcher Zeitung\u2019 e Zvicr\u00ebs.<\/span><\/p>\n<p><span style=\"color: #000000;\">Gazeta, duke cituar nj\u00eb prognoz\u00eb t\u00eb supozuar t\u00eb brendshme t\u00eb p\u00ebrgatitur nga Ministria e Mbrojtjes e Gjermanis\u00eb, pretendoi se objektivat e Mosk\u00ebs mund t\u00eb shkojn\u00eb nga kapja e gjith\u00eb rajonit t\u00eb Donbasit deri te marrja e kontrollit t\u00eb Ukrain\u00ebs n\u00eb t\u00ebr\u00ebsi.<\/span><\/p>\n<p><span style=\"color: #000000;\">N\u00eb shkrimin e saj t\u00eb premten, media pretendoi se udh\u00ebheqja ruse \u00ebsht\u00eb e vendosur t\u00eb vazhdoj\u00eb fushat\u00ebn e saj ushtarake kund\u00ebr fqinjit t\u00eb saj n\u00eb vitin 2023 dhe n\u00eb 2024.<\/span><\/p>\n<p><span style=\"color: #000000;\">Sipas gazet\u00ebs, kjo prognoz\u00eb \u00ebsht\u00eb b\u00ebr\u00eb nga analist\u00ebt dhe oficer\u00ebt e inteligjenc\u00ebs t\u00eb Ministris\u00eb gjermane t\u00eb Mbrojtjes n\u00eb nj\u00eb raport t\u00eb brendsh\u00ebm, t\u00eb titulluar \u2018Mund\u00ebsit\u00eb ushtarako-strategjike ruse p\u00ebr veprim n\u00eb luft\u00ebn e Ukrain\u00ebs p\u00ebr vitin 2023\u2019.<\/span><\/p>\n<p><span style=\"color: #000000;\">Sipas \u2018Neue Z\u00fcrcher Zeitung\u2019, prognoza merr n\u00eb konsiderat\u00eb dy skenar\u00eb.<\/span><\/p>\n<p><span style=\"color: #000000;\">E para parashikon q\u00eb Rusia mund t\u00eb p\u00ebrqendrohet n\u00eb pushtimin e gjith\u00eb rajonit t\u00eb Donbasit. Kjo ofensiv\u00eb e supozuar pritet t\u00eb filloj\u00eb n\u00eb prill 2023, me presidentin bjellorus, Alexander Lukashenko, q\u00eb pritet t\u00eb vendos\u00eb nj\u00ebkoh\u00ebsisht trupat e tij pran\u00eb kufirit verior t\u00eb Ukrain\u00ebs, pohoi gazeta.<\/span><\/p>\n<p><span style=\"color: #000000;\"> Nd\u00ebrsa forcat e Minskut nuk kan\u00eb gjasa t\u00eb l\u00ebvizin n\u00eb Ukrain\u00eb, kjo manov\u00ebr, sipas shkrimit, do siguronte q\u00eb Kievi nuk do t\u00eb ishte n\u00eb gjendje t\u00eb p\u00ebrdorte t\u00eb gjith\u00eb ushtrin\u00eb e tij p\u00ebr t\u2019u p\u00ebrballur me sulmin rus n\u00eb Donbas.<\/span><\/p>\n<p><span style=\"color: #000000;\">N\u00ebse plani i Rusis\u00eb do t\u00eb ishte i suksessh\u00ebm, Kremlini do t\u00eb nd\u00ebrtonte mbrojtje t\u00eb fortifikuara n\u00eb rajon, pretendon media zvicerane. Kjo do t\u00eb thot\u00eb se \u00e7do p\u00ebrpjekje e Ukrain\u00ebs p\u00ebr t\u00eb rimarr\u00eb Donbasin do \u00e7onte n\u00eb humbje t\u00eb r\u00ebnda p\u00ebr Kievin.<\/span><\/p>\n<p><span style=\"color: #000000;\">Raporti sugjeron q\u00eb presidenti rus Vladimir Putin n\u00eb t\u00eb nj\u00ebjt\u00ebn koh\u00eb do propozoj\u00eb bisedime paqeje p\u00ebr vendin fqinj, nd\u00ebrsa n\u00eb m\u00ebnyr\u00eb aktive do t&#8217;i d\u00ebrgoj\u00eb sinjale komunitetit nd\u00ebrkomb\u00ebtar dhe medias se Moska \u00ebsht\u00eb e gatshme p\u00ebr nj\u00eb dialog t\u00eb till\u00eb. Kjo e fundit me sa duket do \u00e7onte n\u00eb uljen e mb\u00ebshtetjes per\u00ebndimore p\u00ebr Kievin.<\/span><\/p>\n<p><span style=\"color: #000000;\">Skenari i dyt\u00eb i supozuar, p\u00ebr t\u00eb cilin gazeta zvicerane pretendon se ka m\u00eb pak t\u00eb ngjar\u00eb t\u00eb ndodh\u00eb, parashikon plane shum\u00eb m\u00eb ambicioze t\u00eb Kremlinit: pushtimin e t\u00eb gjith\u00eb Ukrain\u00ebs. Sipas prognoz\u00ebs s\u00eb supozuar t\u00eb ushtris\u00eb gjermane, forcat ruse do godasin n\u00eb jug nga Donbassi, nd\u00ebrsa deri n\u00eb 70,000 trupa bjelloruse do kalonin kufirin ukrainas n\u00eb veri dhe do marshonin n\u00eb Kiev.<\/span><\/p>\n<p><span style=\"color: #000000;\">Ushtria e Mosk\u00ebs supozohet se do synonte t\u00eb siguronte kufirin e Ukrain\u00ebs me Polonin\u00eb p\u00ebr t\u00eb ndaluar rrjedh\u00ebn e arm\u00ebve per\u00ebndimore n\u00eb vend dhe p\u00ebr t\u00eb kapur rajonin separatist t\u00eb Transnistris\u00eb t\u00eb Moldavis\u00eb.<\/span><\/p>\n<p><span style=\"color: #000000;\">Megjithat\u00eb, p\u00ebr ta arritur k\u00ebt\u00eb, Rusia do t\u00eb duhet t\u00eb shpall\u00eb nj\u00eb mobilizim total. Kjo, megjithat\u00eb \u2018ka m\u00eb pak gjasa t\u00eb ndodh\u00eb \u00a0p\u00ebr arsye t\u00eb brendshme politike\u2019, raportohet t\u00eb ken\u00eb supozuar analist\u00ebt ushtarak\u00eb gjerman\u00eb t\u00eb cituar nga \u2018Neue Z\u00fcrcher Zeitung\u2019.<\/span><\/p>\n<p><span style=\"color: #000000;\">Pavar\u00ebsisht nga skenari q\u00eb Moska zgjedh t\u00eb ndjek\u00eb, ajo do vazhdoj\u00eb t\u00eb synoj\u00eb rrjetin elektrik t\u00eb Ukrain\u00ebs dhe infrastruktur\u00ebn jetike n\u00eb nj\u00eb p\u00ebrpjekje p\u00ebr t\u00eb \u2018lodhur vullnetin e popullit ukrainas p\u00ebr t\u00eb rezistuar\u2019 dhe p\u00ebr \u2018rritur largime t\u00eb m\u00ebtejshme emigrant\u00ebsh drejt BE-s\u00eb\u2019, raportoi gazeta, duke cituar prognoz\u00ebn e supozuar t\u00eb ushtris\u00eb gjermane.<\/span><\/p>\n","protected":false,"gt_translate_keys":[{"key":"rendered","format":"html"}]},"excerpt":{"rendered":"<p>Rusia ka t\u00eb ngjar\u00eb t\u00eb kryej\u00eb nj\u00eb ofensiv\u00eb t\u00eb re n\u00eb Ukrain\u00eb n\u00eb fillim t\u00eb vitit t\u00eb ardhsh\u00ebm, ka raportuar \u2018Neue Z\u00fcrcher Zeitung\u2019 e Zvicr\u00ebs. Gazeta, duke cituar nj\u00eb prognoz\u00eb t\u00eb supozuar t\u00eb brendshme t\u00eb p\u00ebrgatitur nga Ministria e Mbrojtjes e Gjermanis\u00eb, pretendoi se objektivat e Mosk\u00ebs mund t\u00eb shkojn\u00eb nga kapja e gjith\u00eb rajonit [&hellip;]<\/p>\n","protected":false,"gt_translate_keys":[{"key":"rendered","format":"html"}]},"author":51,"featured_media":570116,"comment_status":"closed","ping_status":"closed","sticky":false,"template":"","format":"standard","meta":{"footnotes":""},"categories":[53],"tags":[],"class_list":["post-570115","post","type-post","status-publish","format-standard","has-post-thumbnail","hentry","category-fast-foodi"],"gt_translate_keys":[{"key":"link","format":"url"}],"_links":{"self":[{"href":"https:\/\/www.hashtag.al\/index.php\/wp-json\/wp\/v2\/posts\/570115","targetHints":{"allow":["GET"]}}],"collection":[{"href":"https:\/\/www.hashtag.al\/index.php\/wp-json\/wp\/v2\/posts"}],"about":[{"href":"https:\/\/www.hashtag.al\/index.php\/wp-json\/wp\/v2\/types\/post"}],"author":[{"embeddable":true,"href":"https:\/\/www.hashtag.al\/index.php\/wp-json\/wp\/v2\/users\/51"}],"replies":[{"embeddable":true,"href":"https:\/\/www.hashtag.al\/index.php\/wp-json\/wp\/v2\/comments?post=570115"}],"version-history":[{"count":0,"href":"https:\/\/www.hashtag.al\/index.php\/wp-json\/wp\/v2\/posts\/570115\/revisions"}],"wp:featuredmedia":[{"embeddable":true,"href":"https:\/\/www.hashtag.al\/index.php\/wp-json\/wp\/v2\/media\/570116"}],"wp:attachment":[{"href":"https:\/\/www.hashtag.al\/index.php\/wp-json\/wp\/v2\/media?parent=570115"}],"wp:term":[{"taxonomy":"category","embeddable":true,"href":"https:\/\/www.hashtag.al\/index.php\/wp-json\/wp\/v2\/categories?post=570115"},{"taxonomy":"post_tag","embeddable":true,"href":"https:\/\/www.hashtag.al\/index.php\/wp-json\/wp\/v2\/tags?post=570115"}],"curies":[{"name":"wp","href":"https:\/\/api.w.org\/{rel}","templated":true}]}}