{"id":570085,"date":"2022-12-26T17:55:10","date_gmt":"2022-12-26T16:55:10","guid":{"rendered":"https:\/\/www.hashtag.al\/?p=570085"},"modified":"2022-12-26T17:55:10","modified_gmt":"2022-12-26T16:55:10","slug":"kurti-mbledh-keshillin-e-sigurise-dhuna-ne-veri-e-bashkerenduar-nga-qeveria-e-serbise-me-grupet-kriminale","status":"publish","type":"post","link":"https:\/\/www.hashtag.al\/index.php\/2022\/12\/26\/kurti-mbledh-keshillin-e-sigurise-dhuna-ne-veri-e-bashkerenduar-nga-qeveria-e-serbise-me-grupet-kriminale\/","title":{"rendered":"Kurti mbledh K\u00ebshillin e Siguris\u00eb: Dhuna n\u00eb veri e bashk\u00ebrenduar nga qeveria e Serbis\u00eb me grupet kriminale","gt_translate_keys":[{"key":"rendered","format":"text"}]},"content":{"rendered":"<p><span style=\"color: #000000;\"><img loading=\"lazy\" decoding=\"async\" class=\"aligncenter size-full wp-image-569802\" src=\"https:\/\/www.hashtag.al\/wp-content\/uploads\/2022\/12\/kurti-1.png\" alt=\"\" width=\"938\" height=\"632\" srcset=\"https:\/\/www.hashtag.al\/wp-content\/uploads\/2022\/12\/kurti-1.png 938w, https:\/\/www.hashtag.al\/wp-content\/uploads\/2022\/12\/kurti-1-300x202.png 300w, https:\/\/www.hashtag.al\/wp-content\/uploads\/2022\/12\/kurti-1-768x517.png 768w\" sizes=\"auto, (max-width: 938px) 100vw, 938px\" \/><\/span><\/p>\n<p><span style=\"color: #000000;\">Kryeministri i Kosov\u00ebs Albin Kurti, ka mbledhur K\u00ebshillin e Siguris\u00eb ku \u00ebsht\u00eb diskutuar gjendja n\u00eb veri t\u00eb vendit. <\/span><\/p>\n<p><span style=\"color: #000000;\">Kreu i qeveris\u00eb theksoi se dhuna n\u00eb veri t\u00eb vendit \u00ebsht\u00eb bashk\u00ebrenduar mes qeveris\u00eb s\u00eb Serbis\u00eb e grupeve kriminale.<\/span><\/p>\n<p><span style=\"color: #000000;\"><em>\u201cKryeministri i Republik\u00ebs s\u00eb Kosov\u00ebs, Albin Kurti, ka mbajtur takimin e K\u00ebshillit t\u00eb Siguris\u00eb s\u00eb Kosov\u00ebs, lidhur me situat\u00ebn e krijuar n\u00eb veri t\u00eb vendit dhe incidentet e fundit t\u00eb shkaktuara nga strukturat ilegale dhe grupet kriminale, t\u00eb koordinuar dhe mb\u00ebshtetura nga Qeveria e Serbis\u00eb, e t\u00eb cilat me t\u00eb gjitha mjetet n\u00eb dispozicion po veprojn\u00eb kund\u00ebr Rendit Kushtetues t\u00eb Republik\u00ebs s\u00eb Kosov\u00ebs.U tha se ky k\u00ebrc\u00ebnim dhe k\u00ebto veprime vijn\u00eb si rezultat i koordinimit t\u00eb ngusht\u00eb mes Qeveris\u00eb s\u00eb Serbis\u00eb dhe strukturave ilegale dhe grupeve kriminale, e cila po ashtu po p\u00ebrhap\u00eb propagand\u00eb.\u201d &#8211; <\/em>thuhet n\u00eb komunikat\u00ebn p\u00ebr media.<\/span><\/p>\n<p><span style=\"color: #000000;\">M\u00eb tej n\u00eb komunikat\u00eb theksohet se autoritetet e Kosov\u00ebs kan\u00eb qen\u00eb n\u00eb kontakt t\u00eb ngusht\u00eb me KFOR-in mbi gjendjen e krijuar prej 17 dit\u00ebsh dhe se policia e Kosov\u00ebs i ka t\u00eb gjitha aft\u00ebsit\u00eb p\u00ebr t\u2019iu p\u00ebrgjigjur situat\u00ebs por \u00ebsht\u00eb n\u00eb pritje t\u00eb vendimeve t\u00eb KFOR-it.<\/span><\/p>\n<p><span style=\"color: #000000;\"><em>\u201cStrukturat ilegale si dhe grupet kriminale po vazhdojn\u00eb t\u00eb kryejn\u00eb akte ekstremiste ndaj qytetar\u00ebve t\u00eb Republik\u00ebs,\u00a0 institucioneve shtet\u00ebrore,\u00a0 ndaj pjes\u00ebtar\u00ebve t\u00eb Policis\u00eb s\u00eb Kosov\u00ebs, gazetar\u00ebve, ndaj pjes\u00ebtar\u00ebve misionit t\u00eb EULEX-it dhe nj\u00ebsive patrulluese t\u00eb KFOR-it. U theksua se brenda k\u00ebtyre 17 dit\u00ebve q\u00eb nga ngritja e barrikadave ka pasur komunikim t\u00eb vazhduesh\u00ebm me KFOR-in. Po ashtu, u ritheksua se Policia e Kosov\u00ebs i ka t\u00eb gjitha kapacitetet dhe gatishm\u00ebrin\u00eb p\u00ebr t\u00eb vepruar por si\u00e7 dihet tashm\u00eb, jemi n\u00eb pritje t\u00eb veprimeve nga KFOR-i.\u201d<\/em> &#8211; mbyllet deklarata.<\/span><\/p>\n","protected":false,"gt_translate_keys":[{"key":"rendered","format":"html"}]},"excerpt":{"rendered":"<p>Kryeministri i Kosov\u00ebs Albin Kurti, ka mbledhur K\u00ebshillin e Siguris\u00eb ku \u00ebsht\u00eb diskutuar gjendja n\u00eb veri t\u00eb vendit. Kreu i qeveris\u00eb theksoi se dhuna n\u00eb veri t\u00eb vendit \u00ebsht\u00eb bashk\u00ebrenduar mes qeveris\u00eb s\u00eb Serbis\u00eb e grupeve kriminale. \u201cKryeministri i Republik\u00ebs s\u00eb Kosov\u00ebs, Albin Kurti, ka mbajtur takimin e K\u00ebshillit t\u00eb Siguris\u00eb s\u00eb Kosov\u00ebs, lidhur me [&hellip;]<\/p>\n","protected":false,"gt_translate_keys":[{"key":"rendered","format":"html"}]},"author":51,"featured_media":569802,"comment_status":"closed","ping_status":"closed","sticky":false,"template":"","format":"standard","meta":{"footnotes":""},"categories":[149],"tags":[],"class_list":["post-570085","post","type-post","status-publish","format-standard","has-post-thumbnail","hentry","category-kosoverajon"],"gt_translate_keys":[{"key":"link","format":"url"}],"_links":{"self":[{"href":"https:\/\/www.hashtag.al\/index.php\/wp-json\/wp\/v2\/posts\/570085","targetHints":{"allow":["GET"]}}],"collection":[{"href":"https:\/\/www.hashtag.al\/index.php\/wp-json\/wp\/v2\/posts"}],"about":[{"href":"https:\/\/www.hashtag.al\/index.php\/wp-json\/wp\/v2\/types\/post"}],"author":[{"embeddable":true,"href":"https:\/\/www.hashtag.al\/index.php\/wp-json\/wp\/v2\/users\/51"}],"replies":[{"embeddable":true,"href":"https:\/\/www.hashtag.al\/index.php\/wp-json\/wp\/v2\/comments?post=570085"}],"version-history":[{"count":0,"href":"https:\/\/www.hashtag.al\/index.php\/wp-json\/wp\/v2\/posts\/570085\/revisions"}],"wp:featuredmedia":[{"embeddable":true,"href":"https:\/\/www.hashtag.al\/index.php\/wp-json\/wp\/v2\/media\/569802"}],"wp:attachment":[{"href":"https:\/\/www.hashtag.al\/index.php\/wp-json\/wp\/v2\/media?parent=570085"}],"wp:term":[{"taxonomy":"category","embeddable":true,"href":"https:\/\/www.hashtag.al\/index.php\/wp-json\/wp\/v2\/categories?post=570085"},{"taxonomy":"post_tag","embeddable":true,"href":"https:\/\/www.hashtag.al\/index.php\/wp-json\/wp\/v2\/tags?post=570085"}],"curies":[{"name":"wp","href":"https:\/\/api.w.org\/{rel}","templated":true}]}}