{"id":570079,"date":"2022-12-26T17:24:59","date_gmt":"2022-12-26T16:24:59","guid":{"rendered":"https:\/\/www.hashtag.al\/?p=570079"},"modified":"2022-12-26T17:42:40","modified_gmt":"2022-12-26T16:42:40","slug":"autobuset-me-emigrante-dergohen-ne-rezidencen-e-zv-presidentes-harrisit-demokratet-akuza-republikaneve-video","status":"publish","type":"post","link":"https:\/\/www.hashtag.al\/index.php\/2022\/12\/26\/autobuset-me-emigrante-dergohen-ne-rezidencen-e-zv-presidentes-harrisit-demokratet-akuza-republikaneve-video\/","title":{"rendered":"Autobus\u00ebt me emigrant\u00eb d\u00ebrgohen n\u00eb rezidenc\u00ebn e zv.presidentes Harris, demokrat\u00ebt akuza republikan\u00ebve (Video)","gt_translate_keys":[{"key":"rendered","format":"text"}]},"content":{"rendered":"<p><img loading=\"lazy\" decoding=\"async\" class=\"aligncenter size-full wp-image-570080\" src=\"https:\/\/www.hashtag.al\/wp-content\/uploads\/2022\/12\/emigrante.jpg\" alt=\"\" width=\"768\" height=\"432\" srcset=\"https:\/\/www.hashtag.al\/wp-content\/uploads\/2022\/12\/emigrante.jpg 768w, https:\/\/www.hashtag.al\/wp-content\/uploads\/2022\/12\/emigrante-300x169.jpg 300w\" sizes=\"auto, (max-width: 768px) 100vw, 768px\" \/><\/p>\n<p><span style=\"color: #000000;\">Tre autobus\u00eb me 110 deri n\u00eb 130 emigrant\u00eb mb\u00ebrrit\u00ebn jasht\u00eb Observatorit Detar, rezidenca zyrtare e z\u00ebvend\u00ebspresidentes amerikane n\u00eb Uashington DC, t\u00eb shtun\u00ebn mbr\u00ebma, ku u prit\u00ebn nga nj\u00eb organizat\u00eb bamir\u00ebse lokale dhe u d\u00ebrguan n\u00eb nj\u00eb streh\u00eb t\u00eb p\u00ebrkohshme n\u00eb nj\u00eb kish\u00eb aty pran\u00eb.<\/span><\/p>\n<p><span style=\"color: #000000;\">Nj\u00eb p\u00ebrfaq\u00ebsues i SAMU First Response pranoi se agjencia e ndihm\u00ebs kishte pritur t\u00eb ardhurit dhe ishte gati t\u00eb largonte familjet nga i ftohti, nd\u00ebrsa nj\u00eb zinxhir vendas restorantesh dhuroi dark\u00ebn e m\u00ebngjesin.<\/span><\/p>\n<p><span style=\"color: #000000;\">Duke akuzuar autoritetet e Teksasit p\u00ebr braktisjen e njer\u00ebzve n\u00eb \u2018mbr\u00ebm\u00ebn m\u00eb t\u00eb ftoht\u00eb t\u00eb Krishtlindjeve t\u00eb regjistruar p\u00ebr Uashingtonin\u2019, media shp\u00ebrndau video shqet\u00ebsuese t\u00eb familjeve me f\u00ebmij\u00eb, t\u00eb mb\u00ebshtjella me batanije, duke ngarkuar gj\u00ebrat e tyre n\u00eb autobus\u00eb t\u00eb tjer\u00eb. Tatiana Labord e SAMU tha se shumica e t\u00eb ardhurve pritej t\u00eb q\u00ebndronin n\u00eb Uashington vet\u00ebm p\u00ebr nj\u00eb koh\u00eb t\u00eb shkurt\u00ebr, pasi ata po shkojn\u00eb n\u00eb \u2018destinacione t\u00eb tjera\u2019.<\/span><\/p>\n<div style=\"width: 640px;\" class=\"wp-video\"><video class=\"wp-video-shortcode\" id=\"video-570079-1\" width=\"640\" height=\"360\" preload=\"metadata\" controls=\"controls\"><source type=\"video\/mp4\" src=\"https:\/\/www.hashtag.al\/wp-content\/uploads\/2022\/12\/emigrante1.mp4?_=1\" \/><a href=\"https:\/\/www.hashtag.al\/wp-content\/uploads\/2022\/12\/emigrante1.mp4\">https:\/\/www.hashtag.al\/wp-content\/uploads\/2022\/12\/emigrante1.mp4<\/a><\/video><\/div>\n<p>&nbsp;<\/p>\n<p><span style=\"color: #000000;\">Autoritetet e Teksasit nuk e kan\u00eb konfirmuar dhe as mohuar p\u00ebrfshirjen e tyre deri m\u00eb tani, por demokrat\u00ebt akuzuan menj\u00ebher\u00eb guvernatorin republikan Greg Abbott, duke argumentuar se marifeti ishte \u2018n\u00eb p\u00ebrputhje\u2019 me veprimet e m\u00ebparshme t\u00eb tij dhe t\u00eb guvernator\u00ebve t\u00eb tjer\u00eb republikan\u00eb.<\/span><\/p>\n<p><span style=\"color: #000000;\"><em>\u201cGuvernatori Abbott braktisi f\u00ebmij\u00ebt n\u00eb an\u00eb t\u00eb rrug\u00ebs n\u00eb temperatura n\u00ebn zero n\u00eb prag t\u00eb Krishtlindjeve pa u bashk\u00ebrenduar me ndonj\u00eb autoritet federal apo vendor\u201d<\/em>, tha n\u00eb nj\u00eb deklarat\u00eb ndihm\u00ebs sekretari i shtypit i Sht\u00ebpis\u00eb s\u00eb Bardh\u00eb, Abdullah Hasan, duke e quajtur sjelljen \u2018mizore, t\u00eb rrezikshme e t\u00eb paturp\u2019.<\/span><\/p>\n<p><span style=\"color: #000000;\">Zyra e Abbott tha jav\u00ebn e kaluar se Teksasi ka transportuar m\u00eb shum\u00eb se 15,000 migrant\u00eb n\u00eb qytetet \u2018e shenjta\u2019 si Uashingtoni, Nju Jorku, \u00c7ikago dhe Filadelfia q\u00eb nga prilli. Nuk do ishte hera e par\u00eb q\u00eb Abbott d\u00ebrgon autobus\u00eb plot me emigrant\u00eb t\u00eb sapoardhur n\u00eb pragun e zv.Presidentes Kamala Harris, e cila e ka vizituar kufirin vet\u00ebm nj\u00eb her\u00eb q\u00eb kur administrata Biden e ngarkoi at\u00eb t\u00eb trajtonte kriz\u00ebn atje vitin e kaluar.<\/span><\/p>\n<p><span style=\"color: #000000;\">Guvernatori i Florid\u00ebs Ron DeSantis DeSantis gjithashtu d\u00ebrgoi emigrant\u00eb t\u00eb paligjsh\u00ebm n\u00eb vende t\u00eb ngjashme n\u00eb t\u00eb kaluar\u00ebn. N\u00eb shtator ai d\u00ebrgoi dy avion\u00eb t\u00eb ngarkuar me emigrant\u00eb n\u00eb enklav\u00ebn e ishullit Martha&#8217;s Vineyard, sht\u00ebpia e familjes Obama dhe politikan\u00ebve t\u00eb ther\u00eb me pesh\u00eb. <\/span><\/p>\n<p><span style=\"color: #000000;\">Ai ka k\u00ebrkuar prej koh\u00ebsh fonde federale p\u00ebr t\u00eb paguar p\u00ebr zhvendosjen e emigrant\u00ebve t\u00eb paligjsh\u00ebm, t\u00eb cil\u00ebt ai pretendonte se qeveria federale i kishte d\u00ebrguar n\u00eb Florida pa njoftim paraprak ose pa lejen e autoriteteve shtet\u00ebrore.<\/span><\/p>\n<div style=\"width: 640px;\" class=\"wp-video\"><video class=\"wp-video-shortcode\" id=\"video-570079-2\" width=\"640\" height=\"360\" preload=\"metadata\" controls=\"controls\"><source type=\"video\/mp4\" src=\"https:\/\/www.hashtag.al\/wp-content\/uploads\/2022\/12\/emigrante1.mp42.mp4?_=2\" \/><a href=\"https:\/\/www.hashtag.al\/wp-content\/uploads\/2022\/12\/emigrante1.mp42.mp4\">https:\/\/www.hashtag.al\/wp-content\/uploads\/2022\/12\/emigrante1.mp42.mp4<\/a><\/video><\/div>\n","protected":false,"gt_translate_keys":[{"key":"rendered","format":"html"}]},"excerpt":{"rendered":"<p>Tre autobus\u00eb me 110 deri n\u00eb 130 emigrant\u00eb mb\u00ebrrit\u00ebn jasht\u00eb Observatorit Detar, rezidenca zyrtare e z\u00ebvend\u00ebspresidentes amerikane n\u00eb Uashington DC, t\u00eb shtun\u00ebn mbr\u00ebma, ku u prit\u00ebn nga nj\u00eb organizat\u00eb bamir\u00ebse lokale dhe u d\u00ebrguan n\u00eb nj\u00eb streh\u00eb t\u00eb p\u00ebrkohshme n\u00eb nj\u00eb kish\u00eb aty pran\u00eb. Nj\u00eb p\u00ebrfaq\u00ebsues i SAMU First Response pranoi se agjencia e ndihm\u00ebs [&hellip;]<\/p>\n","protected":false,"gt_translate_keys":[{"key":"rendered","format":"html"}]},"author":51,"featured_media":570080,"comment_status":"closed","ping_status":"closed","sticky":false,"template":"","format":"standard","meta":{"footnotes":""},"categories":[53],"tags":[],"class_list":["post-570079","post","type-post","status-publish","format-standard","has-post-thumbnail","hentry","category-fast-foodi"],"gt_translate_keys":[{"key":"link","format":"url"}],"_links":{"self":[{"href":"https:\/\/www.hashtag.al\/index.php\/wp-json\/wp\/v2\/posts\/570079","targetHints":{"allow":["GET"]}}],"collection":[{"href":"https:\/\/www.hashtag.al\/index.php\/wp-json\/wp\/v2\/posts"}],"about":[{"href":"https:\/\/www.hashtag.al\/index.php\/wp-json\/wp\/v2\/types\/post"}],"author":[{"embeddable":true,"href":"https:\/\/www.hashtag.al\/index.php\/wp-json\/wp\/v2\/users\/51"}],"replies":[{"embeddable":true,"href":"https:\/\/www.hashtag.al\/index.php\/wp-json\/wp\/v2\/comments?post=570079"}],"version-history":[{"count":0,"href":"https:\/\/www.hashtag.al\/index.php\/wp-json\/wp\/v2\/posts\/570079\/revisions"}],"wp:featuredmedia":[{"embeddable":true,"href":"https:\/\/www.hashtag.al\/index.php\/wp-json\/wp\/v2\/media\/570080"}],"wp:attachment":[{"href":"https:\/\/www.hashtag.al\/index.php\/wp-json\/wp\/v2\/media?parent=570079"}],"wp:term":[{"taxonomy":"category","embeddable":true,"href":"https:\/\/www.hashtag.al\/index.php\/wp-json\/wp\/v2\/categories?post=570079"},{"taxonomy":"post_tag","embeddable":true,"href":"https:\/\/www.hashtag.al\/index.php\/wp-json\/wp\/v2\/tags?post=570079"}],"curies":[{"name":"wp","href":"https:\/\/api.w.org\/{rel}","templated":true}]}}