{"id":570067,"date":"2022-12-26T16:25:46","date_gmt":"2022-12-26T15:25:46","guid":{"rendered":"https:\/\/www.hashtag.al\/?p=570067"},"modified":"2022-12-26T16:25:46","modified_gmt":"2022-12-26T15:25:46","slug":"tensionet-ne-rritje-india-do-vendose-raketa-balistike-prane-kufijve-me-kinen-e-pakistanin-media","status":"publish","type":"post","link":"https:\/\/www.hashtag.al\/index.php\/2022\/12\/26\/tensionet-ne-rritje-india-do-vendose-raketa-balistike-prane-kufijve-me-kinen-e-pakistanin-media\/","title":{"rendered":"Tensionet n\u00eb rritje, India do vendos\u00eb raketa balistike pran\u00eb kufijve me Kin\u00ebn e Pakistanin &#8211; Media","gt_translate_keys":[{"key":"rendered","format":"text"}]},"content":{"rendered":"<p><img loading=\"lazy\" decoding=\"async\" class=\"aligncenter size-full wp-image-570068\" src=\"https:\/\/www.hashtag.al\/wp-content\/uploads\/2022\/12\/raketa-1.jpg\" alt=\"\" width=\"768\" height=\"432\" srcset=\"https:\/\/www.hashtag.al\/wp-content\/uploads\/2022\/12\/raketa-1.jpg 768w, https:\/\/www.hashtag.al\/wp-content\/uploads\/2022\/12\/raketa-1-300x169.jpg 300w\" sizes=\"auto, (max-width: 768px) 100vw, 768px\" \/><\/p>\n<p><span style=\"color: #000000;\">India synon t\u00eb vendos\u00eb m\u00eb shum\u00eb se nj\u00ebqind raketa balistike p\u00ebrgjat\u00eb kufirit t\u00eb saj me Kin\u00ebn dhe Pakistanin, sipas agjencis\u00eb lokale t\u00eb lajmeve ANI. Raporti pason pretendimet e Nju Delhit p\u00ebr p\u00ebrleshje midis trupave indiane dhe kineze n\u00eb nj\u00eb zon\u00eb t\u00eb kontestuar t\u00eb Himalajeve n\u00eb fillim t\u00eb k\u00ebtij muaji.<\/span><\/p>\n<p><span style=\"color: #000000;\"><em>\u201cNj\u00eb takim i nivelit t\u00eb lart\u00eb i Ministris\u00eb s\u00eb Mbrojtjes zgjidhi blerjen e rreth 120 raketave p\u00ebr Forcat e Armatosura dhe vendosjen e tyre p\u00ebrgjat\u00eb kufijve\u201d<\/em>, tha nj\u00eb burim i lart\u00eb i mbrojtjes p\u00ebr gazet\u00ebn.<\/span><\/p>\n<p><span style=\"color: #000000;\">Sipas ANI, arm\u00ebt n\u00eb fjal\u00eb jan\u00eb raketa Pralay t\u00eb zhvilluara n\u00eb vend. Pajisjet balistike taktike me rreze t\u00eb shkurt\u00ebr veprimi u testuan me sukses nga ushtria indiane nj\u00eb vit m\u00eb par\u00eb.<\/span><\/p>\n<p><span style=\"color: #000000;\">Thuhet se ato kan\u00eb aft\u00ebsin\u00eb p\u00ebr t\u00eb goditur objektivat n\u00eb nj\u00eb larg\u00ebsi nga 150 deri n\u00eb 500 kilometra dhe jan\u00eb t\u00eb v\u00ebshtira p\u00ebr t&#8217;u kapur nga mbrojtja ajrore, p\u00ebr shkak t\u00eb ndryshimit t\u00eb drejtimit gjat\u00eb fluturimit.<\/span><\/p>\n<p><span style=\"color: #000000;\">Agjencia e p\u00ebrshkroi zhvillimin si nj\u00eb \u2018vendim t\u00eb madh\u2019 p\u00ebr vendin, i cili tani ka nj\u00eb politik\u00eb q\u00eb lejon p\u00ebrdorimin e raketave balistike n\u00eb role taktike.<\/span><\/p>\n<p><span style=\"color: #000000;\">Fqinj\u00ebt dhe rival\u00ebt gjeopolitik\u00eb t\u00eb Indis\u00eb, Kina e Pakistani, t\u00eb cil\u00ebt jan\u00eb gjithashtu fuqi b\u00ebrthamore, t\u00eb dyja kan\u00eb raketa balistike n\u00eb arsenalet e tyre. India kufizohet gjithashtu me Nepalin, Butanin, Bangladeshin dhe Mianmarin.<\/span><\/p>\n<p><span style=\"color: #000000;\">N\u00eb fillim t\u00eb dhjetorit, Ministria e Mbrojtjes n\u00eb Nju Delhi tha se kishte pasur p\u00ebrleshje t\u00eb shkurtra midis rojeve kufitare indiane dhe kineze n\u00eb shtetin Arunachal Pradesh, n\u00eb Himalaje. Incidenti la gjasht\u00eb ushtar\u00eb indian\u00eb t\u00eb plagosur, tha ministria. Ai akuzoi Pekinin, i cili nuk pohoi se p\u00ebrleshja ndodhi, p\u00ebr p\u00ebrpjekje p\u00ebr t\u00eb ndryshuar \u2018n\u00eb m\u00ebnyr\u00eb t\u00eb nj\u00ebanshme\u2019 status quo-n\u00eb n\u00eb zon\u00ebn kufitare t\u00eb Himalajeve.<\/span><\/p>\n<p><span style=\"color: #000000;\">India gjithashtu ka nj\u00eb mosmarr\u00ebveshje t\u00eb q\u00ebndrueshme territoriale me Pakistanin. P\u00ebrplasja mbi rajonin e Kashmirit \u00ebsht\u00eb acaruar midis Nju Delhit dhe Islamabadit q\u00eb nga viti 1947, duke \u00e7uar n\u00eb tre luft\u00ebra dhe nj\u00eb num\u00ebr p\u00ebrleshjesh m\u00eb t\u00eb vogla.<\/span><\/p>\n","protected":false,"gt_translate_keys":[{"key":"rendered","format":"html"}]},"excerpt":{"rendered":"<p>India synon t\u00eb vendos\u00eb m\u00eb shum\u00eb se nj\u00ebqind raketa balistike p\u00ebrgjat\u00eb kufirit t\u00eb saj me Kin\u00ebn dhe Pakistanin, sipas agjencis\u00eb lokale t\u00eb lajmeve ANI. Raporti pason pretendimet e Nju Delhit p\u00ebr p\u00ebrleshje midis trupave indiane dhe kineze n\u00eb nj\u00eb zon\u00eb t\u00eb kontestuar t\u00eb Himalajeve n\u00eb fillim t\u00eb k\u00ebtij muaji. \u201cNj\u00eb takim i nivelit t\u00eb lart\u00eb [&hellip;]<\/p>\n","protected":false,"gt_translate_keys":[{"key":"rendered","format":"html"}]},"author":51,"featured_media":570068,"comment_status":"closed","ping_status":"closed","sticky":false,"template":"","format":"standard","meta":{"footnotes":""},"categories":[53],"tags":[],"class_list":["post-570067","post","type-post","status-publish","format-standard","has-post-thumbnail","hentry","category-fast-foodi"],"gt_translate_keys":[{"key":"link","format":"url"}],"_links":{"self":[{"href":"https:\/\/www.hashtag.al\/index.php\/wp-json\/wp\/v2\/posts\/570067","targetHints":{"allow":["GET"]}}],"collection":[{"href":"https:\/\/www.hashtag.al\/index.php\/wp-json\/wp\/v2\/posts"}],"about":[{"href":"https:\/\/www.hashtag.al\/index.php\/wp-json\/wp\/v2\/types\/post"}],"author":[{"embeddable":true,"href":"https:\/\/www.hashtag.al\/index.php\/wp-json\/wp\/v2\/users\/51"}],"replies":[{"embeddable":true,"href":"https:\/\/www.hashtag.al\/index.php\/wp-json\/wp\/v2\/comments?post=570067"}],"version-history":[{"count":0,"href":"https:\/\/www.hashtag.al\/index.php\/wp-json\/wp\/v2\/posts\/570067\/revisions"}],"wp:featuredmedia":[{"embeddable":true,"href":"https:\/\/www.hashtag.al\/index.php\/wp-json\/wp\/v2\/media\/570068"}],"wp:attachment":[{"href":"https:\/\/www.hashtag.al\/index.php\/wp-json\/wp\/v2\/media?parent=570067"}],"wp:term":[{"taxonomy":"category","embeddable":true,"href":"https:\/\/www.hashtag.al\/index.php\/wp-json\/wp\/v2\/categories?post=570067"},{"taxonomy":"post_tag","embeddable":true,"href":"https:\/\/www.hashtag.al\/index.php\/wp-json\/wp\/v2\/tags?post=570067"}],"curies":[{"name":"wp","href":"https:\/\/api.w.org\/{rel}","templated":true}]}}