{"id":570039,"date":"2022-12-26T14:01:09","date_gmt":"2022-12-26T13:01:09","guid":{"rendered":"https:\/\/www.hashtag.al\/?p=570039"},"modified":"2022-12-26T14:01:09","modified_gmt":"2022-12-26T13:01:09","slug":"rendohet-gjendja-shendetesore-e-paraplegjikeve-ne-elbasan-prej-tre-ditesh-ne-greve-urie-asnje-institucion-nuk-ka-reaguar","status":"publish","type":"post","link":"https:\/\/www.hashtag.al\/index.php\/2022\/12\/26\/rendohet-gjendja-shendetesore-e-paraplegjikeve-ne-elbasan-prej-tre-ditesh-ne-greve-urie-asnje-institucion-nuk-ka-reaguar\/","title":{"rendered":"R\u00ebndohet gjendja sh\u00ebndet\u00ebsore e paraplegjik\u00ebve n\u00eb Elbasan, prej tre dit\u00ebsh n\u00eb grev\u00eb urie asnj\u00eb institucion nuk ka reaguar","gt_translate_keys":[{"key":"rendered","format":"text"}]},"content":{"rendered":"<p><span style=\"color: #000000;\"><a style=\"color: #000000;\" href=\"https:\/\/www.hashtag.al\/wp-content\/uploads\/2022\/12\/paraplegjiket.jpg\"><img loading=\"lazy\" decoding=\"async\" class=\"aligncenter size-full wp-image-570040\" src=\"https:\/\/www.hashtag.al\/wp-content\/uploads\/2022\/12\/paraplegjiket.jpg\" alt=\"\" width=\"640\" height=\"361\" srcset=\"https:\/\/www.hashtag.al\/wp-content\/uploads\/2022\/12\/paraplegjiket.jpg 640w, https:\/\/www.hashtag.al\/wp-content\/uploads\/2022\/12\/paraplegjiket-300x169.jpg 300w\" sizes=\"auto, (max-width: 640px) 100vw, 640px\" \/><\/a><\/span><\/p>\n<p><span style=\"color: #000000;\">Greva e uris\u00eb e Paraplegjik\u00ebve n\u00eb Elbasan \u00ebsht\u00eb futur n\u00eb dit\u00ebn e tret\u00eb.<\/span><\/p>\n<p><span style=\"color: #000000;\">Sekretari i Shoqat\u00ebs Skender Sollaku u shpreh se situata \u00ebsht\u00eb shum\u00eb kritike.<\/span><\/p>\n<p><span style=\"color: #000000;\">\u201cKemi tri dit\u00eb n\u00eb grev\u00eb urie dhe nuk kemi marr\u00eb asnj\u00eb kontakt me institucione apo sh\u00ebrbim social. Ne k\u00ebrkojm\u00eb t\u00eb plot\u00ebsohen k\u00ebrkesat tona\u201d, ka th\u00ebn\u00eb Sollaku.<\/span><\/p>\n<p><span style=\"color: #000000;\">Personat q\u00eb jan\u00eb futur n\u00eb grev\u00eb urie jan\u00eb shoq\u00ebruar edhe nga familjar\u00eb.<\/span><\/p>\n<p><span style=\"color: #000000;\">\u201c<em>Situata r\u00ebndohet dit\u00eb pas dite. Kemi probleme me kempin. P\u00ebrse ndodh kjo. I thas\u00eb doktorit p\u00ebrse me ke hequr kempin. Jo m\u00eb tha, e ka hequr kryeministri. Kam 40 vite q\u00eb djalin e shoh t\u00eb shtrir\u00eb e laj si bebe. I b\u00ebj thirrje Edi Ram\u00ebs dhe atij eprorit tek Kempi q\u00eb t\u00eb na vij\u00eb. Edi Rama t\u00eb vij\u00eb t\u00eb na\u00a0 takoj\u00eb, t\u00eb m\u00eb takoj\u00eb si n\u00ebn\u00eb, t\u00eb shoh\u00eb f\u00ebmij\u00ebn, n\u00ebse nuk i takon ia paguaj un\u00eb parat\u00eb q\u00eb kan\u00eb dh\u00ebn\u00eb<\/em>\u201d, tha nj\u00eb familjare p\u00ebr News 24.<\/span><\/p>\n<p>&nbsp;<\/p>\n","protected":false,"gt_translate_keys":[{"key":"rendered","format":"html"}]},"excerpt":{"rendered":"<p>Greva e uris\u00eb e Paraplegjik\u00ebve n\u00eb Elbasan \u00ebsht\u00eb futur n\u00eb dit\u00ebn e tret\u00eb. Sekretari i Shoqat\u00ebs Skender Sollaku u shpreh se situata \u00ebsht\u00eb shum\u00eb kritike. \u201cKemi tri dit\u00eb n\u00eb grev\u00eb urie dhe nuk kemi marr\u00eb asnj\u00eb kontakt me institucione apo sh\u00ebrbim social. Ne k\u00ebrkojm\u00eb t\u00eb plot\u00ebsohen k\u00ebrkesat tona\u201d, ka th\u00ebn\u00eb Sollaku. Personat q\u00eb jan\u00eb futur [&hellip;]<\/p>\n","protected":false,"gt_translate_keys":[{"key":"rendered","format":"html"}]},"author":32,"featured_media":570040,"comment_status":"closed","ping_status":"closed","sticky":false,"template":"","format":"standard","meta":{"footnotes":""},"categories":[65,13],"tags":[],"class_list":["post-570039","post","type-post","status-publish","format-standard","has-post-thumbnail","hentry","category-lajme","category-te-fundit"],"gt_translate_keys":[{"key":"link","format":"url"}],"_links":{"self":[{"href":"https:\/\/www.hashtag.al\/index.php\/wp-json\/wp\/v2\/posts\/570039","targetHints":{"allow":["GET"]}}],"collection":[{"href":"https:\/\/www.hashtag.al\/index.php\/wp-json\/wp\/v2\/posts"}],"about":[{"href":"https:\/\/www.hashtag.al\/index.php\/wp-json\/wp\/v2\/types\/post"}],"author":[{"embeddable":true,"href":"https:\/\/www.hashtag.al\/index.php\/wp-json\/wp\/v2\/users\/32"}],"replies":[{"embeddable":true,"href":"https:\/\/www.hashtag.al\/index.php\/wp-json\/wp\/v2\/comments?post=570039"}],"version-history":[{"count":0,"href":"https:\/\/www.hashtag.al\/index.php\/wp-json\/wp\/v2\/posts\/570039\/revisions"}],"wp:featuredmedia":[{"embeddable":true,"href":"https:\/\/www.hashtag.al\/index.php\/wp-json\/wp\/v2\/media\/570040"}],"wp:attachment":[{"href":"https:\/\/www.hashtag.al\/index.php\/wp-json\/wp\/v2\/media?parent=570039"}],"wp:term":[{"taxonomy":"category","embeddable":true,"href":"https:\/\/www.hashtag.al\/index.php\/wp-json\/wp\/v2\/categories?post=570039"},{"taxonomy":"post_tag","embeddable":true,"href":"https:\/\/www.hashtag.al\/index.php\/wp-json\/wp\/v2\/tags?post=570039"}],"curies":[{"name":"wp","href":"https:\/\/api.w.org\/{rel}","templated":true}]}}