{"id":570034,"date":"2022-12-26T13:38:09","date_gmt":"2022-12-26T12:38:09","guid":{"rendered":"https:\/\/www.hashtag.al\/?p=570034"},"modified":"2022-12-26T13:38:09","modified_gmt":"2022-12-26T12:38:09","slug":"blushi-qeveria-amniston-oligarket-qe-ndertojne-ne-qender-te-tiranes-te-varfrit-dergohen-ne-burg","status":"publish","type":"post","link":"https:\/\/www.hashtag.al\/index.php\/2022\/12\/26\/blushi-qeveria-amniston-oligarket-qe-ndertojne-ne-qender-te-tiranes-te-varfrit-dergohen-ne-burg\/","title":{"rendered":"Blushi: Qeveria amniston oligark\u00ebt q\u00eb nd\u00ebrtojn\u00eb n\u00eb qend\u00ebr t\u00eb Tiran\u00ebs, t\u00eb varfrit d\u00ebrgohen n\u00eb burg","gt_translate_keys":[{"key":"rendered","format":"text"}]},"content":{"rendered":"<p><span style=\"color: #000000;\"><a style=\"color: #000000;\" href=\"https:\/\/www.hashtag.al\/wp-content\/uploads\/2022\/09\/blushitedi.png\"><img loading=\"lazy\" decoding=\"async\" class=\"aligncenter size-full wp-image-546140\" src=\"https:\/\/www.hashtag.al\/wp-content\/uploads\/2022\/09\/blushitedi.png\" alt=\"\" width=\"800\" height=\"546\" srcset=\"https:\/\/www.hashtag.al\/wp-content\/uploads\/2022\/09\/blushitedi.png 800w, https:\/\/www.hashtag.al\/wp-content\/uploads\/2022\/09\/blushitedi-300x205.png 300w, https:\/\/www.hashtag.al\/wp-content\/uploads\/2022\/09\/blushitedi-768x524.png 768w\" sizes=\"auto, (max-width: 800px) 100vw, 800px\" \/><\/a><\/span><\/p>\n<p><span style=\"color: #000000;\">Sekretari i P\u00ebrgjithsh\u00ebm i Partis\u00eb s\u00eb Liris\u00eb, Tedi Blushi n\u00eb nj\u00eb reagim n\u00eb rrjetet sociale denoncon amnistimin e oligark\u00ebve q\u00eb nd\u00ebrtojn\u00eb pa leje dhe d\u00ebnimin e personave t\u00eb thjesht\u00eb.<\/span><\/p>\n<p><span style=\"color: #000000;\">Duke sjell\u00eb si shembull vendimin e Gjykat\u00ebs s\u00eb Elbasanit q\u00eb ka nxjerr\u00eb fajtor nj\u00eb 63-vje\u00e7ar t\u00eb akuzuar p\u00ebr nd\u00ebrtim pa leje n\u00eb Skorsk\u00eb t\u00eb Prrenjasit.<\/span><\/p>\n<p><span style=\"color: #000000;\">Blushi thot\u00eb se oligark\u00ebt dhe klient\u00ebt e Edi Ram\u00ebs t\u00eb cil\u00ebt jan\u00eb kapur n\u00eb flagranc\u00eb n\u00eb qend\u00ebr t\u00eb kryeqytetit amnistohen dhe nuk penalizohen, madje shpallen edhe fitues t\u00eb tenderave.<\/span><\/p>\n<p><span style=\"color: #000000;\">\u201c<em>Fshati i thell\u00eb malor Skrosk\u00eb ndodhet 2 or\u00eb larg Librazhdit, por syri vigjilent i patronazhist\u00ebve t\u00eb Edi Ram\u00ebs, q\u00eb nuk sheh kullat pa leje n\u00eb mes t\u00eb Tiran\u00ebs, zbuloi se 63-vje\u00e7ari Sami O., baba i 4 f\u00ebmij\u00ebve t\u00eb mitur, po rregullonte pa leje banes\u00ebn e tij.<\/em><\/span><\/p>\n<p><span style=\"color: #000000;\"><em>Nd\u00ebrkoh\u00eb q\u00eb oligark\u00ebt dhe klient\u00ebt e Edi Ram\u00ebs t\u00eb kapur n\u00eb flagranc\u00eb n\u00eb zem\u00ebr t\u00eb kryeqytetit n\u00eb shkelje t\u00eb ligjit p\u00ebr kate, pallate dhe kulla pa leje amnistohen dhe nuk penalizohen, madje shpallen edhe fitues t\u00eb tenderave dhjet\u00ebra milion euro, prindi i kat\u00ebr vog\u00eblush\u00ebve Sami O. nga Skroska d\u00ebnohet me 8 muaj burg n\u00eb prag t\u00eb festave t\u00eb fundvitit. <\/em><\/span><\/p>\n<p><span style=\"color: #000000;\"><em>Ky \u00ebsht\u00eb standardi i dyfisht\u00eb dhe modeli qeveris\u00ebs shtyp\u00ebs i Edi Ram\u00ebs: Favorizim, legalizim, liri dhe pasuri p\u00ebr oligark\u00ebt dhe t\u00eb fort\u00ebt. Nd\u00ebshkim, arrestim, burg dhe mjerim p\u00ebr m\u00eb t\u00eb varf\u00ebrit dhe m\u00eb t\u00eb dobt\u00ebt. <\/em><\/span><\/p>\n<p><span style=\"color: #000000;\"><em>Ky shtet q\u00eb po degradon p\u00ebrdit\u00eb n\u00eb nj\u00eb regjim fashist do t\u00eb shembet p\u00ebrpara vullnetit t\u00eb qytetar\u00ebve t\u00eb lir\u00eb!\u201d-<\/em>shkruan Blushi.<\/span><\/p>\n<p><span style=\"color: #000000;\"><a style=\"color: #000000;\" href=\"https:\/\/www.hashtag.al\/wp-content\/uploads\/2022\/12\/harta.jpg\"><img loading=\"lazy\" decoding=\"async\" class=\"aligncenter size-full wp-image-570035\" src=\"https:\/\/www.hashtag.al\/wp-content\/uploads\/2022\/12\/harta.jpg\" alt=\"\" width=\"640\" height=\"407\" srcset=\"https:\/\/www.hashtag.al\/wp-content\/uploads\/2022\/12\/harta.jpg 640w, https:\/\/www.hashtag.al\/wp-content\/uploads\/2022\/12\/harta-300x191.jpg 300w\" sizes=\"auto, (max-width: 640px) 100vw, 640px\" \/><\/a><a style=\"color: #000000;\" href=\"https:\/\/www.hashtag.al\/wp-content\/uploads\/2022\/12\/vendimi-2.jpg\"><img loading=\"lazy\" decoding=\"async\" class=\"aligncenter size-full wp-image-570036\" src=\"https:\/\/www.hashtag.al\/wp-content\/uploads\/2022\/12\/vendimi-2.jpg\" alt=\"\" width=\"640\" height=\"815\" srcset=\"https:\/\/www.hashtag.al\/wp-content\/uploads\/2022\/12\/vendimi-2.jpg 640w, https:\/\/www.hashtag.al\/wp-content\/uploads\/2022\/12\/vendimi-2-236x300.jpg 236w\" sizes=\"auto, (max-width: 640px) 100vw, 640px\" \/><\/a><a style=\"color: #000000;\" href=\"https:\/\/www.hashtag.al\/wp-content\/uploads\/2022\/12\/vendimi-1.jpg\"><img loading=\"lazy\" decoding=\"async\" class=\"aligncenter size-full wp-image-570037\" src=\"https:\/\/www.hashtag.al\/wp-content\/uploads\/2022\/12\/vendimi-1.jpg\" alt=\"\" width=\"640\" height=\"844\" srcset=\"https:\/\/www.hashtag.al\/wp-content\/uploads\/2022\/12\/vendimi-1.jpg 640w, https:\/\/www.hashtag.al\/wp-content\/uploads\/2022\/12\/vendimi-1-227x300.jpg 227w\" sizes=\"auto, (max-width: 640px) 100vw, 640px\" \/><\/a><\/span><\/p>\n","protected":false,"gt_translate_keys":[{"key":"rendered","format":"html"}]},"excerpt":{"rendered":"<p>Sekretari i P\u00ebrgjithsh\u00ebm i Partis\u00eb s\u00eb Liris\u00eb, Tedi Blushi n\u00eb nj\u00eb reagim n\u00eb rrjetet sociale denoncon amnistimin e oligark\u00ebve q\u00eb nd\u00ebrtojn\u00eb pa leje dhe d\u00ebnimin e personave t\u00eb thjesht\u00eb. Duke sjell\u00eb si shembull vendimin e Gjykat\u00ebs s\u00eb Elbasanit q\u00eb ka nxjerr\u00eb fajtor nj\u00eb 63-vje\u00e7ar t\u00eb akuzuar p\u00ebr nd\u00ebrtim pa leje n\u00eb Skorsk\u00eb t\u00eb Prrenjasit. Blushi [&hellip;]<\/p>\n","protected":false,"gt_translate_keys":[{"key":"rendered","format":"html"}]},"author":32,"featured_media":546140,"comment_status":"closed","ping_status":"closed","sticky":false,"template":"","format":"standard","meta":{"footnotes":""},"categories":[65,13],"tags":[],"class_list":["post-570034","post","type-post","status-publish","format-standard","has-post-thumbnail","hentry","category-lajme","category-te-fundit"],"gt_translate_keys":[{"key":"link","format":"url"}],"_links":{"self":[{"href":"https:\/\/www.hashtag.al\/index.php\/wp-json\/wp\/v2\/posts\/570034","targetHints":{"allow":["GET"]}}],"collection":[{"href":"https:\/\/www.hashtag.al\/index.php\/wp-json\/wp\/v2\/posts"}],"about":[{"href":"https:\/\/www.hashtag.al\/index.php\/wp-json\/wp\/v2\/types\/post"}],"author":[{"embeddable":true,"href":"https:\/\/www.hashtag.al\/index.php\/wp-json\/wp\/v2\/users\/32"}],"replies":[{"embeddable":true,"href":"https:\/\/www.hashtag.al\/index.php\/wp-json\/wp\/v2\/comments?post=570034"}],"version-history":[{"count":0,"href":"https:\/\/www.hashtag.al\/index.php\/wp-json\/wp\/v2\/posts\/570034\/revisions"}],"wp:featuredmedia":[{"embeddable":true,"href":"https:\/\/www.hashtag.al\/index.php\/wp-json\/wp\/v2\/media\/546140"}],"wp:attachment":[{"href":"https:\/\/www.hashtag.al\/index.php\/wp-json\/wp\/v2\/media?parent=570034"}],"wp:term":[{"taxonomy":"category","embeddable":true,"href":"https:\/\/www.hashtag.al\/index.php\/wp-json\/wp\/v2\/categories?post=570034"},{"taxonomy":"post_tag","embeddable":true,"href":"https:\/\/www.hashtag.al\/index.php\/wp-json\/wp\/v2\/tags?post=570034"}],"curies":[{"name":"wp","href":"https:\/\/api.w.org\/{rel}","templated":true}]}}