{"id":569943,"date":"2022-12-25T15:57:44","date_gmt":"2022-12-25T14:57:44","guid":{"rendered":"https:\/\/www.hashtag.al\/?p=569943"},"modified":"2022-12-25T15:57:44","modified_gmt":"2022-12-25T14:57:44","slug":"aksident-ne-gramsh-nje-i-vdekur-dhe-dy-te-plagosur","status":"publish","type":"post","link":"https:\/\/www.hashtag.al\/index.php\/2022\/12\/25\/aksident-ne-gramsh-nje-i-vdekur-dhe-dy-te-plagosur\/","title":{"rendered":"Aksident n\u00eb Gramsh, nj\u00eb i vdekur dhe dy t\u00eb plagosur","gt_translate_keys":[{"key":"rendered","format":"text"}]},"content":{"rendered":"<p><span style=\"color: #000000;\"><a href=\"https:\/\/www.hashtag.al\/wp-content\/uploads\/2022\/08\/aksident4.jpg\"><img loading=\"lazy\" decoding=\"async\" class=\"aligncenter size-full wp-image-545754\" src=\"https:\/\/www.hashtag.al\/wp-content\/uploads\/2022\/08\/aksident4.jpg\" alt=\"\" width=\"850\" height=\"507\" srcset=\"https:\/\/www.hashtag.al\/wp-content\/uploads\/2022\/08\/aksident4.jpg 850w, https:\/\/www.hashtag.al\/wp-content\/uploads\/2022\/08\/aksident4-300x179.jpg 300w, https:\/\/www.hashtag.al\/wp-content\/uploads\/2022\/08\/aksident4-768x458.jpg 768w\" sizes=\"auto, (max-width: 850px) 100vw, 850px\" \/><\/a><\/span><\/p>\n<p><span style=\"color: #000000;\">Nj\u00eb aksident i r\u00ebnd\u00eb ka ndodhur dit\u00ebn e Krishtlindjeve n\u00eb fshatin Mashan n\u00eb Gramsh, ku ka humbur jet\u00ebn nj\u00eb person.<\/span><\/p>\n<p><span style=\"color: #000000;\">Sipas televizionit \u201cNews 24\u201d, 65-vje\u00e7ari Hekuran Perfundi dyshohet se ka p\u00ebsuar arrest kardiak gjat\u00eb aksidentit dhe kjo mund t\u00eb ket\u00eb qen\u00eb arsyeja e vdekjes s\u00eb tij.<\/span><\/p>\n<p><span style=\"color: #000000;\">N\u00eb mjet thuhet se kan\u00eb qen\u00eb edhe 2 persona t\u00eb tjer\u00eb, t\u00eb cil\u00ebt kan\u00eb mbetur t\u00eb plagosur pas aksidentit. Ata jan\u00eb d\u00ebrguar n\u00eb spital p\u00ebr t\u00eb marr\u00eb ndihm\u00ebn e nevojshme mjek\u00ebsore.<\/span><\/p>\n","protected":false,"gt_translate_keys":[{"key":"rendered","format":"html"}]},"excerpt":{"rendered":"<p>Nj\u00eb aksident i r\u00ebnd\u00eb ka ndodhur dit\u00ebn e Krishtlindjeve n\u00eb fshatin Mashan n\u00eb Gramsh, ku ka humbur jet\u00ebn nj\u00eb person. Sipas televizionit \u201cNews 24\u201d, 65-vje\u00e7ari Hekuran Perfundi dyshohet se ka p\u00ebsuar arrest kardiak gjat\u00eb aksidentit dhe kjo mund t\u00eb ket\u00eb qen\u00eb arsyeja e vdekjes s\u00eb tij. N\u00eb mjet thuhet se kan\u00eb qen\u00eb edhe 2 persona [&hellip;]<\/p>\n","protected":false,"gt_translate_keys":[{"key":"rendered","format":"html"}]},"author":30,"featured_media":545754,"comment_status":"closed","ping_status":"closed","sticky":false,"template":"","format":"standard","meta":{"footnotes":""},"categories":[65,13],"tags":[],"class_list":["post-569943","post","type-post","status-publish","format-standard","has-post-thumbnail","hentry","category-lajme","category-te-fundit"],"gt_translate_keys":[{"key":"link","format":"url"}],"_links":{"self":[{"href":"https:\/\/www.hashtag.al\/index.php\/wp-json\/wp\/v2\/posts\/569943","targetHints":{"allow":["GET"]}}],"collection":[{"href":"https:\/\/www.hashtag.al\/index.php\/wp-json\/wp\/v2\/posts"}],"about":[{"href":"https:\/\/www.hashtag.al\/index.php\/wp-json\/wp\/v2\/types\/post"}],"author":[{"embeddable":true,"href":"https:\/\/www.hashtag.al\/index.php\/wp-json\/wp\/v2\/users\/30"}],"replies":[{"embeddable":true,"href":"https:\/\/www.hashtag.al\/index.php\/wp-json\/wp\/v2\/comments?post=569943"}],"version-history":[{"count":0,"href":"https:\/\/www.hashtag.al\/index.php\/wp-json\/wp\/v2\/posts\/569943\/revisions"}],"wp:featuredmedia":[{"embeddable":true,"href":"https:\/\/www.hashtag.al\/index.php\/wp-json\/wp\/v2\/media\/545754"}],"wp:attachment":[{"href":"https:\/\/www.hashtag.al\/index.php\/wp-json\/wp\/v2\/media?parent=569943"}],"wp:term":[{"taxonomy":"category","embeddable":true,"href":"https:\/\/www.hashtag.al\/index.php\/wp-json\/wp\/v2\/categories?post=569943"},{"taxonomy":"post_tag","embeddable":true,"href":"https:\/\/www.hashtag.al\/index.php\/wp-json\/wp\/v2\/tags?post=569943"}],"curies":[{"name":"wp","href":"https:\/\/api.w.org\/{rel}","templated":true}]}}