{"id":569938,"date":"2022-12-25T15:43:15","date_gmt":"2022-12-25T14:43:15","guid":{"rendered":"https:\/\/www.hashtag.al\/?p=569938"},"modified":"2022-12-25T15:47:46","modified_gmt":"2022-12-25T14:47:46","slug":"plagosi-me-thike-nje-27-vjecar-para-dy-javesh-arrestohet-i-riu-ne-korce","status":"publish","type":"post","link":"https:\/\/www.hashtag.al\/index.php\/2022\/12\/25\/plagosi-me-thike-nje-27-vjecar-para-dy-javesh-arrestohet-i-riu-ne-korce\/","title":{"rendered":"Plagosi me thik\u00eb nj\u00eb 27-vje\u00e7ar para dy jav\u00ebsh, arrestohet i riu n\u00eb Kor\u00e7\u00eb","gt_translate_keys":[{"key":"rendered","format":"text"}]},"content":{"rendered":"<p><span style=\"color: #000000;\"><a style=\"color: #000000;\" href=\"https:\/\/www.hashtag.al\/wp-content\/uploads\/2022\/12\/Korce.jpg\"><img loading=\"lazy\" decoding=\"async\" class=\"aligncenter size-full wp-image-569939\" src=\"https:\/\/www.hashtag.al\/wp-content\/uploads\/2022\/12\/Korce.jpg\" alt=\"\" width=\"848\" height=\"417\" srcset=\"https:\/\/www.hashtag.al\/wp-content\/uploads\/2022\/12\/Korce.jpg 848w, https:\/\/www.hashtag.al\/wp-content\/uploads\/2022\/12\/Korce-300x148.jpg 300w, https:\/\/www.hashtag.al\/wp-content\/uploads\/2022\/12\/Korce-768x378.jpg 768w\" sizes=\"auto, (max-width: 848px) 100vw, 848px\" \/><\/a><\/span><\/p>\n<p><span style=\"color: #000000;\">Arrestohet nj\u00eb 19-vje\u00e7ar n\u00eb Kor\u00e7\u00eb, i dyshuar p\u00ebr plagosjen e nj\u00eb personi pak jav\u00eb m\u00eb par\u00eb.<\/span><\/p>\n<p><span style=\"color: #000000;\">B\u00ebhet fjal\u00eb Renildo Islamin<\/span><span style=\"color: #000000;\">, i cili m\u00eb 15 dhjetor u konfliktua\u00a0n\u00eb zon\u00ebn e quajtur \u201cTrek\u00ebnd\u00ebshi\u201d n\u00eb Kor\u00e7\u00eb me nj\u00eb 27-vje\u00e7ar. Ky i fundit u plagos me mjet prer\u00ebs n\u00eb bark.<\/span><\/p>\n<p><span style=\"color: #000000;\">Policia pas ngjarjes shpalli edhe dy persona t\u00eb tjer\u00eb n\u00eb k\u00ebrkim p\u00ebr mos kall\u00ebzim t\u00eb krimit.<\/span><\/p>\n<p><span style=\"color: #000000;\"><em>\u201cSpecialist\u00ebt p\u00ebr Hetimin e Krimeve t\u00eb Komisariatit t\u00eb Policis\u00eb Kor\u00e7\u00eb, n\u00eb vijim t\u00eb pun\u00ebs p\u00ebr lokalizimin dhe kapjen e shtetasve t\u00eb k\u00ebrkuar p\u00ebr vepra t\u00eb ndryshme penale, n\u00eb bashk\u00ebpunim me Forcat Speciale \u2018Shqiponja\u2019, b\u00ebn\u00eb t\u00eb mundur kapjen dhe ndalimin e shtetasit R. I., 19 vje\u00e7, banues n\u00eb Kor\u00e7\u00eb.<\/em><\/span><\/p>\n<p><span style=\"color: #000000;\"><em>Gjykata e Rrethit Gjyq\u00ebsor Kor\u00e7\u00eb, me vendimin e dat\u00ebs 15.12.2022, i ka caktuar 19-vje\u00e7arit, mas\u00ebn e siguris\u00eb \u2018Arrest n\u00eb burg\u2019, p\u00ebr vepr\u00ebn penale \u2018Plagosja e r\u00ebnd\u00eb me dashje\u2019, pasi m\u00eb dat\u00eb 15.11.2022, n\u00eb lagjen nr. 15, Kor\u00e7\u00eb, dyshohet se gjat\u00eb nj\u00eb konflikti t\u00eb \u00e7astit, ka plagosur me mjet prer\u00ebs (thik\u00eb), nj\u00eb 27-vje\u00e7ar.<\/em><\/span><\/p>\n<p><span style=\"color: #000000;\"><em>Materialet i kaluan Prokuroris\u00eb pran\u00eb Gjykat\u00ebs s\u00eb Rrethit Gjyq\u00ebsor Kor\u00e7\u00eb, p\u00ebr veprime t\u00eb m\u00ebtejshme.\u201d- <\/em>b\u00ebn me dije Policia.<\/span><\/p>\n","protected":false,"gt_translate_keys":[{"key":"rendered","format":"html"}]},"excerpt":{"rendered":"<p>Arrestohet nj\u00eb 19-vje\u00e7ar n\u00eb Kor\u00e7\u00eb, i dyshuar p\u00ebr plagosjen e nj\u00eb personi pak jav\u00eb m\u00eb par\u00eb. B\u00ebhet fjal\u00eb Renildo Islamin, i cili m\u00eb 15 dhjetor u konfliktua\u00a0n\u00eb zon\u00ebn e quajtur \u201cTrek\u00ebnd\u00ebshi\u201d n\u00eb Kor\u00e7\u00eb me nj\u00eb 27-vje\u00e7ar. Ky i fundit u plagos me mjet prer\u00ebs n\u00eb bark. Policia pas ngjarjes shpalli edhe dy persona t\u00eb tjer\u00eb [&hellip;]<\/p>\n","protected":false,"gt_translate_keys":[{"key":"rendered","format":"html"}]},"author":30,"featured_media":569939,"comment_status":"closed","ping_status":"closed","sticky":false,"template":"","format":"standard","meta":{"footnotes":""},"categories":[65,13],"tags":[],"class_list":["post-569938","post","type-post","status-publish","format-standard","has-post-thumbnail","hentry","category-lajme","category-te-fundit"],"gt_translate_keys":[{"key":"link","format":"url"}],"_links":{"self":[{"href":"https:\/\/www.hashtag.al\/index.php\/wp-json\/wp\/v2\/posts\/569938","targetHints":{"allow":["GET"]}}],"collection":[{"href":"https:\/\/www.hashtag.al\/index.php\/wp-json\/wp\/v2\/posts"}],"about":[{"href":"https:\/\/www.hashtag.al\/index.php\/wp-json\/wp\/v2\/types\/post"}],"author":[{"embeddable":true,"href":"https:\/\/www.hashtag.al\/index.php\/wp-json\/wp\/v2\/users\/30"}],"replies":[{"embeddable":true,"href":"https:\/\/www.hashtag.al\/index.php\/wp-json\/wp\/v2\/comments?post=569938"}],"version-history":[{"count":0,"href":"https:\/\/www.hashtag.al\/index.php\/wp-json\/wp\/v2\/posts\/569938\/revisions"}],"wp:featuredmedia":[{"embeddable":true,"href":"https:\/\/www.hashtag.al\/index.php\/wp-json\/wp\/v2\/media\/569939"}],"wp:attachment":[{"href":"https:\/\/www.hashtag.al\/index.php\/wp-json\/wp\/v2\/media?parent=569938"}],"wp:term":[{"taxonomy":"category","embeddable":true,"href":"https:\/\/www.hashtag.al\/index.php\/wp-json\/wp\/v2\/categories?post=569938"},{"taxonomy":"post_tag","embeddable":true,"href":"https:\/\/www.hashtag.al\/index.php\/wp-json\/wp\/v2\/tags?post=569938"}],"curies":[{"name":"wp","href":"https:\/\/api.w.org\/{rel}","templated":true}]}}