{"id":569737,"date":"2022-12-24T14:04:04","date_gmt":"2022-12-24T13:04:04","guid":{"rendered":"https:\/\/www.hashtag.al\/?p=569737"},"modified":"2022-12-24T14:07:44","modified_gmt":"2022-12-24T13:07:44","slug":"kryeministrja-serbe-heqja-me-dhune-e-barrikadave-ne-veri-te-kosoves-do-te-ishte-nje-sulm-ndaj-grave-femijeve-dhe-te-moshuarve","status":"publish","type":"post","link":"https:\/\/www.hashtag.al\/index.php\/2022\/12\/24\/kryeministrja-serbe-heqja-me-dhune-e-barrikadave-ne-veri-te-kosoves-do-te-ishte-nje-sulm-ndaj-grave-femijeve-dhe-te-moshuarve\/","title":{"rendered":"Kryeministrja serbe: Heqja me dhun\u00eb e barrikadave n\u00eb veri t\u00eb Kosov\u00ebs do t\u00eb ishte nj\u00eb sulm ndaj grave, f\u00ebmij\u00ebve dhe t\u00eb moshuarve","gt_translate_keys":[{"key":"rendered","format":"text"}]},"content":{"rendered":"<p><span style=\"color: #000000;\"><a href=\"https:\/\/www.hashtag.al\/wp-content\/uploads\/2022\/12\/Brnabic.jpg\"><img loading=\"lazy\" decoding=\"async\" class=\"aligncenter size-full wp-image-569738\" src=\"https:\/\/www.hashtag.al\/wp-content\/uploads\/2022\/12\/Brnabic.jpg\" alt=\"\" width=\"722\" height=\"450\" srcset=\"https:\/\/www.hashtag.al\/wp-content\/uploads\/2022\/12\/Brnabic.jpg 722w, https:\/\/www.hashtag.al\/wp-content\/uploads\/2022\/12\/Brnabic-300x187.jpg 300w\" sizes=\"auto, (max-width: 722px) 100vw, 722px\" \/><\/a><\/span><\/p>\n<p><span style=\"color: #000000;\">Kryeministrja e Serbis\u00eb, Ana Brnabi\u00e7 tha sot se nuk beson n\u00eb nj\u00eb skenar n\u00eb t\u00eb cilin policia e Kosov\u00ebs do t&#8217;i largonte me forc\u00eb barrikadat n\u00eb veri t\u00eb saj.<\/span><\/p>\n<p><span style=\"color: #000000;\">Duke folur p\u00ebr k\u00ebt\u00eb \u00e7\u00ebshtje, Brnabi\u00e7 sipas Tanjug theksoi se <em>\u201cpolicia e Kosov\u00ebs as q\u00eb duhet t\u00eb mendoj\u00eb t&#8217;i largoj\u00eb ato me forc\u00eb, sepse kjo gj\u00eb sipas saj do t\u00eb ishte sulm ndaj grave dhe f\u00ebmij\u00ebve, t\u00eb moshuarve dhe edukator\u00ebve t\u00eb tyre\u201d.<\/em><\/span><\/p>\n<p><span style=\"color: #000000;\"><em>\u201cUn\u00eb nuk besoj n\u00eb nj\u00eb skenar t\u00eb till\u00eb. Ka mjaftuesh\u00ebm sens nga ana e aktor\u00ebve nd\u00ebrkomb\u00ebtar\u00eb, mbi t\u00eb gjitha KFOR-it.\u201d-<\/em> tha kryeministrja serbe n\u00eb p\u00ebrgjigje t\u00eb pyetjeve t\u00eb gazetar\u00ebve.<\/span><\/p>\n<p><span style=\"color: #000000;\">Sjellim nd\u00ebrmend se presidenti i Serbis\u00eb, Aleksandar Vu\u00e7i\u00e7, ka deklaruar se barrikadat n\u00eb veri t\u00eb Kosov\u00ebs do t\u00eb largohen kur Kosova t\u00eb formoj\u00eb Asociacionin e komunave me shumic\u00eb serbe.<\/span><\/p>\n","protected":false,"gt_translate_keys":[{"key":"rendered","format":"html"}]},"excerpt":{"rendered":"<p>Kryeministrja e Serbis\u00eb, Ana Brnabi\u00e7 tha sot se nuk beson n\u00eb nj\u00eb skenar n\u00eb t\u00eb cilin policia e Kosov\u00ebs do t&#8217;i largonte me forc\u00eb barrikadat n\u00eb veri t\u00eb saj. Duke folur p\u00ebr k\u00ebt\u00eb \u00e7\u00ebshtje, Brnabi\u00e7 sipas Tanjug theksoi se \u201cpolicia e Kosov\u00ebs as q\u00eb duhet t\u00eb mendoj\u00eb t&#8217;i largoj\u00eb ato me forc\u00eb, sepse kjo gj\u00eb [&hellip;]<\/p>\n","protected":false,"gt_translate_keys":[{"key":"rendered","format":"html"}]},"author":30,"featured_media":569738,"comment_status":"closed","ping_status":"closed","sticky":false,"template":"","format":"standard","meta":{"footnotes":""},"categories":[149,13],"tags":[],"class_list":["post-569737","post","type-post","status-publish","format-standard","has-post-thumbnail","hentry","category-kosoverajon","category-te-fundit"],"gt_translate_keys":[{"key":"link","format":"url"}],"_links":{"self":[{"href":"https:\/\/www.hashtag.al\/index.php\/wp-json\/wp\/v2\/posts\/569737","targetHints":{"allow":["GET"]}}],"collection":[{"href":"https:\/\/www.hashtag.al\/index.php\/wp-json\/wp\/v2\/posts"}],"about":[{"href":"https:\/\/www.hashtag.al\/index.php\/wp-json\/wp\/v2\/types\/post"}],"author":[{"embeddable":true,"href":"https:\/\/www.hashtag.al\/index.php\/wp-json\/wp\/v2\/users\/30"}],"replies":[{"embeddable":true,"href":"https:\/\/www.hashtag.al\/index.php\/wp-json\/wp\/v2\/comments?post=569737"}],"version-history":[{"count":0,"href":"https:\/\/www.hashtag.al\/index.php\/wp-json\/wp\/v2\/posts\/569737\/revisions"}],"wp:featuredmedia":[{"embeddable":true,"href":"https:\/\/www.hashtag.al\/index.php\/wp-json\/wp\/v2\/media\/569738"}],"wp:attachment":[{"href":"https:\/\/www.hashtag.al\/index.php\/wp-json\/wp\/v2\/media?parent=569737"}],"wp:term":[{"taxonomy":"category","embeddable":true,"href":"https:\/\/www.hashtag.al\/index.php\/wp-json\/wp\/v2\/categories?post=569737"},{"taxonomy":"post_tag","embeddable":true,"href":"https:\/\/www.hashtag.al\/index.php\/wp-json\/wp\/v2\/tags?post=569737"}],"curies":[{"name":"wp","href":"https:\/\/api.w.org\/{rel}","templated":true}]}}