{"id":569513,"date":"2022-12-23T12:32:57","date_gmt":"2022-12-23T11:32:57","guid":{"rendered":"https:\/\/www.hashtag.al\/?p=569513"},"modified":"2022-12-23T12:32:57","modified_gmt":"2022-12-23T11:32:57","slug":"votimi-per-avokatin-e-popullit-berisha-parlamenti-e-mbylli-vitin-ne-menyren-me-moniste","status":"publish","type":"post","link":"https:\/\/www.hashtag.al\/index.php\/2022\/12\/23\/votimi-per-avokatin-e-popullit-berisha-parlamenti-e-mbylli-vitin-ne-menyren-me-moniste\/","title":{"rendered":"Votimi p\u00ebr Avokatin e Popullit\/ Berisha: Parlamenti e mbylli vitin n\u00eb m\u00ebnyr\u00ebn m\u00eb moniste","gt_translate_keys":[{"key":"rendered","format":"text"}]},"content":{"rendered":"<p><span style=\"color: #000000;\"><a href=\"https:\/\/www.hashtag.al\/wp-content\/uploads\/2022\/12\/WhatsApp-Image-2022-12-23-at-12.23.05-PM.jpeg\"><img loading=\"lazy\" decoding=\"async\" class=\"aligncenter size-full wp-image-569517\" src=\"https:\/\/www.hashtag.al\/wp-content\/uploads\/2022\/12\/WhatsApp-Image-2022-12-23-at-12.23.05-PM.jpeg\" alt=\"\" width=\"1024\" height=\"683\" srcset=\"https:\/\/www.hashtag.al\/wp-content\/uploads\/2022\/12\/WhatsApp-Image-2022-12-23-at-12.23.05-PM.jpeg 1024w, https:\/\/www.hashtag.al\/wp-content\/uploads\/2022\/12\/WhatsApp-Image-2022-12-23-at-12.23.05-PM-300x200.jpeg 300w, https:\/\/www.hashtag.al\/wp-content\/uploads\/2022\/12\/WhatsApp-Image-2022-12-23-at-12.23.05-PM-768x512.jpeg 768w\" sizes=\"auto, (max-width: 1024px) 100vw, 1024px\" \/><\/a><\/span><\/p>\n<p><span style=\"color: #000000;\">Kreu i PD-s\u00eb Sali Berisha n\u00eb nj\u00eb konferenc\u00eb p\u00ebr mediat ka folur p\u00ebr votimin n\u00eb Parlament p\u00ebr Avokatin e Popullit.<\/span><\/p>\n<p><span style=\"color: #000000;\">Sipas tij, Parlamenti shqiptar e mbylli vitin n\u00eb m\u00ebnyr\u00ebn m\u00eb moniste.<\/span><\/p>\n<p><em><span style=\"color: #000000;\">\u201cParlamenti e mbylli vitin n\u00eb m\u00ebnyr\u00ebn m\u00eb moniste. T\u00eb gjitha pushtet, p\u00ebrve\u00e7 kryetarit t\u00eb Bashkis\u00eb s\u00eb Shkodr\u00ebs, tani i shkojn\u00eb qeveris\u00eb.<\/span><\/em><\/p>\n<p><em><span style=\"color: #000000;\">T\u00eb gjith\u00eb kandidaturat q\u00eb ishin n\u00eb list\u00eb p\u00ebr t\u2019u votuar, gjykoj se kjo ishte lista m\u00eb dinjitoze q\u00eb \u00ebsht\u00eb paraqitur ndonj\u00ebher\u00eb, aty kishte p\u00ebrfaq\u00ebsues t\u00eb t\u00eb p\u00ebrndjekurve politik\u00eb, si Besim Ndregjoni, i cili g\u00ebzonte mb\u00ebshtetje t\u00eb gjer\u00eb t\u00eb shtres\u00ebs s\u00eb tij dhe nj\u00eb kandidatur\u00eb e p\u00ebrkushtuar dit\u00eb dhe nat\u00eb p\u00ebr t\u00eb drejtat e njeriut ishte dhe veprimtari i shoq\u00ebris\u00eb civile, Altin Goxhaj. Ishin edhe jurist\u00eb t\u00eb njohur, t\u00eb rinj, p\u00ebrfaq\u00ebues t\u00eb gjenerat\u00ebs s\u00eb re si Dorian Gjokmarkaj dhe Ilir Dervishi.<\/span><\/em><\/p>\n<p><em><span style=\"color: #000000;\">Pra, ishin nj\u00eb num\u00ebr i konsideruesh\u00ebm dhe t\u00eb gjith\u00eb ata u hodh\u00ebn posht\u00eb vet\u00ebm pse Edi Rama nuk pranonte asnj\u00ebrin prej tyre, p\u00ebrve\u00e7 atij q\u00eb donte vet\u00eb. Ajo q\u00eb pat\u00eb n\u00eb k\u00ebt\u00eb proces, ishte, do t\u00eb thosha procesi m\u00eb i turpsh\u00ebm, me t\u00eb cilin Edi Rama haptas k\u00ebrkoi t\u00eb pushtoj\u00eb t\u00eb vetmin institucion q\u00eb ai nuk e kontrollon.<\/span><\/em><\/p>\n<p><span style=\"color: #000000;\"><em>N\u00eb tradit\u00eb, t\u00eb k\u00ebtij vendi dhe vendeve t\u00eb tjera, \u00ebsht\u00eb respektuar parimi i Avokatit t\u00eb Popullit t\u00eb em\u00ebruar nga opozita.\u201d<\/em>&#8211; tha Berisha.<\/span><\/p>\n<p><span style=\"color: #000000;\">Ai shtoi se e gjitha ishte nj\u00eb loj\u00eb e kryeministrit Edi Rama, p\u00ebr ta shitur sikur po ia linte zgjedhjen n\u00eb dor\u00eb opozit\u00ebs por n\u00eb fund do zgjidhte k\u00eb t\u00eb donte vet\u00eb.<\/span><\/p>\n<p><em><span style=\"color: #000000;\">\u201cT\u00eb gjith\u00eb ata q\u00eb pat\u00ebn iluzion, se u fol p\u00ebr marr\u00ebveshje, Edi Rama p\u00ebrdori t\u00eb nj\u00ebjt\u00ebn skem\u00eb si n\u00eb rastin e zgjedhjes s\u00eb presidentit.<\/span><\/em><\/p>\n<p><em><span style=\"color: #000000;\">B\u00ebri sikur po ia linte opozit\u00ebs dhe n\u00eb fakt u tall dhe nxori lakmin\u00eb e tij t\u00eb pafundme p\u00ebr pushtet dhe em\u00ebroi njeriun q\u00eb deshi.<\/span><\/em><\/p>\n<p><span style=\"color: #000000;\"><em>Ky akt \u00ebsht\u00eb d\u00ebshmi tjet\u00ebr se monizmi p\u00ebrmbyset vet\u00ebm me revolucion.\u201d-<\/em> shtoi Berisha.<\/span><\/p>\n<p><a href=\"https:\/\/www.hashtag.al\/wp-content\/uploads\/2022\/12\/WhatsApp-Image-2022-12-23-at-12.19.40-PM.jpeg\"><img loading=\"lazy\" decoding=\"async\" class=\"aligncenter size-full wp-image-569520\" src=\"https:\/\/www.hashtag.al\/wp-content\/uploads\/2022\/12\/WhatsApp-Image-2022-12-23-at-12.19.40-PM.jpeg\" alt=\"\" width=\"1600\" height=\"1066\" srcset=\"https:\/\/www.hashtag.al\/wp-content\/uploads\/2022\/12\/WhatsApp-Image-2022-12-23-at-12.19.40-PM.jpeg 1600w, https:\/\/www.hashtag.al\/wp-content\/uploads\/2022\/12\/WhatsApp-Image-2022-12-23-at-12.19.40-PM-300x200.jpeg 300w, https:\/\/www.hashtag.al\/wp-content\/uploads\/2022\/12\/WhatsApp-Image-2022-12-23-at-12.19.40-PM-1024x682.jpeg 1024w, https:\/\/www.hashtag.al\/wp-content\/uploads\/2022\/12\/WhatsApp-Image-2022-12-23-at-12.19.40-PM-768x512.jpeg 768w, https:\/\/www.hashtag.al\/wp-content\/uploads\/2022\/12\/WhatsApp-Image-2022-12-23-at-12.19.40-PM-1536x1023.jpeg 1536w\" sizes=\"auto, (max-width: 1600px) 100vw, 1600px\" \/><\/a><a href=\"https:\/\/www.hashtag.al\/wp-content\/uploads\/2022\/12\/WhatsApp-Image-2022-12-23-at-12.19.39-PM-1.jpeg\"><img loading=\"lazy\" decoding=\"async\" class=\"aligncenter size-full wp-image-569521\" src=\"https:\/\/www.hashtag.al\/wp-content\/uploads\/2022\/12\/WhatsApp-Image-2022-12-23-at-12.19.39-PM-1.jpeg\" alt=\"\" width=\"1600\" height=\"1066\" srcset=\"https:\/\/www.hashtag.al\/wp-content\/uploads\/2022\/12\/WhatsApp-Image-2022-12-23-at-12.19.39-PM-1.jpeg 1600w, https:\/\/www.hashtag.al\/wp-content\/uploads\/2022\/12\/WhatsApp-Image-2022-12-23-at-12.19.39-PM-1-300x200.jpeg 300w, https:\/\/www.hashtag.al\/wp-content\/uploads\/2022\/12\/WhatsApp-Image-2022-12-23-at-12.19.39-PM-1-1024x682.jpeg 1024w, https:\/\/www.hashtag.al\/wp-content\/uploads\/2022\/12\/WhatsApp-Image-2022-12-23-at-12.19.39-PM-1-768x512.jpeg 768w, https:\/\/www.hashtag.al\/wp-content\/uploads\/2022\/12\/WhatsApp-Image-2022-12-23-at-12.19.39-PM-1-1536x1023.jpeg 1536w\" sizes=\"auto, (max-width: 1600px) 100vw, 1600px\" \/><\/a><a href=\"https:\/\/www.hashtag.al\/wp-content\/uploads\/2022\/12\/WhatsApp-Image-2022-12-23-at-12.19.39-PM.jpeg\"><img loading=\"lazy\" decoding=\"async\" class=\"aligncenter size-full wp-image-569522\" src=\"https:\/\/www.hashtag.al\/wp-content\/uploads\/2022\/12\/WhatsApp-Image-2022-12-23-at-12.19.39-PM.jpeg\" alt=\"\" width=\"1600\" height=\"1066\" srcset=\"https:\/\/www.hashtag.al\/wp-content\/uploads\/2022\/12\/WhatsApp-Image-2022-12-23-at-12.19.39-PM.jpeg 1600w, https:\/\/www.hashtag.al\/wp-content\/uploads\/2022\/12\/WhatsApp-Image-2022-12-23-at-12.19.39-PM-300x200.jpeg 300w, https:\/\/www.hashtag.al\/wp-content\/uploads\/2022\/12\/WhatsApp-Image-2022-12-23-at-12.19.39-PM-1024x682.jpeg 1024w, https:\/\/www.hashtag.al\/wp-content\/uploads\/2022\/12\/WhatsApp-Image-2022-12-23-at-12.19.39-PM-768x512.jpeg 768w, https:\/\/www.hashtag.al\/wp-content\/uploads\/2022\/12\/WhatsApp-Image-2022-12-23-at-12.19.39-PM-1536x1023.jpeg 1536w\" sizes=\"auto, (max-width: 1600px) 100vw, 1600px\" \/><\/a><\/p>\n","protected":false,"gt_translate_keys":[{"key":"rendered","format":"html"}]},"excerpt":{"rendered":"<p>Kreu i PD-s\u00eb Sali Berisha n\u00eb nj\u00eb konferenc\u00eb p\u00ebr mediat ka folur p\u00ebr votimin n\u00eb Parlament p\u00ebr Avokatin e Popullit. Sipas tij, Parlamenti shqiptar e mbylli vitin n\u00eb m\u00ebnyr\u00ebn m\u00eb moniste. \u201cParlamenti e mbylli vitin n\u00eb m\u00ebnyr\u00ebn m\u00eb moniste. T\u00eb gjitha pushtet, p\u00ebrve\u00e7 kryetarit t\u00eb Bashkis\u00eb s\u00eb Shkodr\u00ebs, tani i shkojn\u00eb qeveris\u00eb. T\u00eb gjith\u00eb kandidaturat [&hellip;]<\/p>\n","protected":false,"gt_translate_keys":[{"key":"rendered","format":"html"}]},"author":30,"featured_media":569517,"comment_status":"closed","ping_status":"closed","sticky":false,"template":"","format":"standard","meta":{"footnotes":""},"categories":[65,13],"tags":[],"class_list":["post-569513","post","type-post","status-publish","format-standard","has-post-thumbnail","hentry","category-lajme","category-te-fundit"],"gt_translate_keys":[{"key":"link","format":"url"}],"_links":{"self":[{"href":"https:\/\/www.hashtag.al\/index.php\/wp-json\/wp\/v2\/posts\/569513","targetHints":{"allow":["GET"]}}],"collection":[{"href":"https:\/\/www.hashtag.al\/index.php\/wp-json\/wp\/v2\/posts"}],"about":[{"href":"https:\/\/www.hashtag.al\/index.php\/wp-json\/wp\/v2\/types\/post"}],"author":[{"embeddable":true,"href":"https:\/\/www.hashtag.al\/index.php\/wp-json\/wp\/v2\/users\/30"}],"replies":[{"embeddable":true,"href":"https:\/\/www.hashtag.al\/index.php\/wp-json\/wp\/v2\/comments?post=569513"}],"version-history":[{"count":0,"href":"https:\/\/www.hashtag.al\/index.php\/wp-json\/wp\/v2\/posts\/569513\/revisions"}],"wp:featuredmedia":[{"embeddable":true,"href":"https:\/\/www.hashtag.al\/index.php\/wp-json\/wp\/v2\/media\/569517"}],"wp:attachment":[{"href":"https:\/\/www.hashtag.al\/index.php\/wp-json\/wp\/v2\/media?parent=569513"}],"wp:term":[{"taxonomy":"category","embeddable":true,"href":"https:\/\/www.hashtag.al\/index.php\/wp-json\/wp\/v2\/categories?post=569513"},{"taxonomy":"post_tag","embeddable":true,"href":"https:\/\/www.hashtag.al\/index.php\/wp-json\/wp\/v2\/tags?post=569513"}],"curies":[{"name":"wp","href":"https:\/\/api.w.org\/{rel}","templated":true}]}}