{"id":569099,"date":"2022-12-21T12:26:54","date_gmt":"2022-12-21T11:26:54","guid":{"rendered":"https:\/\/www.hashtag.al\/?p=569099"},"modified":"2022-12-21T12:26:54","modified_gmt":"2022-12-21T11:26:54","slug":"rama-godines-se-vjeter-te-teatrit-i-kisha-shpallur-lufte-qe-kur-isha-minister-i-kultures","status":"publish","type":"post","link":"https:\/\/www.hashtag.al\/index.php\/2022\/12\/21\/rama-godines-se-vjeter-te-teatrit-i-kisha-shpallur-lufte-qe-kur-isha-minister-i-kultures\/","title":{"rendered":"Rama: Godin\u00ebs s\u00eb vjet\u00ebr t\u00eb Teatrit i kisha shpallur \u201cluft\u00eb\u201d q\u00eb kur isha minist\u00ebr i Kultur\u00ebs","gt_translate_keys":[{"key":"rendered","format":"text"}]},"content":{"rendered":"<p><span style=\"color: #000000;\"><a href=\"https:\/\/www.hashtag.al\/wp-content\/uploads\/2022\/12\/EDI-2.jpg\"><img loading=\"lazy\" decoding=\"async\" class=\"aligncenter size-full wp-image-569100\" src=\"https:\/\/www.hashtag.al\/wp-content\/uploads\/2022\/12\/EDI-2.jpg\" alt=\"\" width=\"780\" height=\"440\" srcset=\"https:\/\/www.hashtag.al\/wp-content\/uploads\/2022\/12\/EDI-2.jpg 780w, https:\/\/www.hashtag.al\/wp-content\/uploads\/2022\/12\/EDI-2-300x169.jpg 300w, https:\/\/www.hashtag.al\/wp-content\/uploads\/2022\/12\/EDI-2-768x433.jpg 768w\" sizes=\"auto, (max-width: 780px) 100vw, 780px\" \/><\/a><\/span><\/p>\n<p><span style=\"color: #000000;\">N\u00eb nisjen e punimeve p\u00ebr nd\u00ebrtimin e Teatrit t\u00eb Ri Komb\u00ebtar, kryeministri Edi Rama kujton kur i shpalli \u201cluft\u00ebn\u201d teatrit t\u00eb vjet\u00ebr. Ai tha se k\u00ebt\u00eb \u201cluft\u00eb\u201d e kishte shpallur q\u00eb n\u00eb vitin 1998 kur ishte minist\u00ebr kulture.<\/span><\/p>\n<p><span style=\"color: #000000;\">Rama tha se edhe pse shum\u00eb von\u00eb, me k\u00ebt\u00eb projekt Tirana ka kap\u00ebrcyer pritshm\u00ebrit\u00eb.<\/span><\/p>\n<p><em><span style=\"color: #000000;\">\u201cKur erdhi arkitekti i thash\u00eb, nuk e di n\u00ebse n\u00eb jet\u00ebn tend\u00eb ke pasur ndonj\u00eb p\u00ebrurim me polici. E nd\u00ebrkoh\u00eb, ajo q\u00eb ka r\u00ebnd\u00ebsi e q\u00eb \u00ebsht\u00eb e bukura e k\u00ebsaj skene \u00ebsht\u00eb se perfekti i viteve 86 \u00ebsht\u00eb k\u00ebtu me ne. Nuk \u00ebsht\u00eb n\u00eb an\u00ebn e atyre q\u00eb donin t\u00eb prishnin koncertin. S\u2019kemi \u00e7\u2019b\u00ebjm\u00eb, kjo \u00ebsht\u00eb historia bashk\u00ebkohore e zhvillimit t\u00eb k\u00ebtij vendi.<\/span><\/em><\/p>\n<p><em><span style=\"color: #000000;\">E kam menduar shum\u00eb her\u00eb, se pse komuniteti i teatrit, duke i l\u00ebn\u00eb m\u00ebnjan\u00eb ata q\u00eb teatrin, stadiumin apo sheshin Sk\u00ebnderbe i kan\u00eb par\u00eb si platforma p\u00ebr t\u00eb k\u00ebrcyer shpatat politike. Por pse komuniteti? Pavar\u00ebsisht bindjeve pulitke, kishin nj\u00eb mosbesim thuajse konsensual lidhur me k\u00ebt\u00eb proces dhe lidhur me d\u00ebshir\u00ebn dhe vullnetin p\u00ebr t\u00eb nd\u00ebrtuar m\u00eb n\u00eb fund nj\u00eb teat\u00ebr t\u00eb denj\u00eb. Mbase nuk arrij dot t\u2019i jap p\u00ebrgjigje k\u00ebsaj pyetjeje, por besoj se nj\u00eb nd\u00ebr arsyet \u00ebsht\u00eb se p\u00ebr shum\u00eb koh\u00eb, komuniteti i teatrit komb\u00ebtar u pajtua me inercin\u00eb e t\u00eb punuarit n\u00eb kushtet shum\u00eb t\u00eb v\u00ebshtira. E dekada, e dekada t\u00eb t\u00ebra kaluan me zotime e premtime, por askush nuk u b\u00eb mbar\u00eb p\u00ebr t\u00eb nd\u00ebrtuar teatrin. Pastaj edhe paragjykimet n\u00eb k\u00ebt\u00eb koh\u00eb q\u00eb ne jetojm\u00eb.<\/span><\/em><\/p>\n<p><em><span style=\"color: #000000;\">Ku kemi par\u00eb shum\u00eb skena, shqyerje t\u00eb pronave, e pasurive pulitke, e vetvetiu u krijua nj\u00eb vet\u00ebmbrojtje. <\/span><\/em><span style=\"color: #000000;\"><em>M\u00eb vjen mir\u00eb q\u00eb t\u00eb gjitha k\u00ebto m\u00eb n\u00eb fund u fashit\u00ebn. Ja kisha shpallur luft\u00ebn asaj godin\u00eb q\u00eb n\u00eb 98 kur isha minist\u00ebr kulture. Kur mendon q\u00eb nga 98 nderi sot, mund t\u00eb ishin hedhur hapat e nevojsh\u00ebm, realisht ka kaluar shum\u00eb koh\u00eb. Ky projekt shkon p\u00ebrtej nj\u00eb teatri komb\u00ebtar. \u00cbsht\u00eb nj\u00eb tjet\u00ebr gur i \u00e7muar n\u00eb nj\u00eb gjerdan veprash q\u00eb e kan\u00eb nxjerr\u00eb Tiran\u00ebs jasht\u00eb vetes.\u201d-<\/em> tha Rama.<\/span><\/p>\n<p><span style=\"color: #000000;\">Kryeministri deklaroi se godina e re do t\u00eb jen\u00eb n\u00eb nivel europian dhe do t\u00eb organizohen aktivitete nd\u00ebrkomb\u00ebtare.<\/span><\/p>\n<p><span style=\"color: #000000;\">Rama foli dhe n\u00eb nj\u00eb prononcim p\u00ebr mediat pasi p\u00ebrfundoi fjal\u00ebn e tij n\u00eb p\u00ebrurimin e teatrit.<\/span><\/p>\n<p><span style=\"color: #000000;\"><em>\u201cDo nd\u00ebrtojm\u00eb nj\u00eb teat\u00ebr q\u00eb do jet\u00eb m\u00eb i bukuri n\u00eb rajonin ton\u00eb. Nj\u00eblloj si stadiumi. S\u2019do jet\u00eb vet\u00ebm nj\u00eb hap\u00ebsire brenda p\u00ebr brenda por e gatshme p\u00ebr koncerte nd\u00ebrkomb\u00ebtare, festivale etj. Sepse f\u00ebmij\u00ebt meritojn\u00eb m\u00eb tep\u00ebr se shfaqet q\u00eb marrin sot, q\u00eb s\u2019kan\u00eb lidhje me koh\u00ebn.<\/em>\u201d- tha Rama.<\/span><\/p>\n<p><span style=\"color: #000000;\">I pyetur nga gazetar\u00ebt p\u00ebr \u00e7\u00ebshtjen e detit dhe akuzat e opozit\u00ebs, Rama u shpreh se: <em>\u201cJan\u00eb t\u00eb lir\u00eb njer\u00ebzit t\u00eb fantazojn\u00eb n\u00eb \u00e7do gj\u00eb q\u00eb ju vjen n\u00ebp\u00ebr mend, mjaftojn\u00eb ti b\u00ebjn\u00eb n\u00eb form\u00eb paq\u00ebsore. Nga pik\u00ebpamja tjet\u00ebr kush do qash, kush do qesh kushdo ju p\u00ebrsh\u00ebndet si un\u00eb.\u201d<\/em><\/span><\/p>\n","protected":false,"gt_translate_keys":[{"key":"rendered","format":"html"}]},"excerpt":{"rendered":"<p>N\u00eb nisjen e punimeve p\u00ebr nd\u00ebrtimin e Teatrit t\u00eb Ri Komb\u00ebtar, kryeministri Edi Rama kujton kur i shpalli \u201cluft\u00ebn\u201d teatrit t\u00eb vjet\u00ebr. Ai tha se k\u00ebt\u00eb \u201cluft\u00eb\u201d e kishte shpallur q\u00eb n\u00eb vitin 1998 kur ishte minist\u00ebr kulture. Rama tha se edhe pse shum\u00eb von\u00eb, me k\u00ebt\u00eb projekt Tirana ka kap\u00ebrcyer pritshm\u00ebrit\u00eb. \u201cKur erdhi arkitekti [&hellip;]<\/p>\n","protected":false,"gt_translate_keys":[{"key":"rendered","format":"html"}]},"author":30,"featured_media":569100,"comment_status":"closed","ping_status":"closed","sticky":false,"template":"","format":"standard","meta":{"footnotes":""},"categories":[65,13],"tags":[],"class_list":["post-569099","post","type-post","status-publish","format-standard","has-post-thumbnail","hentry","category-lajme","category-te-fundit"],"gt_translate_keys":[{"key":"link","format":"url"}],"_links":{"self":[{"href":"https:\/\/www.hashtag.al\/index.php\/wp-json\/wp\/v2\/posts\/569099","targetHints":{"allow":["GET"]}}],"collection":[{"href":"https:\/\/www.hashtag.al\/index.php\/wp-json\/wp\/v2\/posts"}],"about":[{"href":"https:\/\/www.hashtag.al\/index.php\/wp-json\/wp\/v2\/types\/post"}],"author":[{"embeddable":true,"href":"https:\/\/www.hashtag.al\/index.php\/wp-json\/wp\/v2\/users\/30"}],"replies":[{"embeddable":true,"href":"https:\/\/www.hashtag.al\/index.php\/wp-json\/wp\/v2\/comments?post=569099"}],"version-history":[{"count":0,"href":"https:\/\/www.hashtag.al\/index.php\/wp-json\/wp\/v2\/posts\/569099\/revisions"}],"wp:featuredmedia":[{"embeddable":true,"href":"https:\/\/www.hashtag.al\/index.php\/wp-json\/wp\/v2\/media\/569100"}],"wp:attachment":[{"href":"https:\/\/www.hashtag.al\/index.php\/wp-json\/wp\/v2\/media?parent=569099"}],"wp:term":[{"taxonomy":"category","embeddable":true,"href":"https:\/\/www.hashtag.al\/index.php\/wp-json\/wp\/v2\/categories?post=569099"},{"taxonomy":"post_tag","embeddable":true,"href":"https:\/\/www.hashtag.al\/index.php\/wp-json\/wp\/v2\/tags?post=569099"}],"curies":[{"name":"wp","href":"https:\/\/api.w.org\/{rel}","templated":true}]}}