{"id":569092,"date":"2022-12-21T12:15:16","date_gmt":"2022-12-21T11:15:16","guid":{"rendered":"https:\/\/www.hashtag.al\/?p=569092"},"modified":"2022-12-21T12:15:16","modified_gmt":"2022-12-21T11:15:16","slug":"nisin-punimet-per-teatrin-kombetar-veliaj-do-jete-vepra-me-e-bukur-e-artit-ne-ballkanin-perendimor","status":"publish","type":"post","link":"https:\/\/www.hashtag.al\/index.php\/2022\/12\/21\/nisin-punimet-per-teatrin-kombetar-veliaj-do-jete-vepra-me-e-bukur-e-artit-ne-ballkanin-perendimor\/","title":{"rendered":"Nisin punimet p\u00ebr Teatrin Komb\u00ebtar\/ Veliaj: Do jet\u00eb vepra m\u00eb e bukur e artit n\u00eb Ballkanin Per\u00ebndimor","gt_translate_keys":[{"key":"rendered","format":"text"}]},"content":{"rendered":"<p><span style=\"color: #000000;\"><a href=\"https:\/\/www.hashtag.al\/wp-content\/uploads\/2022\/12\/ev.jpg\"><img loading=\"lazy\" decoding=\"async\" class=\"aligncenter size-full wp-image-569093\" src=\"https:\/\/www.hashtag.al\/wp-content\/uploads\/2022\/12\/ev.jpg\" alt=\"\" width=\"838\" height=\"414\" srcset=\"https:\/\/www.hashtag.al\/wp-content\/uploads\/2022\/12\/ev.jpg 838w, https:\/\/www.hashtag.al\/wp-content\/uploads\/2022\/12\/ev-300x148.jpg 300w, https:\/\/www.hashtag.al\/wp-content\/uploads\/2022\/12\/ev-768x379.jpg 768w\" sizes=\"auto, (max-width: 838px) 100vw, 838px\" \/><\/a><\/span><\/p>\n<p><span style=\"color: #000000;\">N\u00eb nisjen e punimeve p\u00ebr nd\u00ebrtimin e Teatrit t\u00eb ri Komb\u00ebtar, kryetari i bashkis\u00eb s\u00eb Tiran\u00ebs, Erion Veliaj, u shpreh se kjo vep\u00ebr publike do t\u00eb nd\u00ebrtohet me parat\u00eb e buxhetit dhe jo me partneritet. Kryebashkuaku tha se sot kan\u00eb konsensusin m\u00eb t\u00eb madh nga artist\u00ebt.<\/span><\/p>\n<p><em><span style=\"color: #000000;\">\u201cSot na duhet t\u00eb kapim koh\u00ebn e humbur. Do jet\u00eb vepra m\u00eb e bukur e artit n\u00eb Ballkanin Per\u00ebndimor. Kur e nis\u00ebm k\u00ebt\u00eb debat ishin me opinione t\u00eb ndryshme. Por sot kemi dakord\u00ebsin\u00eb q\u00eb Teatri do t\u00eb jet\u00eb n\u00eb tok\u00ebn e vet. Sot kemi r\u00ebn\u00eb dakord q\u00eb Teatri do nd\u00ebrtohet me para publike dhe jo me partneritetit.<\/span><\/em><\/p>\n<p><span style=\"color: #000000;\"><em>Gjith\u00e7ka q\u00eb ka ndodhur k\u00ebtu ka ndodhur m\u00eb par\u00eb edhe n\u00eb vendet e tjera. Sot kemi konsensusin m\u00eb t\u00eb madh t\u00eb aktor\u00ebve dhe t\u00eb arkitekt\u00ebve. Vendi ka nevoj\u00eb p\u00ebr nj\u00eb hap\u00ebsir\u00eb t\u00eb till\u00eb, ashtu sic jan\u00eb b\u00ebr\u00eb shum\u00eb vepra t\u00eb tjera.\u201d<\/em>&#8211; tha Veliaj.<\/span><\/p>\n","protected":false,"gt_translate_keys":[{"key":"rendered","format":"html"}]},"excerpt":{"rendered":"<p>N\u00eb nisjen e punimeve p\u00ebr nd\u00ebrtimin e Teatrit t\u00eb ri Komb\u00ebtar, kryetari i bashkis\u00eb s\u00eb Tiran\u00ebs, Erion Veliaj, u shpreh se kjo vep\u00ebr publike do t\u00eb nd\u00ebrtohet me parat\u00eb e buxhetit dhe jo me partneritet. Kryebashkuaku tha se sot kan\u00eb konsensusin m\u00eb t\u00eb madh nga artist\u00ebt. \u201cSot na duhet t\u00eb kapim koh\u00ebn e humbur. Do [&hellip;]<\/p>\n","protected":false,"gt_translate_keys":[{"key":"rendered","format":"html"}]},"author":30,"featured_media":569093,"comment_status":"closed","ping_status":"closed","sticky":false,"template":"","format":"standard","meta":{"footnotes":""},"categories":[65,13],"tags":[],"class_list":["post-569092","post","type-post","status-publish","format-standard","has-post-thumbnail","hentry","category-lajme","category-te-fundit"],"gt_translate_keys":[{"key":"link","format":"url"}],"_links":{"self":[{"href":"https:\/\/www.hashtag.al\/index.php\/wp-json\/wp\/v2\/posts\/569092","targetHints":{"allow":["GET"]}}],"collection":[{"href":"https:\/\/www.hashtag.al\/index.php\/wp-json\/wp\/v2\/posts"}],"about":[{"href":"https:\/\/www.hashtag.al\/index.php\/wp-json\/wp\/v2\/types\/post"}],"author":[{"embeddable":true,"href":"https:\/\/www.hashtag.al\/index.php\/wp-json\/wp\/v2\/users\/30"}],"replies":[{"embeddable":true,"href":"https:\/\/www.hashtag.al\/index.php\/wp-json\/wp\/v2\/comments?post=569092"}],"version-history":[{"count":0,"href":"https:\/\/www.hashtag.al\/index.php\/wp-json\/wp\/v2\/posts\/569092\/revisions"}],"wp:featuredmedia":[{"embeddable":true,"href":"https:\/\/www.hashtag.al\/index.php\/wp-json\/wp\/v2\/media\/569093"}],"wp:attachment":[{"href":"https:\/\/www.hashtag.al\/index.php\/wp-json\/wp\/v2\/media?parent=569092"}],"wp:term":[{"taxonomy":"category","embeddable":true,"href":"https:\/\/www.hashtag.al\/index.php\/wp-json\/wp\/v2\/categories?post=569092"},{"taxonomy":"post_tag","embeddable":true,"href":"https:\/\/www.hashtag.al\/index.php\/wp-json\/wp\/v2\/tags?post=569092"}],"curies":[{"name":"wp","href":"https:\/\/api.w.org\/{rel}","templated":true}]}}