{"id":569077,"date":"2022-12-21T11:21:25","date_gmt":"2022-12-21T10:21:25","guid":{"rendered":"https:\/\/www.hashtag.al\/?p=569077"},"modified":"2022-12-21T11:25:28","modified_gmt":"2022-12-21T10:25:28","slug":"dendias-marreveshja-per-detin-ne-hage-zgjidhja-rregullon-marredheniet","status":"publish","type":"post","link":"https:\/\/www.hashtag.al\/index.php\/2022\/12\/21\/dendias-marreveshja-per-detin-ne-hage-zgjidhja-rregullon-marredheniet\/","title":{"rendered":"Dendias: Marr\u00ebveshja p\u00ebr detin\u00a0n\u00eb Hag\u00eb, zgjidhja rregullon marr\u00ebdh\u00ebniet","gt_translate_keys":[{"key":"rendered","format":"text"}]},"content":{"rendered":"<p><img loading=\"lazy\" decoding=\"async\" class=\"aligncenter size-full wp-image-569078\" src=\"https:\/\/www.hashtag.al\/wp-content\/uploads\/2022\/12\/dendias.png\" alt=\"\" width=\"1381\" height=\"733\" srcset=\"https:\/\/www.hashtag.al\/wp-content\/uploads\/2022\/12\/dendias.png 1381w, https:\/\/www.hashtag.al\/wp-content\/uploads\/2022\/12\/dendias-300x159.png 300w, https:\/\/www.hashtag.al\/wp-content\/uploads\/2022\/12\/dendias-1024x544.png 1024w, https:\/\/www.hashtag.al\/wp-content\/uploads\/2022\/12\/dendias-768x408.png 768w\" sizes=\"auto, (max-width: 1381px) 100vw, 1381px\" \/><\/p>\n<p><span style=\"color: #000000;\">Ministri i Jasht\u00ebm grek Nikos Dendias pohoi gjat\u00eb konferenc\u00ebs p\u00ebr shtyp me ministren e Jashtme Xha\u00e7ka se \u00ebsht\u00eb r\u00ebn\u00eb dakord mes Athin\u00ebs e Tiran\u00ebs q\u00eb marr\u00ebveshja p\u00ebr detin t\u00eb shkoj\u00eb n\u00eb Gjykat\u00ebn e Hag\u00ebs. <\/span><\/p>\n<p><span style=\"color: #000000;\">Sipas shefit t\u00eb diplomacis\u00eb greke, kjo gj\u00eb do rregulloj\u00eb marr\u00ebdh\u00ebniet dypal\u00ebshe e do hap\u00eb nj\u00eb kapitull t\u00eb ri t\u00eb tyre.<\/span><\/p>\n<p><span style=\"color: #000000;\"><em>\u201cSot ne pat\u00ebm mund\u00ebsin\u00eb p\u00ebr t\u00eb folur marr\u00ebdh\u00ebniet tona dypal\u00ebshe. Fol\u00ebm p\u00ebr marr\u00ebveshjen e para dy viteve, q\u00eb t\u00eb arrijm\u00eb t\u00eb \u00e7ojm\u00eb n\u00eb Hag\u00eb marr\u00ebveshjen p\u00ebr detin edhe t\u00eb shelfit kontinental. E drejta nd\u00ebrkomb\u00ebtare e detit \u00ebsht\u00eb ajo q\u00eb do rregulloj\u00eb marr\u00ebdh\u00ebniet dypal\u00ebshe dhe do krijoj\u00eb nj\u00eb kapitull t\u00eb ri t\u00eb marr\u00ebdh\u00ebnieve tona dypal\u00ebshe. Gjithashtu fol\u00ebm p\u00ebr minoritetet tona k\u00ebtu dhe shqiptare tek ne. Ato jan\u00eb ura e bashk\u00ebpunimit ton\u00eb. Madje, vizita e kryeministrit grek \u00ebsht\u00eb ajo q\u00eb do t\u00eb kontribuoj\u00eb n\u00eb k\u00ebt\u00eb aspekt. Diskutuam p\u00ebr mbrojtjen e mjedisit, sidomos p\u00ebr Lumin Vjosa dhe kemi r\u00ebn\u00eb dakord p\u00ebr mbrojtjen e tij, shpallja do t\u00eb b\u00ebhet n\u00eb datat 22 dhe 23.\u201d<\/em> &#8211; tha Dendias.<\/span><\/p>\n","protected":false,"gt_translate_keys":[{"key":"rendered","format":"html"}]},"excerpt":{"rendered":"<p>Ministri i Jasht\u00ebm grek Nikos Dendias pohoi gjat\u00eb konferenc\u00ebs p\u00ebr shtyp me ministren e Jashtme Xha\u00e7ka se \u00ebsht\u00eb r\u00ebn\u00eb dakord mes Athin\u00ebs e Tiran\u00ebs q\u00eb marr\u00ebveshja p\u00ebr detin t\u00eb shkoj\u00eb n\u00eb Gjykat\u00ebn e Hag\u00ebs. Sipas shefit t\u00eb diplomacis\u00eb greke, kjo gj\u00eb do rregulloj\u00eb marr\u00ebdh\u00ebniet dypal\u00ebshe e do hap\u00eb nj\u00eb kapitull t\u00eb ri t\u00eb tyre. \u201cSot [&hellip;]<\/p>\n","protected":false,"gt_translate_keys":[{"key":"rendered","format":"html"}]},"author":51,"featured_media":569078,"comment_status":"closed","ping_status":"closed","sticky":false,"template":"","format":"standard","meta":{"footnotes":""},"categories":[65,13],"tags":[],"class_list":["post-569077","post","type-post","status-publish","format-standard","has-post-thumbnail","hentry","category-lajme","category-te-fundit"],"gt_translate_keys":[{"key":"link","format":"url"}],"_links":{"self":[{"href":"https:\/\/www.hashtag.al\/index.php\/wp-json\/wp\/v2\/posts\/569077","targetHints":{"allow":["GET"]}}],"collection":[{"href":"https:\/\/www.hashtag.al\/index.php\/wp-json\/wp\/v2\/posts"}],"about":[{"href":"https:\/\/www.hashtag.al\/index.php\/wp-json\/wp\/v2\/types\/post"}],"author":[{"embeddable":true,"href":"https:\/\/www.hashtag.al\/index.php\/wp-json\/wp\/v2\/users\/51"}],"replies":[{"embeddable":true,"href":"https:\/\/www.hashtag.al\/index.php\/wp-json\/wp\/v2\/comments?post=569077"}],"version-history":[{"count":0,"href":"https:\/\/www.hashtag.al\/index.php\/wp-json\/wp\/v2\/posts\/569077\/revisions"}],"wp:featuredmedia":[{"embeddable":true,"href":"https:\/\/www.hashtag.al\/index.php\/wp-json\/wp\/v2\/media\/569078"}],"wp:attachment":[{"href":"https:\/\/www.hashtag.al\/index.php\/wp-json\/wp\/v2\/media?parent=569077"}],"wp:term":[{"taxonomy":"category","embeddable":true,"href":"https:\/\/www.hashtag.al\/index.php\/wp-json\/wp\/v2\/categories?post=569077"},{"taxonomy":"post_tag","embeddable":true,"href":"https:\/\/www.hashtag.al\/index.php\/wp-json\/wp\/v2\/tags?post=569077"}],"curies":[{"name":"wp","href":"https:\/\/api.w.org\/{rel}","templated":true}]}}