{"id":568992,"date":"2022-12-20T22:55:56","date_gmt":"2022-12-20T21:55:56","guid":{"rendered":"https:\/\/www.hashtag.al\/?p=568992"},"modified":"2022-12-20T22:55:56","modified_gmt":"2022-12-20T21:55:56","slug":"nisja-e-punimeve-per-teatrin-e-ri-belind-kellici-kreu-i-spak-ut-ta-nise-detyren-me-hetimin-e-kesaj-afere","status":"publish","type":"post","link":"https:\/\/www.hashtag.al\/index.php\/2022\/12\/20\/nisja-e-punimeve-per-teatrin-e-ri-belind-kellici-kreu-i-spak-ut-ta-nise-detyren-me-hetimin-e-kesaj-afere\/","title":{"rendered":"Nisja e punimeve p\u00ebr Teatrin e Ri\/ Belind K\u00eblli\u00e7i: Kreu i SPAK-ut ta nis\u00eb detyr\u00ebn me hetimin e k\u00ebsaj afere","gt_translate_keys":[{"key":"rendered","format":"text"}]},"content":{"rendered":"<p><span style=\"color: #000000;\"><a href=\"https:\/\/www.hashtag.al\/wp-content\/uploads\/2022\/12\/Kellici.jpg\"><img loading=\"lazy\" decoding=\"async\" class=\"aligncenter size-full wp-image-568993\" src=\"https:\/\/www.hashtag.al\/wp-content\/uploads\/2022\/12\/Kellici.jpg\" alt=\"\" width=\"923\" height=\"558\" srcset=\"https:\/\/www.hashtag.al\/wp-content\/uploads\/2022\/12\/Kellici.jpg 923w, https:\/\/www.hashtag.al\/wp-content\/uploads\/2022\/12\/Kellici-300x181.jpg 300w, https:\/\/www.hashtag.al\/wp-content\/uploads\/2022\/12\/Kellici-768x464.jpg 768w\" sizes=\"auto, (max-width: 923px) 100vw, 923px\" \/><\/a><\/span><\/p>\n<p><span style=\"color: #000000;\">Aktivist\u00eb t\u00eb Aleanc\u00ebs p\u00ebr Mbrojtjen e Teatrit jan\u00eb mbledhur mbr\u00ebmjen e sotme n\u00eb sheshin ku ndodhej Teatri Komb\u00ebtar i shembur n\u00eb 17 maj 2020, pas njoftimit nga Bashkia e Tiran\u00ebs se do t\u00eb nisnin punimet p\u00ebr nd\u00ebrtimin e Teatrit t\u00eb ri.<\/span><\/p>\n<p><span style=\"color: #000000;\">Protest\u00ebs iu bashkuan edhe kandidati i opozit\u00ebs p\u00ebr bashkin\u00eb e Tiran\u00ebs, Belind K\u00eblli\u00e7i dhe avokatja Adriana Kalaja.<\/span><\/p>\n<p><span style=\"color: #000000;\">N\u00eb nj\u00eb prononcim p\u00ebr mediet, K\u00eblli\u00e7i i b\u00ebri thirrje\u00a0kreut t\u00eb ri t\u00eb SPAK-ut Altin Dumani, q\u00eb t&#8217;i jap\u00eb fund paligjshm\u00ebris\u00eb dhe t\u00eb hetojn\u00eb ngjarjen.<\/span><\/p>\n<p><em><span style=\"color: #000000;\">\u201cNe kemi patur nj\u00eb mbledhje t\u00eb K\u00ebshillit Komb\u00ebtar t\u00eb PD. Jam k\u00ebtu si kandidat zyrtar i opozit\u00ebs, por edhe si an\u00ebtar i K\u00ebshillit Komb\u00ebtar dhe deputet i PD. Mb\u00ebshtes kauz\u00ebn e Aleanc\u00ebs p\u00ebr Mbrojtjen e Teatrit, p\u00ebr t\u00eb nd\u00ebrtuar Teatrin k\u00ebshtu si\u00e7 ishte. K\u00ebtu ku jemi ka nj\u00eb vendim t\u00eb Gjykat\u00ebs Kushtetuese ku ka anuluar transferimin e pron\u00ebs nga Ministria e Kultur\u00ebs te Bashkia e Tiran\u00ebs. Dhe ka nj\u00eb kall\u00ebzim n\u00eb SPAK.<\/span><\/em><\/p>\n<p><span style=\"color: #000000;\"><em>Veliaj po zhduk \u00e7do gj\u00eb nga memoria historike e qytetit t\u00eb Tiran\u00ebs. Kjo nuk \u00ebsht\u00eb kauz\u00eb politike, por qytetare. Teatri ka qen\u00eb pasuri, memoria e qytetit \u00ebsht\u00eb pasuri p\u00ebr t\u00eb gjith\u00eb qytetar\u00ebt pa dallime politike. Qytetar\u00ebt meritojn\u00eb Teatrin ashtu si\u00e7\u00a0ishte. Nes\u00ebr n\u00eb or\u00ebn 10.00 ftoj qytetar\u00ebt t\u00eb mb\u00ebshtesin Aleanc\u00ebn n\u00eb k\u00ebt\u00eb shesh. Aleanca ka protestuar p\u00ebr 5 vite dhe nuk ka thyer nj\u00eb xham. K\u00ebtu n\u00eb k\u00ebt\u00eb perimert\u00ebr jan\u00eb arrestuar p\u00ebrdhunsh\u00ebm artist\u00ebt. Jan\u00eb marr\u00eb me dhun\u00eb dhe \u00e7uar n\u00ebp\u00ebr komisariate sepse po protestonin p\u00ebr nj\u00eb kauz\u00eb t\u00eb drejt\u00eb.\u00a0Le t\u00eb jet\u00eb kjo nj\u00eb nga detyrat e para t\u00eb drejtuesit t\u00eb ri t\u00eb SPAK q\u00eb t&#8217;i jap\u00eb fund paligjm\u00ebris\u00eb dhe t\u00eb vijn\u00eb t\u00eb hetojn\u00eb k\u00ebt\u00eb afer\u00eb q\u00eb \u00ebsht\u00eb nj\u00eb nga aferat m\u00eb t\u00eb sh\u00ebmtuara dhe m\u00eb korruptive q\u00eb ka par\u00eb vendi yn\u00eb.\u201d-<\/em> tha K\u00eblli\u00e7i.<\/span><\/p>\n","protected":false,"gt_translate_keys":[{"key":"rendered","format":"html"}]},"excerpt":{"rendered":"<p>Aktivist\u00eb t\u00eb Aleanc\u00ebs p\u00ebr Mbrojtjen e Teatrit jan\u00eb mbledhur mbr\u00ebmjen e sotme n\u00eb sheshin ku ndodhej Teatri Komb\u00ebtar i shembur n\u00eb 17 maj 2020, pas njoftimit nga Bashkia e Tiran\u00ebs se do t\u00eb nisnin punimet p\u00ebr nd\u00ebrtimin e Teatrit t\u00eb ri. Protest\u00ebs iu bashkuan edhe kandidati i opozit\u00ebs p\u00ebr bashkin\u00eb e Tiran\u00ebs, Belind K\u00eblli\u00e7i dhe [&hellip;]<\/p>\n","protected":false,"gt_translate_keys":[{"key":"rendered","format":"html"}]},"author":30,"featured_media":568993,"comment_status":"closed","ping_status":"closed","sticky":false,"template":"","format":"standard","meta":{"footnotes":""},"categories":[65,13],"tags":[],"class_list":["post-568992","post","type-post","status-publish","format-standard","has-post-thumbnail","hentry","category-lajme","category-te-fundit"],"gt_translate_keys":[{"key":"link","format":"url"}],"_links":{"self":[{"href":"https:\/\/www.hashtag.al\/index.php\/wp-json\/wp\/v2\/posts\/568992","targetHints":{"allow":["GET"]}}],"collection":[{"href":"https:\/\/www.hashtag.al\/index.php\/wp-json\/wp\/v2\/posts"}],"about":[{"href":"https:\/\/www.hashtag.al\/index.php\/wp-json\/wp\/v2\/types\/post"}],"author":[{"embeddable":true,"href":"https:\/\/www.hashtag.al\/index.php\/wp-json\/wp\/v2\/users\/30"}],"replies":[{"embeddable":true,"href":"https:\/\/www.hashtag.al\/index.php\/wp-json\/wp\/v2\/comments?post=568992"}],"version-history":[{"count":0,"href":"https:\/\/www.hashtag.al\/index.php\/wp-json\/wp\/v2\/posts\/568992\/revisions"}],"wp:featuredmedia":[{"embeddable":true,"href":"https:\/\/www.hashtag.al\/index.php\/wp-json\/wp\/v2\/media\/568993"}],"wp:attachment":[{"href":"https:\/\/www.hashtag.al\/index.php\/wp-json\/wp\/v2\/media?parent=568992"}],"wp:term":[{"taxonomy":"category","embeddable":true,"href":"https:\/\/www.hashtag.al\/index.php\/wp-json\/wp\/v2\/categories?post=568992"},{"taxonomy":"post_tag","embeddable":true,"href":"https:\/\/www.hashtag.al\/index.php\/wp-json\/wp\/v2\/tags?post=568992"}],"curies":[{"name":"wp","href":"https:\/\/api.w.org\/{rel}","templated":true}]}}