{"id":568944,"date":"2022-12-20T18:36:01","date_gmt":"2022-12-20T17:36:01","guid":{"rendered":"https:\/\/www.hashtag.al\/?p=568944"},"modified":"2022-12-20T18:36:01","modified_gmt":"2022-12-20T17:36:01","slug":"sali-berisha-edhe-kandidaturat-per-deputete-dhe-ministra-do-te-perzgjidhen-permes-primareve","status":"publish","type":"post","link":"https:\/\/www.hashtag.al\/index.php\/2022\/12\/20\/sali-berisha-edhe-kandidaturat-per-deputete-dhe-ministra-do-te-perzgjidhen-permes-primareve\/","title":{"rendered":"Sali Berisha: Edhe kandidaturat p\u00ebr deputet\u00eb dhe ministra do t\u00eb p\u00ebrzgjidhen p\u00ebrmes primareve","gt_translate_keys":[{"key":"rendered","format":"text"}]},"content":{"rendered":"<p><span style=\"color: #000000;\"><a href=\"https:\/\/www.hashtag.al\/wp-content\/uploads\/2022\/12\/92eaabb4-6d50-41fb-abcf-6a7534f9face.jpg\"><img loading=\"lazy\" decoding=\"async\" class=\"aligncenter size-full wp-image-568934\" src=\"https:\/\/www.hashtag.al\/wp-content\/uploads\/2022\/12\/92eaabb4-6d50-41fb-abcf-6a7534f9face.jpg\" alt=\"\" width=\"1600\" height=\"1066\" srcset=\"https:\/\/www.hashtag.al\/wp-content\/uploads\/2022\/12\/92eaabb4-6d50-41fb-abcf-6a7534f9face.jpg 1600w, https:\/\/www.hashtag.al\/wp-content\/uploads\/2022\/12\/92eaabb4-6d50-41fb-abcf-6a7534f9face-300x200.jpg 300w, https:\/\/www.hashtag.al\/wp-content\/uploads\/2022\/12\/92eaabb4-6d50-41fb-abcf-6a7534f9face-1024x682.jpg 1024w, https:\/\/www.hashtag.al\/wp-content\/uploads\/2022\/12\/92eaabb4-6d50-41fb-abcf-6a7534f9face-768x512.jpg 768w, https:\/\/www.hashtag.al\/wp-content\/uploads\/2022\/12\/92eaabb4-6d50-41fb-abcf-6a7534f9face-1536x1023.jpg 1536w\" sizes=\"auto, (max-width: 1600px) 100vw, 1600px\" \/><\/a><\/span><\/p>\n<p><span style=\"color: #000000;\">K\u00ebt\u00eb t\u00eb mart\u00eb, Sali Berisha mblodhi K\u00ebshillin Komb\u00ebtar t\u00eb Partis\u00eb Demokratike.<\/span><\/p>\n<p><span style=\"color: #000000;\">Gjat\u00eb fjal\u00ebs s\u00eb tij, Berisha vler\u00ebsoi maksimalisht procesin e primareve p\u00ebr zgjedhjen e kandidat\u00ebve p\u00ebr zgjedhjet lokale.<\/span><\/p>\n<p><span style=\"color: #000000;\">Ai deklaroi se n\u00eb t\u00eb ardhmen ky model do t\u00eb p\u00ebrdoret p\u00ebr t\u00eb p\u00ebrzgjedhur deputet\u00ebt dhe qeveritar\u00ebt qendror\u00eb, q\u00eb n\u00ebnkupton ministrat e shtetit.<\/span><\/p>\n<p><em><span style=\"color: #000000;\">\u201cN\u00eb k\u00ebt\u00eb kontekst, kandidat\u00ebt tan\u00eb, me kandidat\u00ebt e tij ndryshojn\u00eb si nata me dit\u00ebn. Ja ku jan\u00eb, kan\u00eb ardhur me nj\u00eb proces demokratik dinjitoz, kurse t\u00eb tjer\u00ebt dalin nga klanet mafioze t\u00eb pushtetit, grupet kriminale e me radh\u00eb. K\u00ebt\u00eb e kemi arritur dhe duhet ta p\u00ebrsosim. \u00cbsht\u00eb n\u00eb merit\u00ebn e demokrat\u00ebve, q\u00eb k\u00ebt\u00eb proces e realizuam me p\u00ebrkushtim, vendosm\u00ebri, civilitet.<\/span><\/em><\/p>\n<p><em><span style=\"color: #000000;\">Ne kaluam primaret p\u00ebr drejtuesit tan\u00eb t\u00eb deg\u00ebve. Ajo ishte nj\u00eb eksperienc\u00eb e shk\u00eblqyer. N\u00eb\u00a0 t\u00ebr\u00ebsi ato me p\u00ebrjashtime shum\u00eb t\u00eb rralla nuk krijuan qarje, hat\u00ebrmbetje t\u00eb pariparueshme. Po n\u00eb k\u00ebt\u00eb frym\u00eb kaluan dhe primaret p\u00ebr qeveritar\u00ebt vendor\u00eb.<\/span><\/em><\/p>\n<p><em><span style=\"color: #000000;\">Po n\u00eb k\u00ebt\u00eb frym\u00eb do t\u00eb kalojn\u00eb kandidaturat p\u00ebr deputet\u00eb dhe qeveritar\u00eb qendror. Por cili \u00ebsht\u00eb mesazhi i madh n\u00eb rrafshin partiak p\u00ebr \u00e7do an\u00ebtar t\u00eb k\u00ebsaj partie, t\u00eb guxoj\u00eb t\u00eb kandidoj\u00eb.<\/span><\/em><\/p>\n<p><em><span style=\"color: #000000;\">I zgjedhuri Duhet t\u00eb investoj\u00eb tek ata tek t\u00eb cil\u00ebt do ti p\u00ebrfq\u00ebsoj\u00eb, duhet t\u00eb fitoj\u00eb besimin, t\u00eb b\u00ebj\u00eb avokatin\u00eb e tyre dhe duhet ta konsideroj\u00eb veten nj\u00ebri prej tyre.<\/span><\/em><\/p>\n<p><em><span style=\"color: #000000;\">K\u00ebto arritje jan\u00eb shum\u00eb t\u00eb r\u00ebnd\u00ebsishme dhe jan\u00eb nj\u00eb presmis\u00eb e mir\u00eb p\u00ebr fushat\u00ebn ton\u00eb elektorale. Ne hyjm\u00eb n\u00eb nj\u00eb fushat\u00eb elektorale si njer\u00ebz t\u00eb lir\u00eb, me kandidat\u00ebt tan\u00eb t\u00eb p\u00ebrzgjedhur n\u00eb m\u00ebnyr\u00ebn m\u00eb demokratike. Ky \u00ebsht\u00eb nj\u00eb avantazh, nj\u00eb ep\u00ebrsi e padiskutueshme aq sa ka liria ep\u00ebrsi.<\/span><\/em><\/p>\n<p><em><span style=\"color: #000000;\">Ne hyjm\u00eb n\u00eb k\u00ebt\u00eb fushat\u00eb gjithashtu n\u00eb kushtet kur regjimi degradon gjithnj\u00eb e m\u00eb shum\u00eb. N\u00eb kushtet kur regjimi r\u00ebndon gjithnj\u00eb e m\u00eb shum\u00eb mbi shpatullat e shqiptar\u00ebve. N\u00eb kushtet kur regjimi kalb\u00ebzohet \u00e7do jav\u00eb e m\u00eb shum\u00eb. N\u00eb kushtet kur Edi Rama d\u00ebshmon qart\u00eb se \u00ebsht\u00eb i vendosur t\u00eb b\u00ebj\u00eb gjith\u00e7ka deri sa ti japim vendin q\u00eb meriton, p\u00ebr t\u00eb shkat\u00ebrruar PD dhe p\u00ebr t\u00eb spastruar Shqip\u00ebrin\u00eb, e p\u00ebr ta shnd\u00ebrruar at\u00eb n\u00eb parajs\u00ebn e krimit, korrupsionit dhe klaneve me pasaporta t\u00eb arta e me radh\u00eb.<\/span><\/em><\/p>\n<p><em><span style=\"color: #000000;\">Ne sot jemi para nj\u00eb alternative me k\u00ebt\u00eb armik q\u00eb kemi p\u00ebrball\u00eb. Ky k\u00ebrkon ta shuaj\u00eb PD-n\u00eb dhe \u00e7do demokrat duhet t\u00eb jet\u00eb i nd\u00ebrgjegjsh\u00ebm p\u00ebr k\u00ebt\u00eb. PD-n\u00eb k\u00ebrkon t\u00eb ja var\u00eb n\u00eb qaf\u00eb nj\u00eb grup pengu q\u00eb quhet Enkelejd, Lulzim apo si quhet. Ky k\u00ebrkon n\u00eb dhunim flagrant t\u00eb \u00e7do lloj parimi t\u00eb vot\u00ebs, shumic\u00ebs etj., q\u00eb partia q\u00eb p\u00ebrmbysi et\u00ebrit e tij, t\u00eb nd\u00ebshkohet nga ky bastard n\u00eb pushtet.<\/span><\/em><\/p>\n<p><em><span style=\"color: #000000;\">Ky k\u00ebrkon q\u00eb duke asgj\u00ebsuar PD-n\u00eb, si e till\u00eb pas rithemelimit t\u00eb saj, t\u00eb vazhdoj\u00eb pushtetin e tij aq sa ta lejoj\u00eb natyra. Edi Rama pas marrjes s\u00eb pushtetit duke dhunuar vot\u00ebn, mendon n\u00eb m\u00ebnyr\u00ebn m\u00eb kriminale, t\u00eb godas\u00eb p\u00ebrfundimisht pluralizmin.<\/span><\/em><\/p>\n<p><span style=\"color: #000000;\"><em>Mendon dhe beson se mund t\u00eb tjet\u00ebrsoj\u00eb PD-n\u00eb. Kjo \u00ebsht\u00eb \u00e7\u00ebshtja jon\u00eb, e \u00e7do demokrati\/ demokrateje, e \u00e7do shqiptari dhe shqiptareje q\u00eb do lirin\u00eb e pluralizmin.\u201d-<\/em> deklaroi Berisha.<\/span><\/p>\n<p><a href=\"https:\/\/www.hashtag.al\/wp-content\/uploads\/2022\/12\/7cbb1e5d-dd81-4d29-8d6e-b01dacc6d388.jpg\"><img loading=\"lazy\" decoding=\"async\" class=\"aligncenter size-full wp-image-568945\" src=\"https:\/\/www.hashtag.al\/wp-content\/uploads\/2022\/12\/7cbb1e5d-dd81-4d29-8d6e-b01dacc6d388.jpg\" alt=\"\" width=\"1600\" height=\"1066\" srcset=\"https:\/\/www.hashtag.al\/wp-content\/uploads\/2022\/12\/7cbb1e5d-dd81-4d29-8d6e-b01dacc6d388.jpg 1600w, https:\/\/www.hashtag.al\/wp-content\/uploads\/2022\/12\/7cbb1e5d-dd81-4d29-8d6e-b01dacc6d388-300x200.jpg 300w, https:\/\/www.hashtag.al\/wp-content\/uploads\/2022\/12\/7cbb1e5d-dd81-4d29-8d6e-b01dacc6d388-1024x682.jpg 1024w, https:\/\/www.hashtag.al\/wp-content\/uploads\/2022\/12\/7cbb1e5d-dd81-4d29-8d6e-b01dacc6d388-768x512.jpg 768w, https:\/\/www.hashtag.al\/wp-content\/uploads\/2022\/12\/7cbb1e5d-dd81-4d29-8d6e-b01dacc6d388-1536x1023.jpg 1536w\" sizes=\"auto, (max-width: 1600px) 100vw, 1600px\" \/><\/a><a href=\"https:\/\/www.hashtag.al\/wp-content\/uploads\/2022\/12\/b954be2a-d019-4969-a873-4cda6c7da262.jpg\"><img loading=\"lazy\" decoding=\"async\" class=\"aligncenter size-full wp-image-568946\" src=\"https:\/\/www.hashtag.al\/wp-content\/uploads\/2022\/12\/b954be2a-d019-4969-a873-4cda6c7da262.jpg\" alt=\"\" width=\"1600\" height=\"1066\" srcset=\"https:\/\/www.hashtag.al\/wp-content\/uploads\/2022\/12\/b954be2a-d019-4969-a873-4cda6c7da262.jpg 1600w, https:\/\/www.hashtag.al\/wp-content\/uploads\/2022\/12\/b954be2a-d019-4969-a873-4cda6c7da262-300x200.jpg 300w, https:\/\/www.hashtag.al\/wp-content\/uploads\/2022\/12\/b954be2a-d019-4969-a873-4cda6c7da262-1024x682.jpg 1024w, https:\/\/www.hashtag.al\/wp-content\/uploads\/2022\/12\/b954be2a-d019-4969-a873-4cda6c7da262-768x512.jpg 768w, https:\/\/www.hashtag.al\/wp-content\/uploads\/2022\/12\/b954be2a-d019-4969-a873-4cda6c7da262-1536x1023.jpg 1536w\" sizes=\"auto, (max-width: 1600px) 100vw, 1600px\" \/><\/a><a href=\"https:\/\/www.hashtag.al\/wp-content\/uploads\/2022\/12\/ea4c04d9-1b9a-481c-a42d-d8a270445f27.jpg\"><img loading=\"lazy\" decoding=\"async\" class=\"aligncenter size-full wp-image-568935\" src=\"https:\/\/www.hashtag.al\/wp-content\/uploads\/2022\/12\/ea4c04d9-1b9a-481c-a42d-d8a270445f27.jpg\" alt=\"\" width=\"1600\" height=\"1066\" srcset=\"https:\/\/www.hashtag.al\/wp-content\/uploads\/2022\/12\/ea4c04d9-1b9a-481c-a42d-d8a270445f27.jpg 1600w, https:\/\/www.hashtag.al\/wp-content\/uploads\/2022\/12\/ea4c04d9-1b9a-481c-a42d-d8a270445f27-300x200.jpg 300w, https:\/\/www.hashtag.al\/wp-content\/uploads\/2022\/12\/ea4c04d9-1b9a-481c-a42d-d8a270445f27-1024x682.jpg 1024w, https:\/\/www.hashtag.al\/wp-content\/uploads\/2022\/12\/ea4c04d9-1b9a-481c-a42d-d8a270445f27-768x512.jpg 768w, https:\/\/www.hashtag.al\/wp-content\/uploads\/2022\/12\/ea4c04d9-1b9a-481c-a42d-d8a270445f27-1536x1023.jpg 1536w\" sizes=\"auto, (max-width: 1600px) 100vw, 1600px\" \/><\/a><\/p>\n","protected":false,"gt_translate_keys":[{"key":"rendered","format":"html"}]},"excerpt":{"rendered":"<p>K\u00ebt\u00eb t\u00eb mart\u00eb, Sali Berisha mblodhi K\u00ebshillin Komb\u00ebtar t\u00eb Partis\u00eb Demokratike. Gjat\u00eb fjal\u00ebs s\u00eb tij, Berisha vler\u00ebsoi maksimalisht procesin e primareve p\u00ebr zgjedhjen e kandidat\u00ebve p\u00ebr zgjedhjet lokale. Ai deklaroi se n\u00eb t\u00eb ardhmen ky model do t\u00eb p\u00ebrdoret p\u00ebr t\u00eb p\u00ebrzgjedhur deputet\u00ebt dhe qeveritar\u00ebt qendror\u00eb, q\u00eb n\u00ebnkupton ministrat e shtetit. \u201cN\u00eb k\u00ebt\u00eb kontekst, kandidat\u00ebt [&hellip;]<\/p>\n","protected":false,"gt_translate_keys":[{"key":"rendered","format":"html"}]},"author":30,"featured_media":568945,"comment_status":"closed","ping_status":"closed","sticky":false,"template":"","format":"standard","meta":{"footnotes":""},"categories":[65,13],"tags":[],"class_list":["post-568944","post","type-post","status-publish","format-standard","has-post-thumbnail","hentry","category-lajme","category-te-fundit"],"gt_translate_keys":[{"key":"link","format":"url"}],"_links":{"self":[{"href":"https:\/\/www.hashtag.al\/index.php\/wp-json\/wp\/v2\/posts\/568944","targetHints":{"allow":["GET"]}}],"collection":[{"href":"https:\/\/www.hashtag.al\/index.php\/wp-json\/wp\/v2\/posts"}],"about":[{"href":"https:\/\/www.hashtag.al\/index.php\/wp-json\/wp\/v2\/types\/post"}],"author":[{"embeddable":true,"href":"https:\/\/www.hashtag.al\/index.php\/wp-json\/wp\/v2\/users\/30"}],"replies":[{"embeddable":true,"href":"https:\/\/www.hashtag.al\/index.php\/wp-json\/wp\/v2\/comments?post=568944"}],"version-history":[{"count":0,"href":"https:\/\/www.hashtag.al\/index.php\/wp-json\/wp\/v2\/posts\/568944\/revisions"}],"wp:featuredmedia":[{"embeddable":true,"href":"https:\/\/www.hashtag.al\/index.php\/wp-json\/wp\/v2\/media\/568945"}],"wp:attachment":[{"href":"https:\/\/www.hashtag.al\/index.php\/wp-json\/wp\/v2\/media?parent=568944"}],"wp:term":[{"taxonomy":"category","embeddable":true,"href":"https:\/\/www.hashtag.al\/index.php\/wp-json\/wp\/v2\/categories?post=568944"},{"taxonomy":"post_tag","embeddable":true,"href":"https:\/\/www.hashtag.al\/index.php\/wp-json\/wp\/v2\/tags?post=568944"}],"curies":[{"name":"wp","href":"https:\/\/api.w.org\/{rel}","templated":true}]}}