{"id":568861,"date":"2022-12-20T12:49:01","date_gmt":"2022-12-20T11:49:01","guid":{"rendered":"https:\/\/www.hashtag.al\/?p=568861"},"modified":"2022-12-20T12:55:34","modified_gmt":"2022-12-20T11:55:34","slug":"ukraina-rrezikon-perjashtimin-nga-fifa-zyrtari-kerkojne-te-rrezojne-presidentin-e-federates-per-te-vene-schevchenko-n","status":"publish","type":"post","link":"https:\/\/www.hashtag.al\/index.php\/2022\/12\/20\/ukraina-rrezikon-perjashtimin-nga-fifa-zyrtari-kerkojne-te-rrezojne-presidentin-e-federates-per-te-vene-schevchenko-n\/","title":{"rendered":"&#8216;Lufta&#8217; p\u00ebr kreun e federat\u00ebs s\u00eb futbollit, zyrtari ukrainas: Grupe subversive duan t\u00eb rr\u00ebzojn\u00eb presidentin e federat\u00ebs p\u00ebr t\u00eb v\u00ebn\u00eb Schevchenko-n","gt_translate_keys":[{"key":"rendered","format":"text"}]},"content":{"rendered":"<p><img loading=\"lazy\" decoding=\"async\" class=\"aligncenter size-full wp-image-568774\" src=\"https:\/\/www.hashtag.al\/wp-content\/uploads\/2022\/12\/fifaukraine1.jpg2_.jpg\" alt=\"\" width=\"768\" height=\"432\" srcset=\"https:\/\/www.hashtag.al\/wp-content\/uploads\/2022\/12\/fifaukraine1.jpg2_.jpg 768w, https:\/\/www.hashtag.al\/wp-content\/uploads\/2022\/12\/fifaukraine1.jpg2_-300x169.jpg 300w\" sizes=\"auto, (max-width: 768px) 100vw, 768px\" \/><\/p>\n<p><span style=\"color: #000000;\">Shoqata e Futbollit t\u00eb Ukrain\u00ebs (UAF) mund t\u00eb pezullohet nga an\u00ebtar\u00ebsimi n\u00eb FIFA e UEFA n\u00ebse nuk zgjidh nj\u00eb mosmarr\u00ebveshje q\u00eb p\u00ebrfshin akuzat p\u00ebr p\u00ebrvet\u00ebsim dhe ndikim nga pal\u00ebt e treta, ka th\u00ebn\u00eb n\u00ebnkryetari i UAF, Oleg Protasov.<\/span><\/p>\n<p><span style=\"color: #000000;\">Protasov ndau t\u00eb h\u00ebn\u00ebn nj\u00eb let\u00ebr n\u00eb faqen e tij n\u00eb Facebook, e cila i drejtohet atij dhe \u00ebsht\u00eb e n\u00ebnshkruar nga Sekretarja e P\u00ebrgjithshme e FIFA-s, Fatma Samoura dhe homologu i UEFA-s, Theodore Theodoridis.<\/span><\/p>\n<p><span style=\"color: #000000;\"> <em>\u201cNe v\u00ebrejm\u00eb me shqet\u00ebsim t\u00eb madh se an\u00ebtar\u00ebve t\u00eb Komitetit Ekzekutiv t\u00eb UAF-it thuhet se po u b\u00ebhet presion p\u00ebr t\u00eb n\u00ebnshkruar k\u00ebrkesat p\u00ebr t\u00eb mbajtur nj\u00eb takim t\u00eb jasht\u00ebzakonsh\u00ebm t\u00eb Komitetit Ekzekutiv t\u00eb UAF-it\u201d<\/em>, thuhet n\u00eb let\u00ebr. <em>\u201c<\/em><\/span><\/p>\n<p><span style=\"color: #000000;\"><em>N\u00eb k\u00ebt\u00eb kontekst, ne d\u00ebshirojm\u00eb t&#8217;i kujtojm\u00eb UAF-s\u00eb p\u00ebr detyrimin e saj p\u00ebr t\u00eb administruar pun\u00ebt e saj n\u00eb m\u00ebnyr\u00eb t\u00eb pavarur dhe pa ndikim t\u00eb panevojsh\u00ebm nga pal\u00ebt e treta. \u00c7do shkelje e k\u00ebtij detyrimi mund t\u00eb \u00e7oj\u00eb n\u00eb nj\u00eb pezullim t\u00eb an\u00ebtar\u00ebsimit t\u00eb UAF n\u00eb FIFA dhe UEFA n\u00eb p\u00ebrputhje me nenin 16 t\u00eb Statutit t\u00eb FIFA-s dhe nenit 9 t\u00eb Statutit t\u00eb UEFA-s. Ne sinqerisht shpresojm\u00eb se gjendja mund t\u00eb zgjidhet n\u00eb m\u00ebnyr\u00eb miq\u00ebsore.\u201d<\/em> &#8211; thuhet n\u00eb let\u00ebr.<\/span><\/p>\n<p><span style=\"color: #000000;\"><img loading=\"lazy\" decoding=\"async\" class=\"aligncenter size-full wp-image-568773\" src=\"https:\/\/www.hashtag.al\/wp-content\/uploads\/2022\/12\/fifaukraine1.jpg\" alt=\"\" width=\"1240\" height=\"698\" srcset=\"https:\/\/www.hashtag.al\/wp-content\/uploads\/2022\/12\/fifaukraine1.jpg 1240w, https:\/\/www.hashtag.al\/wp-content\/uploads\/2022\/12\/fifaukraine1-300x169.jpg 300w, https:\/\/www.hashtag.al\/wp-content\/uploads\/2022\/12\/fifaukraine1-1024x576.jpg 1024w, https:\/\/www.hashtag.al\/wp-content\/uploads\/2022\/12\/fifaukraine1-768x432.jpg 768w\" sizes=\"auto, (max-width: 1240px) 100vw, 1240px\" \/><\/span><\/p>\n<p><span style=\"color: #000000;\">Komiteti ekzekutiv i UAF do mblidhet m\u00eb 20 dhjetor p\u00ebr t\u00eb diskutuar pozicionin e presidentit t\u00eb tanish\u00ebm Andrey Pavelko.<\/span><\/p>\n<p><span style=\"color: #000000;\"> Pavelko u arrestua muajin e kaluar nga Gjykata Pechersk e Kievit me pretendime p\u00ebr p\u00ebrvet\u00ebsim n\u00eb nj\u00eb \u00e7\u00ebshtje t\u00eb hapur n\u00eb vitin 2021 dhe q\u00eb p\u00ebrfshin keqp\u00ebrdorim t\u00eb supozuar t\u00eb fondeve. Pavelko u lirua me kusht pasi pagoi nj\u00eb shum\u00eb prej 10 milion\u00eb hryvniash (rreth 270,000 dollar\u00eb), me parat\u00eb q\u00eb thuhet se jan\u00eb paguar nga UAF. <\/span><\/p>\n<p><span style=\"color: #000000;\">Ikona e futbollit ukrainas Andrey Shevchenko \u00ebsht\u00eb em\u00ebrtuar nga nj\u00eb grup zyrtar\u00ebsh t\u00eb UAF-it si nj\u00eb z\u00ebvend\u00ebsues i mundsh\u00ebm p\u00ebr Pavelkon t\u00eb goditur nga skandali. <\/span><\/p>\n<p><span style=\"color: #000000;\">Protasov, i cili b\u00ebri 68 paraqitje p\u00ebr Bashkimin Sovjetik gjat\u00eb karrier\u00ebs s\u00eb tij, ka pohuar se nj\u00eb \u2018grup subversiv\u2019 q\u00ebndron pas p\u00ebrpjekjeve p\u00ebr t\u00eb rr\u00ebzuar Pavelkon dhe p\u00ebr t\u00eb vendosur Shevchenkon n\u00eb vend t\u00eb tij. <\/span><\/p>\n<p><span style=\"color: #000000;\">Nd\u00ebr t\u00eb tjera, mosmarr\u00ebveshja k\u00ebrc\u00ebnon t\u00eb prish\u00eb ofert\u00ebn e p\u00ebrbashk\u00ebt t\u00eb Ukrain\u00ebs p\u00ebr t\u00eb pritur Kup\u00ebn e Bot\u00ebs n\u00eb vitin 2030 s\u00eb bashku me Spanj\u00ebn dhe Portugalin\u00eb.<\/span><\/p>\n<p><span style=\"color: #000000;\">Protasov i zem\u00ebruar e p\u00ebrshkroi afer\u00ebn si \u2018t\u00eb pist\u00eb dhe posht\u00ebruese\u2019 p\u00ebr futbollin ukrainas. <em>\u201cKomuniteti bot\u00ebror i futbollit nuk mund dhe nuk do t\u00eb mbyll\u00eb syt\u00eb ndaj p\u00ebrpjekjeve p\u00ebr t\u00eb zhvilluar zgjedhje t\u00eb paligjshme n\u00eb UAF.\u201d<\/em> &#8211; ka shkruar ai n\u00eb mesazhin e tij n\u00eb Facebook.<\/span><\/p>\n<p><span style=\"color: #000000;\">Mosmarr\u00ebveshja vjen n\u00eb mes t\u00eb nj\u00eb mosmarr\u00ebveshjeje midis Ukrain\u00ebs dhe FIFA-s mbi nj\u00eb k\u00ebrkes\u00eb nga presidenti Vladimir Zelensky p\u00ebr t\u00eb dh\u00ebn\u00eb nj\u00eb videomesazh p\u00ebrpara finales s\u00eb Kup\u00ebs s\u00eb Bot\u00ebs t\u00eb s\u00eb diel\u00ebs n\u00eb Katar. <\/span><\/p>\n<p><span style=\"color: #000000;\">FIFA thuhet se e hodhi posht\u00eb k\u00ebrkes\u00ebn, me sa duket e prirur p\u00ebr t\u00eb mbajtur \u00e7do fushat\u00eb politike larg nga futbolli, dhe duke i l\u00ebn\u00eb zyrtar\u00ebt e qeveris\u00eb ukrainase \u2018t\u00eb befasuar nga p\u00ebrgjigjja negative\u2019.<\/span><\/p>\n","protected":false,"gt_translate_keys":[{"key":"rendered","format":"html"}]},"excerpt":{"rendered":"<p>Shoqata e Futbollit t\u00eb Ukrain\u00ebs (UAF) mund t\u00eb pezullohet nga an\u00ebtar\u00ebsimi n\u00eb FIFA e UEFA n\u00ebse nuk zgjidh nj\u00eb mosmarr\u00ebveshje q\u00eb p\u00ebrfshin akuzat p\u00ebr p\u00ebrvet\u00ebsim dhe ndikim nga pal\u00ebt e treta, ka th\u00ebn\u00eb n\u00ebnkryetari i UAF, Oleg Protasov. Protasov ndau t\u00eb h\u00ebn\u00ebn nj\u00eb let\u00ebr n\u00eb faqen e tij n\u00eb Facebook, e cila i drejtohet atij [&hellip;]<\/p>\n","protected":false,"gt_translate_keys":[{"key":"rendered","format":"html"}]},"author":51,"featured_media":568774,"comment_status":"closed","ping_status":"closed","sticky":false,"template":"","format":"standard","meta":{"footnotes":""},"categories":[134],"tags":[],"class_list":["post-568861","post","type-post","status-publish","format-standard","has-post-thumbnail","hentry","category-sport"],"gt_translate_keys":[{"key":"link","format":"url"}],"_links":{"self":[{"href":"https:\/\/www.hashtag.al\/index.php\/wp-json\/wp\/v2\/posts\/568861","targetHints":{"allow":["GET"]}}],"collection":[{"href":"https:\/\/www.hashtag.al\/index.php\/wp-json\/wp\/v2\/posts"}],"about":[{"href":"https:\/\/www.hashtag.al\/index.php\/wp-json\/wp\/v2\/types\/post"}],"author":[{"embeddable":true,"href":"https:\/\/www.hashtag.al\/index.php\/wp-json\/wp\/v2\/users\/51"}],"replies":[{"embeddable":true,"href":"https:\/\/www.hashtag.al\/index.php\/wp-json\/wp\/v2\/comments?post=568861"}],"version-history":[{"count":0,"href":"https:\/\/www.hashtag.al\/index.php\/wp-json\/wp\/v2\/posts\/568861\/revisions"}],"wp:featuredmedia":[{"embeddable":true,"href":"https:\/\/www.hashtag.al\/index.php\/wp-json\/wp\/v2\/media\/568774"}],"wp:attachment":[{"href":"https:\/\/www.hashtag.al\/index.php\/wp-json\/wp\/v2\/media?parent=568861"}],"wp:term":[{"taxonomy":"category","embeddable":true,"href":"https:\/\/www.hashtag.al\/index.php\/wp-json\/wp\/v2\/categories?post=568861"},{"taxonomy":"post_tag","embeddable":true,"href":"https:\/\/www.hashtag.al\/index.php\/wp-json\/wp\/v2\/tags?post=568861"}],"curies":[{"name":"wp","href":"https:\/\/api.w.org\/{rel}","templated":true}]}}