{"id":568858,"date":"2022-12-20T12:44:20","date_gmt":"2022-12-20T11:44:20","guid":{"rendered":"https:\/\/www.hashtag.al\/?p=568858"},"modified":"2022-12-20T12:29:35","modified_gmt":"2022-12-20T11:29:35","slug":"eurodeputetja-greke-pranon-se-i-kerkoi-te-atit-te-fshihte-parate-qe-kishte-ne-banese","status":"publish","type":"post","link":"https:\/\/www.hashtag.al\/index.php\/2022\/12\/20\/eurodeputetja-greke-pranon-se-i-kerkoi-te-atit-te-fshihte-parate-qe-kishte-ne-banese\/","title":{"rendered":"Eurodeputetja greke pranon se i k\u00ebrkoi t\u00eb atit t\u00eb fshihte parat\u00eb q\u00eb kishte n\u00eb banes\u00eb","gt_translate_keys":[{"key":"rendered","format":"text"}]},"content":{"rendered":"<p><span style=\"color: #000000;\"><a style=\"color: #000000;\" href=\"https:\/\/www.hashtag.al\/wp-content\/uploads\/2022\/12\/eva-kaili-1.png\"><img loading=\"lazy\" decoding=\"async\" class=\"aligncenter size-full wp-image-568859\" src=\"https:\/\/www.hashtag.al\/wp-content\/uploads\/2022\/12\/eva-kaili-1.png\" alt=\"\" width=\"970\" height=\"543\" srcset=\"https:\/\/www.hashtag.al\/wp-content\/uploads\/2022\/12\/eva-kaili-1.png 970w, https:\/\/www.hashtag.al\/wp-content\/uploads\/2022\/12\/eva-kaili-1-300x168.png 300w, https:\/\/www.hashtag.al\/wp-content\/uploads\/2022\/12\/eva-kaili-1-768x430.png 768w\" sizes=\"auto, (max-width: 970px) 100vw, 970px\" \/><\/a><\/span><\/p>\n<p><span style=\"color: #000000;\">Eurodeputetja greke Eva Kaili ka pranuar gjat\u00eb marrjes n\u00eb pyetje n\u00eb Belgjik\u00eb se i kishte k\u00ebrkuar babait t\u00eb saj t\u00eb fshihte nj\u00eb pjes\u00eb t\u00eb parave q\u00eb ndodheshin n\u00eb sht\u00ebpin\u00eb e saj, sipas raportimeve t\u00eb revist\u00ebs belge Knack dhe gazet\u00ebs Soir.<\/span><\/p>\n<p><span style=\"color: #000000;\">Raportet e shtypit v\u00ebn\u00eb n\u00eb dukje se partneri i saj, Francesco Giorgi, kishte pranuar se ai ishte pjes\u00eb e nj\u00eb organizate t\u00eb p\u00ebrdorur nga Maroku dhe Katari p\u00ebr t\u00eb nd\u00ebrhyr\u00eb n\u00eb \u00e7\u00ebshtjet evropiane, dhe se sipas dokumenteve n\u00eb zot\u00ebrim t\u00eb Soir dhe t\u00eb p\u00ebrditshmes italiane Repubblica, Kaili ka \u201crr\u00ebfyer pjes\u00ebrisht\u201d, duke pranuar se i ka k\u00ebrkuar babait t\u00eb saj t\u00eb fshihte parat\u00eb q\u00eb ndodheshin n\u00eb banes\u00ebn e saj.<\/span><\/p>\n<p><span style=\"color: #000000;\">Babai i Kailit u arrestua m\u00eb 9 dhjetor, n\u00eb dit\u00ebn e par\u00eb t\u00eb nj\u00eb operacioni antikorrupsion t\u00eb autoriteteve belge, n\u00eb hotelin Brussels Sofitel me nj\u00eb valixhe plot me para. Sipas urdhrit t\u00eb arrestit p\u00ebr eurodeputeten greke t\u00eb l\u00ebshuar n\u00eb t\u00eb nj\u00ebjt\u00ebn dit\u00eb, ajo kishte pranuar se kishte udh\u00ebzuar babain e saj q\u00eb t\u00eb fshihte parat\u00eb.<\/span><\/p>\n<p><span style=\"color: #000000;\">Knack raporton se Kaili tha se ajo kishte ditur p\u00ebr aktivitetet e t\u00eb shoqit me ish eurodeputetin Pier Antonio Panzeri n\u00eb t\u00eb kaluar\u00ebn dhe se valixhet e mbushura me para ishin n\u00eb banes\u00ebn e saj. Aty thuhet se ish-prezantuesja &#8220;ka panik&#8221; kur policia ndaloi Giorgin teksa po dilte nga apartamenti i tyre m\u00eb 9 dhjetor. M\u00eb pas ajo kontaktoi baban\u00eb e saj dhe gjithashtu u p\u00ebrpoq t\u00eb paralajm\u00ebronte Panzerin dhe dy eurodeputet\u00eb t\u00eb paidentifikuar q\u00eb jan\u00eb gjithashtu n\u00ebn hetim.<\/span><\/p>\n<p><span style=\"color: #000000;\">Media shton se avokati belg i Kailit i d\u00ebrgoi email revist\u00ebs t\u00eb h\u00ebn\u00ebn p\u00ebr t\u00eb shprehur &#8220;zem\u00ebrat\u00eb&#8221; q\u00eb revista kishte qasje n\u00eb k\u00ebto dokumente dhe se rregullat nuk po respektoheshin, nd\u00ebrsa pretendonte se raporti i saj i &#8220;rr\u00ebfimeve t\u00eb pjesshme&#8221; ishte nj\u00eb &#8220;interpretim i nj\u00ebansh\u00ebm&#8221;.<\/span><\/p>\n","protected":false,"gt_translate_keys":[{"key":"rendered","format":"html"}]},"excerpt":{"rendered":"<p>Eurodeputetja greke Eva Kaili ka pranuar gjat\u00eb marrjes n\u00eb pyetje n\u00eb Belgjik\u00eb se i kishte k\u00ebrkuar babait t\u00eb saj t\u00eb fshihte nj\u00eb pjes\u00eb t\u00eb parave q\u00eb ndodheshin n\u00eb sht\u00ebpin\u00eb e saj, sipas raportimeve t\u00eb revist\u00ebs belge Knack dhe gazet\u00ebs Soir. Raportet e shtypit v\u00ebn\u00eb n\u00eb dukje se partneri i saj, Francesco Giorgi, kishte pranuar se [&hellip;]<\/p>\n","protected":false,"gt_translate_keys":[{"key":"rendered","format":"html"}]},"author":32,"featured_media":568859,"comment_status":"closed","ping_status":"closed","sticky":false,"template":"","format":"standard","meta":{"footnotes":""},"categories":[6,13],"tags":[],"class_list":["post-568858","post","type-post","status-publish","format-standard","has-post-thumbnail","hentry","category-nderkombetare","category-te-fundit"],"gt_translate_keys":[{"key":"link","format":"url"}],"_links":{"self":[{"href":"https:\/\/www.hashtag.al\/index.php\/wp-json\/wp\/v2\/posts\/568858","targetHints":{"allow":["GET"]}}],"collection":[{"href":"https:\/\/www.hashtag.al\/index.php\/wp-json\/wp\/v2\/posts"}],"about":[{"href":"https:\/\/www.hashtag.al\/index.php\/wp-json\/wp\/v2\/types\/post"}],"author":[{"embeddable":true,"href":"https:\/\/www.hashtag.al\/index.php\/wp-json\/wp\/v2\/users\/32"}],"replies":[{"embeddable":true,"href":"https:\/\/www.hashtag.al\/index.php\/wp-json\/wp\/v2\/comments?post=568858"}],"version-history":[{"count":0,"href":"https:\/\/www.hashtag.al\/index.php\/wp-json\/wp\/v2\/posts\/568858\/revisions"}],"wp:featuredmedia":[{"embeddable":true,"href":"https:\/\/www.hashtag.al\/index.php\/wp-json\/wp\/v2\/media\/568859"}],"wp:attachment":[{"href":"https:\/\/www.hashtag.al\/index.php\/wp-json\/wp\/v2\/media?parent=568858"}],"wp:term":[{"taxonomy":"category","embeddable":true,"href":"https:\/\/www.hashtag.al\/index.php\/wp-json\/wp\/v2\/categories?post=568858"},{"taxonomy":"post_tag","embeddable":true,"href":"https:\/\/www.hashtag.al\/index.php\/wp-json\/wp\/v2\/tags?post=568858"}],"curies":[{"name":"wp","href":"https:\/\/api.w.org\/{rel}","templated":true}]}}