{"id":568633,"date":"2022-12-19T10:36:12","date_gmt":"2022-12-19T09:36:12","guid":{"rendered":"https:\/\/www.hashtag.al\/?p=568633"},"modified":"2022-12-19T10:36:12","modified_gmt":"2022-12-19T09:36:12","slug":"vasili-kudo-ku-prishen-shtepite-e-qytetareve-eshte-agresori-veliaj-per-te-qene-te-sigurt-duhen-shporrur-horrat","status":"publish","type":"post","link":"https:\/\/www.hashtag.al\/index.php\/2022\/12\/19\/vasili-kudo-ku-prishen-shtepite-e-qytetareve-eshte-agresori-veliaj-per-te-qene-te-sigurt-duhen-shporrur-horrat\/","title":{"rendered":"Vasili: Kudo ku prishen sht\u00ebpit\u00eb e qytetar\u00ebve \u00ebsht\u00eb agresori Veliaj, p\u00ebr t\u00eb qen\u00eb t\u00eb sigurt duhen shporrur horrat","gt_translate_keys":[{"key":"rendered","format":"text"}]},"content":{"rendered":"<p><img loading=\"lazy\" decoding=\"async\" class=\"aligncenter size-full wp-image-568634\" src=\"https:\/\/www.hashtag.al\/wp-content\/uploads\/2022\/12\/prishja.jpg\" alt=\"\" width=\"640\" height=\"393\" srcset=\"https:\/\/www.hashtag.al\/wp-content\/uploads\/2022\/12\/prishja.jpg 640w, https:\/\/www.hashtag.al\/wp-content\/uploads\/2022\/12\/prishja-300x184.jpg 300w\" sizes=\"auto, (max-width: 640px) 100vw, 640px\" \/><\/p>\n<p><span style=\"color: #000000;\">N\u00ebnkryetari i Partis\u00eb s\u00eb Liris\u00eb Vasili ka denoncuar aksionin e IKMT-s\u00eb e policis\u00eb p\u00ebr prishjen e nj\u00eb blloku pallatesh n\u00eb rrug\u00ebn \u2018Myslym Keta\u2019 n\u00eb Kombinat, Tiran\u00eb. <\/span><\/p>\n<p><span style=\"color: #000000;\">Ai ka denoncuar kryebashkiakun Veliaj p\u00ebr prishjen e pallateve duke mos u l\u00ebn\u00eb koh\u00eb banor\u00ebve q\u00eb t\u00eb marrin as sendet e tyre. <\/span><\/p>\n<p><span style=\"color: #000000;\">Vasili p\u00ebrmendi prishjen e sht\u00ebpive te \u2018Bregu i Lumit\u2019, \u20185 Maji\u2019, \u2018Astiri\u2019 e prishjen e Teatrit Komb\u00ebtar m\u00eb her\u00ebt n\u00eb t\u00eb nj\u00ebjt\u00ebn form\u00eb nga Bashkia e Tiran\u00ebs, n\u00eb shkelje t\u00eb ligjit.<\/span><\/p>\n<p><span style=\"color: #000000;\"><em>\u201cN\u00ebnkryetari i Partis\u00eb s\u00eb Liris\u00eb, Petrit Vasili n\u00eb nj\u00eb reagim p\u00ebr shembjen e bllokut t\u00eb pallateve tek rruga \u2018Myslym Keta\u2019 n\u00eb Tiran\u00eb. \u201cNga Teatri,Astiri, Bregu i Lumit,5 Maji Rr.Myslym Keta i njejti agresor Veliaj!\u00a0<\/em><em>Sa here qe do shikoni Veliajn ne ndonje lagje te Tiranes behuni gati dhe prisni shkaterrimin dhe debimin e radhes. U sulmua me terbim dhe aq rrembim edhe pallati tek Rr.Myslym Keta sa banditet nuk u lane banoreve as te mblidhnin pla\u00e7kat tamam. Pallati tek Rr.Myslym Keta qendroi ne kembe tre vjet pas termetit, por tani horrave te Bashkise me Veliajn ne krye nuk u priste puna me asnje ore dhe u versulen.\u00a0<\/em><em>Ashtu sic nuk i priste puna per Teatrin, qe ka dy vjet i prishur, por u sulmua ne mes te pandemise nga vandalet dhe hajdutet e Bashkise e te policise se nuk ju priste hajduteria. Ashtu sic u sulmua e mbyten me gaz burra gra femije e te moshuar ne Astir. Ashtu sic u sulmuan, u dhunuan dhe u shkaterruan egersisht tek Bregu i Lumit. Ashtu sic u sulmuan, u arrestuan banotet e te gjitha moshave kur shkaterruan banditet tek 5 maji.\u201d<\/em> &#8211; shkruan Vasili.<\/span><\/p>\n<p><span style=\"color: #000000;\">Ai shkruan m\u00eb tej se mbrojtja e vetme \u00ebsht\u00eb ligji dhe se p\u00ebr t\u00eb qen\u00eb t\u00eb qet\u00eb duhen shporrur ata q\u00eb drejtojn\u00eb vendin n\u00eb m\u00ebnyr\u00eb antiligjore, mafioze e kriminale.<\/span><\/p>\n<p><span style=\"color: #000000;\"><em>\u201cPra qytetare mos harroni sa here qe do shikoni Veliajn ne ndonje lagje te Tiranes behuni gati dhe prisni shkaterrimin dhe debimin e radhes. Qytetare te Tiranes mos mendoni se jini te qete ne se jeni ne pallat apo nje shtepi private, se po ja vune syrin Veliaj me biznesmenet, qe ka perqark, do t\u2019jua shkaterroje dhe do t\u2019ju hedhe ne rruge te madhe ashtu sic kane bere dhe bejne ane e mbane Tiranes. Mbrojtja e vetme eshte ligji. Por qe ta kemi kete siguri, keta horra antiligj dhe antishtet duhen larguar nje ore e me pare me voten masive te qytetareve, qe duan te jetojne te qete dhe te mbrojtur. Mos harroni qytetare, mbreme ishin tek Rr.Myslym Keta neser do te jene ne deren tuaj!!\u201d<\/em> &#8211; mbyll reagimin Vasili.<\/span><\/p>\n","protected":false,"gt_translate_keys":[{"key":"rendered","format":"html"}]},"excerpt":{"rendered":"<p>N\u00ebnkryetari i Partis\u00eb s\u00eb Liris\u00eb Vasili ka denoncuar aksionin e IKMT-s\u00eb e policis\u00eb p\u00ebr prishjen e nj\u00eb blloku pallatesh n\u00eb rrug\u00ebn \u2018Myslym Keta\u2019 n\u00eb Kombinat, Tiran\u00eb. Ai ka denoncuar kryebashkiakun Veliaj p\u00ebr prishjen e pallateve duke mos u l\u00ebn\u00eb koh\u00eb banor\u00ebve q\u00eb t\u00eb marrin as sendet e tyre. Vasili p\u00ebrmendi prishjen e sht\u00ebpive te \u2018Bregu [&hellip;]<\/p>\n","protected":false,"gt_translate_keys":[{"key":"rendered","format":"html"}]},"author":51,"featured_media":568634,"comment_status":"closed","ping_status":"closed","sticky":false,"template":"","format":"standard","meta":{"footnotes":""},"categories":[65,13],"tags":[],"class_list":["post-568633","post","type-post","status-publish","format-standard","has-post-thumbnail","hentry","category-lajme","category-te-fundit"],"gt_translate_keys":[{"key":"link","format":"url"}],"_links":{"self":[{"href":"https:\/\/www.hashtag.al\/index.php\/wp-json\/wp\/v2\/posts\/568633","targetHints":{"allow":["GET"]}}],"collection":[{"href":"https:\/\/www.hashtag.al\/index.php\/wp-json\/wp\/v2\/posts"}],"about":[{"href":"https:\/\/www.hashtag.al\/index.php\/wp-json\/wp\/v2\/types\/post"}],"author":[{"embeddable":true,"href":"https:\/\/www.hashtag.al\/index.php\/wp-json\/wp\/v2\/users\/51"}],"replies":[{"embeddable":true,"href":"https:\/\/www.hashtag.al\/index.php\/wp-json\/wp\/v2\/comments?post=568633"}],"version-history":[{"count":0,"href":"https:\/\/www.hashtag.al\/index.php\/wp-json\/wp\/v2\/posts\/568633\/revisions"}],"wp:featuredmedia":[{"embeddable":true,"href":"https:\/\/www.hashtag.al\/index.php\/wp-json\/wp\/v2\/media\/568634"}],"wp:attachment":[{"href":"https:\/\/www.hashtag.al\/index.php\/wp-json\/wp\/v2\/media?parent=568633"}],"wp:term":[{"taxonomy":"category","embeddable":true,"href":"https:\/\/www.hashtag.al\/index.php\/wp-json\/wp\/v2\/categories?post=568633"},{"taxonomy":"post_tag","embeddable":true,"href":"https:\/\/www.hashtag.al\/index.php\/wp-json\/wp\/v2\/tags?post=568633"}],"curies":[{"name":"wp","href":"https:\/\/api.w.org\/{rel}","templated":true}]}}