{"id":568086,"date":"2022-12-16T09:46:29","date_gmt":"2022-12-16T08:46:29","guid":{"rendered":"https:\/\/www.hashtag.al\/?p=568086"},"modified":"2022-12-16T09:46:29","modified_gmt":"2022-12-16T08:46:29","slug":"zjarri-pershin-ndertesen-ne-france-dhjete-te-vdekur-mes-tyre-pese-femije","status":"publish","type":"post","link":"https:\/\/www.hashtag.al\/index.php\/2022\/12\/16\/zjarri-pershin-ndertesen-ne-france-dhjete-te-vdekur-mes-tyre-pese-femije\/","title":{"rendered":"Zjarri p\u00ebrshin nd\u00ebrtes\u00ebn n\u00eb Franc\u00eb, dhjet\u00eb t\u00eb vdekur, mes tyre pes\u00eb f\u00ebmij\u00eb","gt_translate_keys":[{"key":"rendered","format":"text"}]},"content":{"rendered":"<p><span style=\"color: #000000;\"><a href=\"https:\/\/www.hashtag.al\/wp-content\/uploads\/2022\/12\/ndertese.jpg\"><img loading=\"lazy\" decoding=\"async\" class=\"aligncenter size-full wp-image-568087\" src=\"https:\/\/www.hashtag.al\/wp-content\/uploads\/2022\/12\/ndertese.jpg\" alt=\"\" width=\"874\" height=\"491\" srcset=\"https:\/\/www.hashtag.al\/wp-content\/uploads\/2022\/12\/ndertese.jpg 874w, https:\/\/www.hashtag.al\/wp-content\/uploads\/2022\/12\/ndertese-300x169.jpg 300w, https:\/\/www.hashtag.al\/wp-content\/uploads\/2022\/12\/ndertese-768x431.jpg 768w\" sizes=\"auto, (max-width: 874px) 100vw, 874px\" \/><\/a><\/span><\/p>\n<p><span style=\"color: #000000;\">Dhjet\u00eb persona, mes t\u00eb cil\u00ebve edhe pes\u00eb f\u00ebmij\u00eb, kan\u00eb humbur jet\u00ebn n\u00eb nj\u00eb zjarr q\u00eb ka p\u00ebrfshir\u00eb nj\u00eb pallat pran\u00eb Lionit t\u00eb Franc\u00ebs.<\/span><\/p>\n<p><span style=\"color: #000000;\">Zyrtar\u00ebt publikuan nj\u00eb deklarat\u00eb duke th\u00ebn\u00eb se nj\u00eb &#8220;<em>zjarr i madh<\/em>&#8221; shp\u00ebrtheu n\u00eb nj\u00eb bllok apartamentesh shtat\u00ebkat\u00ebshe n\u00eb Vaulx-en-Velin.<\/span><\/p>\n<p><span style=\"color: #000000;\">Si\u00e7 shkruan <span style=\"color: #0000ff;\"><a style=\"color: #0000ff;\" href=\"https:\/\/www.bbc.com\/news\/world-europe-63997158\">BBC<\/a><\/span>, kat\u00ebr persona jan\u00eb n\u00eb gjendje kritike dhe 10 t\u00eb tjer\u00eb raportuan l\u00ebndime t\u00eb lehta, duke p\u00ebrfshir\u00eb dy zjarrfik\u00ebs.<\/span><\/p>\n<p><span style=\"color: #000000;\">Zjarri thuhet se \u00ebsht\u00eb shuar pasi nd\u00ebrhyn\u00eb rreth 170 zjarrfik\u00ebs.<\/span><\/p>\n<p><span style=\"color: #000000;\">Ministri i Brendsh\u00ebm, Gerard Darmanin, tha se shkaku i zjarrit nuk dihet ende dhe vler\u00ebsoi pun\u00ebn e zjarrfik\u00ebsve q\u00eb shp\u00ebtuan njer\u00ebzit n\u00eb <em>&#8220;kushte jasht\u00ebzakonisht t\u00eb v\u00ebshtira&#8221;.<\/em><\/span><\/p>\n<p><span style=\"color: #000000;\">Ai shtoi se f\u00ebmij\u00ebt q\u00eb vdiq\u00ebn ishin t\u00eb gjith\u00eb t\u00eb mosh\u00ebs nga tre deri n\u00eb 15 vje\u00e7.<\/span><\/p>\n<p><span style=\"color: #000000;\">\u00a0Darmanin tha se nj\u00eb hetim do t\u00eb nis\u00eb m\u00eb von\u00eb t\u00eb premten p\u00ebr t\u00eb zbuluar shkaqet e zjarrit. Ai tha gjithashtu se foli me presidentin francez Emmanuel Macron gjat\u00eb gjith\u00eb nat\u00ebs.<\/span><\/p>\n","protected":false,"gt_translate_keys":[{"key":"rendered","format":"html"}]},"excerpt":{"rendered":"<p>Dhjet\u00eb persona, mes t\u00eb cil\u00ebve edhe pes\u00eb f\u00ebmij\u00eb, kan\u00eb humbur jet\u00ebn n\u00eb nj\u00eb zjarr q\u00eb ka p\u00ebrfshir\u00eb nj\u00eb pallat pran\u00eb Lionit t\u00eb Franc\u00ebs. Zyrtar\u00ebt publikuan nj\u00eb deklarat\u00eb duke th\u00ebn\u00eb se nj\u00eb &#8220;zjarr i madh&#8221; shp\u00ebrtheu n\u00eb nj\u00eb bllok apartamentesh shtat\u00ebkat\u00ebshe n\u00eb Vaulx-en-Velin. Si\u00e7 shkruan BBC, kat\u00ebr persona jan\u00eb n\u00eb gjendje kritike dhe 10 t\u00eb tjer\u00eb [&hellip;]<\/p>\n","protected":false,"gt_translate_keys":[{"key":"rendered","format":"html"}]},"author":30,"featured_media":568087,"comment_status":"closed","ping_status":"closed","sticky":false,"template":"","format":"standard","meta":{"footnotes":""},"categories":[6,13],"tags":[],"class_list":["post-568086","post","type-post","status-publish","format-standard","has-post-thumbnail","hentry","category-nderkombetare","category-te-fundit"],"gt_translate_keys":[{"key":"link","format":"url"}],"_links":{"self":[{"href":"https:\/\/www.hashtag.al\/index.php\/wp-json\/wp\/v2\/posts\/568086","targetHints":{"allow":["GET"]}}],"collection":[{"href":"https:\/\/www.hashtag.al\/index.php\/wp-json\/wp\/v2\/posts"}],"about":[{"href":"https:\/\/www.hashtag.al\/index.php\/wp-json\/wp\/v2\/types\/post"}],"author":[{"embeddable":true,"href":"https:\/\/www.hashtag.al\/index.php\/wp-json\/wp\/v2\/users\/30"}],"replies":[{"embeddable":true,"href":"https:\/\/www.hashtag.al\/index.php\/wp-json\/wp\/v2\/comments?post=568086"}],"version-history":[{"count":0,"href":"https:\/\/www.hashtag.al\/index.php\/wp-json\/wp\/v2\/posts\/568086\/revisions"}],"wp:featuredmedia":[{"embeddable":true,"href":"https:\/\/www.hashtag.al\/index.php\/wp-json\/wp\/v2\/media\/568087"}],"wp:attachment":[{"href":"https:\/\/www.hashtag.al\/index.php\/wp-json\/wp\/v2\/media?parent=568086"}],"wp:term":[{"taxonomy":"category","embeddable":true,"href":"https:\/\/www.hashtag.al\/index.php\/wp-json\/wp\/v2\/categories?post=568086"},{"taxonomy":"post_tag","embeddable":true,"href":"https:\/\/www.hashtag.al\/index.php\/wp-json\/wp\/v2\/tags?post=568086"}],"curies":[{"name":"wp","href":"https:\/\/api.w.org\/{rel}","templated":true}]}}