{"id":568083,"date":"2022-12-16T09:37:31","date_gmt":"2022-12-16T08:37:31","guid":{"rendered":"https:\/\/www.hashtag.al\/?p=568083"},"modified":"2022-12-16T09:37:31","modified_gmt":"2022-12-16T08:37:31","slug":"sot-zgjidhet-kreu-i-ri-i-spak-ut-arben-kraja-suksese-tre-kandidateve","status":"publish","type":"post","link":"https:\/\/www.hashtag.al\/index.php\/2022\/12\/16\/sot-zgjidhet-kreu-i-ri-i-spak-ut-arben-kraja-suksese-tre-kandidateve\/","title":{"rendered":"Sot zgjidhet kreu i ri i SPAK-ut\/ Arben Kraja: Suksese tre kandidat\u00ebve","gt_translate_keys":[{"key":"rendered","format":"text"}]},"content":{"rendered":"<p><span style=\"color: #000000;\"><a href=\"https:\/\/www.hashtag.al\/wp-content\/uploads\/2022\/12\/FkFV77FXgAAXWC4.jpg\"><img loading=\"lazy\" decoding=\"async\" class=\"aligncenter size-full wp-image-568084\" src=\"https:\/\/www.hashtag.al\/wp-content\/uploads\/2022\/12\/FkFV77FXgAAXWC4.jpg\" alt=\"\" width=\"2048\" height=\"1536\" srcset=\"https:\/\/www.hashtag.al\/wp-content\/uploads\/2022\/12\/FkFV77FXgAAXWC4.jpg 2048w, https:\/\/www.hashtag.al\/wp-content\/uploads\/2022\/12\/FkFV77FXgAAXWC4-300x225.jpg 300w, https:\/\/www.hashtag.al\/wp-content\/uploads\/2022\/12\/FkFV77FXgAAXWC4-1024x768.jpg 1024w, https:\/\/www.hashtag.al\/wp-content\/uploads\/2022\/12\/FkFV77FXgAAXWC4-768x576.jpg 768w, https:\/\/www.hashtag.al\/wp-content\/uploads\/2022\/12\/FkFV77FXgAAXWC4-1536x1152.jpg 1536w\" sizes=\"auto, (max-width: 2048px) 100vw, 2048px\" \/><\/a><\/span><\/p>\n<p><span style=\"color: #000000;\">Arben Kraja ka publikuar nj\u00eb mesazh urimi p\u00ebr tre kandidat\u00ebt q\u00eb garojn\u00eb p\u00ebr postin kreut t\u00eb ri t\u00eb SPAK.<\/span><\/p>\n<p><span style=\"color: #000000;\">Ai ka ndar\u00eb nj\u00eb foto krah tre prokuror\u00ebve t\u00eb tij n\u00eb dit\u00ebn e fundit n\u00eb krye t\u00eb Prokuroris\u00eb s\u00eb Posa\u00e7me dhe thot\u00eb: <em>\u201cSuksese kandidat\u00ebve p\u00ebr Drejtues ! SPAK do t\u00eb vazhdoj\u00eb t\u00eb p\u00ebrmbush\u00eb detyrimet ligjore me efektivitet dhe me t\u00eb lart\u00eb\u201d.<\/em><\/span><\/p>\n<p><span style=\"color: #000000;\">Tre kandidat\u00ebt q\u00eb garojn\u00eb p\u00ebr drejtuesin e ri t\u00eb prokuroris\u00eb s\u00eb posa\u00e7me jan\u00eb: Edvin Kondoli, Altin Dumani dhe Adnan Xholi.<\/span><\/p>\n<p><span style=\"color: #000000;\">Ata do t\u00eb votohen nga K\u00ebshilli i Lart\u00eb i Prokuroris\u00eb n\u00eb seanc\u00ebn q\u00eb pritet t\u00eb nis\u00eb n\u00eb or\u00ebn 10:00. Ambasadorja e SHBA-ve Yuri Kim, ka publikuar her\u00eb pas here mesazhe lidhur me zgjedhjen e kreut t\u00eb ri t\u00eb SPAK, ku ka b\u00ebr\u00eb thirrje q\u00eb t\u00eb mos ket\u00eb nd\u00ebrhyrje e manipulime n\u00eb k\u00ebt\u00eb proces.<\/span><\/p>\n","protected":false,"gt_translate_keys":[{"key":"rendered","format":"html"}]},"excerpt":{"rendered":"<p>Arben Kraja ka publikuar nj\u00eb mesazh urimi p\u00ebr tre kandidat\u00ebt q\u00eb garojn\u00eb p\u00ebr postin kreut t\u00eb ri t\u00eb SPAK. Ai ka ndar\u00eb nj\u00eb foto krah tre prokuror\u00ebve t\u00eb tij n\u00eb dit\u00ebn e fundit n\u00eb krye t\u00eb Prokuroris\u00eb s\u00eb Posa\u00e7me dhe thot\u00eb: \u201cSuksese kandidat\u00ebve p\u00ebr Drejtues ! SPAK do t\u00eb vazhdoj\u00eb t\u00eb p\u00ebrmbush\u00eb detyrimet ligjore me [&hellip;]<\/p>\n","protected":false,"gt_translate_keys":[{"key":"rendered","format":"html"}]},"author":30,"featured_media":568084,"comment_status":"closed","ping_status":"closed","sticky":false,"template":"","format":"standard","meta":{"footnotes":""},"categories":[65,13],"tags":[],"class_list":["post-568083","post","type-post","status-publish","format-standard","has-post-thumbnail","hentry","category-lajme","category-te-fundit"],"gt_translate_keys":[{"key":"link","format":"url"}],"_links":{"self":[{"href":"https:\/\/www.hashtag.al\/index.php\/wp-json\/wp\/v2\/posts\/568083","targetHints":{"allow":["GET"]}}],"collection":[{"href":"https:\/\/www.hashtag.al\/index.php\/wp-json\/wp\/v2\/posts"}],"about":[{"href":"https:\/\/www.hashtag.al\/index.php\/wp-json\/wp\/v2\/types\/post"}],"author":[{"embeddable":true,"href":"https:\/\/www.hashtag.al\/index.php\/wp-json\/wp\/v2\/users\/30"}],"replies":[{"embeddable":true,"href":"https:\/\/www.hashtag.al\/index.php\/wp-json\/wp\/v2\/comments?post=568083"}],"version-history":[{"count":0,"href":"https:\/\/www.hashtag.al\/index.php\/wp-json\/wp\/v2\/posts\/568083\/revisions"}],"wp:featuredmedia":[{"embeddable":true,"href":"https:\/\/www.hashtag.al\/index.php\/wp-json\/wp\/v2\/media\/568084"}],"wp:attachment":[{"href":"https:\/\/www.hashtag.al\/index.php\/wp-json\/wp\/v2\/media?parent=568083"}],"wp:term":[{"taxonomy":"category","embeddable":true,"href":"https:\/\/www.hashtag.al\/index.php\/wp-json\/wp\/v2\/categories?post=568083"},{"taxonomy":"post_tag","embeddable":true,"href":"https:\/\/www.hashtag.al\/index.php\/wp-json\/wp\/v2\/tags?post=568083"}],"curies":[{"name":"wp","href":"https:\/\/api.w.org\/{rel}","templated":true}]}}