{"id":567932,"date":"2022-12-15T12:16:07","date_gmt":"2022-12-15T11:16:07","guid":{"rendered":"https:\/\/www.hashtag.al\/?p=567932"},"modified":"2022-12-15T12:20:30","modified_gmt":"2022-12-15T11:20:30","slug":"60-vjecari-u-kishte-borxh-policia-zbardh-rrembimin-dhe-vrasjen-e-para-5-viteve-2-te-arrestuar-ne-tirane-1-ne-kerkim","status":"publish","type":"post","link":"https:\/\/www.hashtag.al\/index.php\/2022\/12\/15\/60-vjecari-u-kishte-borxh-policia-zbardh-rrembimin-dhe-vrasjen-e-para-5-viteve-2-te-arrestuar-ne-tirane-1-ne-kerkim\/","title":{"rendered":"\u201c60-vje\u00e7ari u kishte borxh\u201d &#8211; Policia zbardh rr\u00ebmbimin dhe vrasjen e para 5 viteve, 2 t\u00eb arrestuar n\u00eb Tiran\u00eb, 1 n\u00eb k\u00ebrkim","gt_translate_keys":[{"key":"rendered","format":"text"}]},"content":{"rendered":"<p><span style=\"color: #000000;\"><a href=\"https:\/\/www.hashtag.al\/wp-content\/uploads\/2022\/12\/Policia-1.jpg\"><img loading=\"lazy\" decoding=\"async\" class=\"aligncenter size-full wp-image-567933\" src=\"https:\/\/www.hashtag.al\/wp-content\/uploads\/2022\/12\/Policia-1.jpg\" alt=\"\" width=\"989\" height=\"558\" srcset=\"https:\/\/www.hashtag.al\/wp-content\/uploads\/2022\/12\/Policia-1.jpg 989w, https:\/\/www.hashtag.al\/wp-content\/uploads\/2022\/12\/Policia-1-300x169.jpg 300w, https:\/\/www.hashtag.al\/wp-content\/uploads\/2022\/12\/Policia-1-768x433.jpg 768w\" sizes=\"auto, (max-width: 989px) 100vw, 989px\" \/><\/a><\/span><\/p>\n<p><span style=\"color: #000000;\">Policia ka zbardhur nj\u00eb ngjarje t\u00eb r\u00ebnd\u00eb kriminale t\u00eb ndodhur pes\u00eb vite m\u00eb par\u00eb. B\u00ebhet fjal\u00eb p\u00ebr ngjarjen e 16 Majit t\u00eb vitit 2017, ku u gjet nj\u00eb trup i pajet\u00eb, pjes\u00ebrisht i djegur dhe i dekompozuar.<\/span><\/p>\n<p><span style=\"color: #000000;\">Personi rezulton se ka qen\u00eb Menduh Shaban Kurdeda. Drejtori i Drejtoris\u00eb Vendore t\u00eb Policis\u00eb Tiran\u00eb Lorenc Panganika, tha n\u00eb konferenc\u00eb p\u00ebr shtyp se hetimet kan\u00eb zbuluar se 60-vje\u00e7ari \u00ebsht\u00eb ekzekutuar p\u00ebr shkak t\u00eb nj\u00eb borxhi.<\/span><\/p>\n<p><em><span style=\"color: #000000;\">&#8220;Nga t\u00ebr\u00ebsia e veprimeve hetimore, t\u00eb kryera n\u00eb kuad\u00ebr t\u00eb procedimit penal nr. 4682\/2017, t\u00eb rifilluar, rezulton se t\u00eb 3 k\u00ebta shtetas, n\u00eb bashk\u00ebpunim me nj\u00ebri-tjetrin, pasi kan\u00eb kontaktuar n\u00eb zon\u00ebn e Xhamllikut, shtetasin Menduh Kurt\u2013Deda, i cili fshihej prej koh\u00ebsh, si pasoj\u00eb e nj\u00eb borxhi t\u00eb pashlyer, e kan\u00eb marr\u00eb me forc\u00eb at\u00eb, n\u00eb automjet, dhe kan\u00eb shkuar n\u00eb zon\u00ebn e Alliasit, ku kan\u00eb ushtruar dhun\u00eb ndaj tij.<\/span><\/em><\/p>\n<p><span style=\"color: #000000;\"><em>M\u00eb pas, shtetasit B. K. dhe G. N., e kan\u00eb transportuar shtetasin Menduh Kurt\u2013Deda, n\u00eb nj\u00eb zon\u00eb pyjore, n\u00eb vendin e quajtur \u201cKod\u00ebr Shupal\u201d, ku pasi e kan\u00eb dhunuar dhe lidhur 61-vje\u00e7arin, e kan\u00eb djegur at\u00eb me l\u00ebnd\u00eb djeg\u00ebse.<\/em>&#8220;- tha Panganika. Lidhur me ngjarjen jan\u00eb v\u00ebn\u00eb n\u00eb pranga dy nga t\u00eb dyshuarit, si dhe \u00ebsht\u00eb shpallur n\u00eb k\u00ebrkim i treti.<\/span><\/p>\n<p><strong><span style=\"color: #000000;\">\u00c7far\u00eb tha Policia?<\/span><\/strong><\/p>\n<p><span style=\"color: #000000;\">Strukturat hetimore t\u00eb Drejtoris\u00eb Vendore t\u00eb Policis\u00eb Tiran\u00eb, n\u00eb koordinim me Departamentin e Policis\u00eb Kriminale n\u00eb Policin\u00eb e Shtetit, n\u00ebn drejtimin e Prokuroris\u00eb pran\u00eb Gjykat\u00ebs s\u00eb Rrethit Gjyq\u00ebsor Tiran\u00eb, kan\u00eb vijuar pun\u00ebn me q\u00ebllim zbardhjen e ngjarjeve kriminale t\u00eb ndodhura m\u00eb par\u00eb, si dhe p\u00ebr identifikimin, kapjen dhe v\u00ebnien p\u00ebrpara p\u00ebrgjegj\u00ebsis\u00eb penale t\u00eb autor\u00ebve t\u00eb tyre.<\/span><\/p>\n<p><span style=\"color: #000000;\">N\u00eb k\u00ebt\u00eb kuad\u00ebr, strukturat hetimore t\u00eb DVP Tiran\u00eb, si rezultat i indicieve t\u00eb marra fal\u00eb inteligjenc\u00ebs informative, i kan\u00eb k\u00ebrkuar Prokuroris\u00eb s\u00eb Tiran\u00ebs, rifillimin e hetimeve p\u00ebr nj\u00eb ngjarje kriminale, kund\u00ebr personit, t\u00eb ndodhur n\u00eb vitin 2017, n\u00eb vendin e quajtur \u201cKod\u00ebr Shupal\u201d, Tiran\u00eb.<\/span><\/p>\n<p><span style=\"color: #000000;\">Strukturat e Sektorit t\u00eb Hetimeve t\u00eb Krimeve t\u00eb R\u00ebnda ndaj Jet\u00ebs dhe Pron\u00ebs t\u00eb DVP Tiran\u00eb, finalizuan operacionin policor t\u00eb koduar \u201cASGJ\u00cb NUK HARROHET\u201d, si rezultat i t\u00eb cilit u b\u00eb i mundur dokumentimin i plot\u00eb ligjor i ngjarjes s\u00eb ndodhur m\u00eb dat\u00eb 16.05.2017, n\u00eb vendin e quajtur \u201cKod\u00ebr Shupal\u201d, ku u gjet nj\u00eb kufom\u00eb e paidentifikuar, e seksit mashkull, pjes\u00ebrisht e djegur dhe pjes\u00ebrisht e dekompozuar.<\/span><\/p>\n<p><span style=\"color: #000000;\">Pas nj\u00eb pune t\u00eb mir\u00ebfillt\u00eb hetimore, mb\u00ebshtetur nga inteligjenca policore, si rezultat i hetimit me metoda speciale, administrimit e vler\u00ebsimit n\u00eb koh\u00eb t\u00eb provave ligjore, si dhe bashk\u00ebpunimit me Komisariatin e Policis\u00eb Nr. 4 dhe Laboratorin e Policis\u00eb Shkencore, u b\u00eb i mundur identifikimi i kufom\u00ebs s\u00eb gjetur.<\/span><\/p>\n<p><span style=\"color: #000000;\">Kjo kufom\u00eb i p\u00ebrket shtetasit Menduh Shaban Kurt-Deda, lindur m\u00eb 03.09.1956, n\u00eb fshatin Sohodoll, Dib\u00ebr dhe n\u00eb koh\u00ebn e ngjarjes, banues n\u00eb Lukov\u00eb, Sarand\u00eb.<\/span><\/p>\n<p><span style=\"color: #000000;\">Gjithashtu, u b\u00eb i mundur identifikimi i autor\u00ebve t\u00eb k\u00ebsaj ngjarjeje, si dhe ndalimi i 2 prej tyre, konkretisht i shtetasve:<\/span><\/p>\n<p><span style=\"color: #000000;\">-G. N, 39 vje\u00e7 dhe M. K., 56 vje\u00e7e, t\u00eb dy banues n\u00eb Tiran\u00eb.<\/span><\/p>\n<p><span style=\"color: #000000;\">N\u00eb vijim t\u00eb veprimeve p\u00ebr k\u00ebt\u00eb rast, u shpall n\u00eb k\u00ebrkim shtetasi B. K, 34 vje\u00e7, banues n\u00eb Tiran\u00eb, djali i shtetases s\u00eb arrestuar M. K. (aktualisht jasht\u00eb shtetit)<\/span><\/p>\n<p><span style=\"color: #000000;\">Nga t\u00ebr\u00ebsia e veprimeve hetimore, t\u00eb kryera n\u00eb kuad\u00ebr t\u00eb procedimit penal nr. 4682\/2017, t\u00eb rifilluar, rezulton se t\u00eb 3 k\u00ebta shtetas, n\u00eb bashk\u00ebpunim me nj\u00ebri-tjetrin, pasi kan\u00eb kontaktuar n\u00eb zon\u00ebn e Xhamllikut, shtetasin Menduh Kurt\u2013Deda, i cili fshihej prej koh\u00ebsh, si pasoj\u00eb e nj\u00eb borxhi t\u00eb pashlyer, e kan\u00eb marr\u00eb me forc\u00eb at\u00eb, n\u00eb automjet, dhe kan\u00eb shkuar n\u00eb zon\u00ebn e Alliasit, ku kan\u00eb ushtruar dhun\u00eb ndaj tij.<\/span><\/p>\n<p><span style=\"color: #000000;\">M\u00eb pas, shtetasit B. K. dhe G. N., e kan\u00eb transportuar shtetasin Menduh Kurt\u2013Deda, n\u00eb nj\u00eb zon\u00eb pyjore, n\u00eb vendin e quajtur \u201cKod\u00ebr Shupal\u201d, ku pasi e kan\u00eb dhunuar dhe lidhur 61-vje\u00e7arin, e kan\u00eb djegur at\u00eb me l\u00ebnd\u00eb djeg\u00ebse.<\/span><\/p>\n<p><span style=\"color: #000000;\">Vijon puna p\u00ebr kapjen dhe v\u00ebnien para pergjegjesise ligjore t\u00eb shtetasit B. K, si dhe p\u00ebr dokumentimin e plot\u00eb me prova ligjore t\u00eb k\u00ebsaj ngjarjeje.<\/span><\/p>\n<p><span style=\"color: #000000;\">Materialet procedurale i kaluan Prokuroris\u00eb pran\u00eb Gjykat\u00ebs s\u00eb Rrethit Gjyq\u00ebsor Tiran\u00eb, p\u00ebr veprime t\u00eb m\u00ebtejshme, p\u00ebr vepr\u00ebn \u201cVrasja me dashje\u201d, kryer n\u00eb bashk\u00ebpunim.<\/span><\/p>\n<p><span style=\"color: #000000;\">Theksojm\u00eb faktin se p\u00ebr vitin 2022, n\u00eb qarkun e Tiran\u00ebs, kan\u00eb ndodhur 7 vrasje, nga t\u00eb cilat 5 jan\u00eb zbardhur. Vijon puna intensive, n\u00ebn drejtimin e Prokuroris\u00eb pran\u00eb Gjykat\u00ebs s\u00eb Rrethit Gjyq\u00ebsor Tiran\u00eb, si dhe duke shk\u00ebmbyer informacione me agjencit\u00eb e tjera ligjzbatuese, brenda dhe jasht\u00eb vendit, me q\u00ebllim zbardhjen e 2 vrasjeve t\u00eb tjera dhe p\u00ebr nxjerrjen e autor\u00ebve t\u00eb tyre, p\u00ebrpara p\u00ebrgjegj\u00ebsis\u00eb penale.<\/span><\/p>\n<p><span style=\"color: #000000;\">Drejtoria Vendore e Policis\u00eb Tiran\u00eb mbetet e angazhuar dhe e vendosur per hetimin, zbardhjen e plot\u00eb dhe dokumentimin me prova ligjore t\u00eb ngjarjeve kriminale t\u00eb ndodhura m\u00eb par\u00eb, si dhe fton qytetar\u00ebt q\u00eb t\u00eb bashk\u00ebpunojn\u00eb edhe m\u00eb shum\u00eb me Policin\u00eb, me q\u00ebllim krijimin e nj\u00eb ambienti sa m\u00eb t\u00eb sigurt\u00eb.<\/span><\/p>\n","protected":false,"gt_translate_keys":[{"key":"rendered","format":"html"}]},"excerpt":{"rendered":"<p>Policia ka zbardhur nj\u00eb ngjarje t\u00eb r\u00ebnd\u00eb kriminale t\u00eb ndodhur pes\u00eb vite m\u00eb par\u00eb. B\u00ebhet fjal\u00eb p\u00ebr ngjarjen e 16 Majit t\u00eb vitit 2017, ku u gjet nj\u00eb trup i pajet\u00eb, pjes\u00ebrisht i djegur dhe i dekompozuar. Personi rezulton se ka qen\u00eb Menduh Shaban Kurdeda. Drejtori i Drejtoris\u00eb Vendore t\u00eb Policis\u00eb Tiran\u00eb Lorenc Panganika, tha [&hellip;]<\/p>\n","protected":false,"gt_translate_keys":[{"key":"rendered","format":"html"}]},"author":30,"featured_media":567933,"comment_status":"closed","ping_status":"closed","sticky":false,"template":"","format":"standard","meta":{"footnotes":""},"categories":[65,13],"tags":[],"class_list":["post-567932","post","type-post","status-publish","format-standard","has-post-thumbnail","hentry","category-lajme","category-te-fundit"],"gt_translate_keys":[{"key":"link","format":"url"}],"_links":{"self":[{"href":"https:\/\/www.hashtag.al\/index.php\/wp-json\/wp\/v2\/posts\/567932","targetHints":{"allow":["GET"]}}],"collection":[{"href":"https:\/\/www.hashtag.al\/index.php\/wp-json\/wp\/v2\/posts"}],"about":[{"href":"https:\/\/www.hashtag.al\/index.php\/wp-json\/wp\/v2\/types\/post"}],"author":[{"embeddable":true,"href":"https:\/\/www.hashtag.al\/index.php\/wp-json\/wp\/v2\/users\/30"}],"replies":[{"embeddable":true,"href":"https:\/\/www.hashtag.al\/index.php\/wp-json\/wp\/v2\/comments?post=567932"}],"version-history":[{"count":0,"href":"https:\/\/www.hashtag.al\/index.php\/wp-json\/wp\/v2\/posts\/567932\/revisions"}],"wp:featuredmedia":[{"embeddable":true,"href":"https:\/\/www.hashtag.al\/index.php\/wp-json\/wp\/v2\/media\/567933"}],"wp:attachment":[{"href":"https:\/\/www.hashtag.al\/index.php\/wp-json\/wp\/v2\/media?parent=567932"}],"wp:term":[{"taxonomy":"category","embeddable":true,"href":"https:\/\/www.hashtag.al\/index.php\/wp-json\/wp\/v2\/categories?post=567932"},{"taxonomy":"post_tag","embeddable":true,"href":"https:\/\/www.hashtag.al\/index.php\/wp-json\/wp\/v2\/tags?post=567932"}],"curies":[{"name":"wp","href":"https:\/\/api.w.org\/{rel}","templated":true}]}}