{"id":567869,"date":"2022-12-14T21:58:34","date_gmt":"2022-12-14T20:58:34","guid":{"rendered":"https:\/\/www.hashtag.al\/?p=567869"},"modified":"2022-12-14T21:58:34","modified_gmt":"2022-12-14T20:58:34","slug":"alimehmeti-mjeket-nuk-kane-paga-dhe-mundesi-per-rritje-mbajtja-e-diplomave-shkelje-e-te-drejtave-te-njeriut","status":"publish","type":"post","link":"https:\/\/www.hashtag.al\/index.php\/2022\/12\/14\/alimehmeti-mjeket-nuk-kane-paga-dhe-mundesi-per-rritje-mbajtja-e-diplomave-shkelje-e-te-drejtave-te-njeriut\/","title":{"rendered":"Alimehmeti: Mjek\u00ebt nuk kan\u00eb paga dhe mund\u00ebsi p\u00ebr rritje, mbajtja e diplomave, shkelje e t\u00eb drejtave t\u00eb njeriut","gt_translate_keys":[{"key":"rendered","format":"text"}]},"content":{"rendered":"<p><span style=\"color: #000000;\"><a style=\"color: #000000;\" href=\"https:\/\/www.hashtag.al\/wp-content\/uploads\/2022\/12\/alimehmeti.jpg\"><img loading=\"lazy\" decoding=\"async\" class=\"aligncenter size-full wp-image-567870\" src=\"https:\/\/www.hashtag.al\/wp-content\/uploads\/2022\/12\/alimehmeti.jpg\" alt=\"\" width=\"1067\" height=\"540\" srcset=\"https:\/\/www.hashtag.al\/wp-content\/uploads\/2022\/12\/alimehmeti.jpg 1067w, https:\/\/www.hashtag.al\/wp-content\/uploads\/2022\/12\/alimehmeti-300x152.jpg 300w, https:\/\/www.hashtag.al\/wp-content\/uploads\/2022\/12\/alimehmeti-1024x518.jpg 1024w, https:\/\/www.hashtag.al\/wp-content\/uploads\/2022\/12\/alimehmeti-768x389.jpg 768w\" sizes=\"auto, (max-width: 1067px) 100vw, 1067px\" \/><\/a><\/span><\/p>\n<p><span style=\"color: #000000;\">Mjeku Ilir Alimehmeti gjat\u00eb emisionit \u201cOpen\u201d n\u00eb News24 foli n\u00eb lidhje me eksodin e mjek\u00ebve nga vendi teksa ka th\u00ebn\u00eb se deklarata e kryeministrit Rama n\u00eb lidhje me mbajtjen e diplomave t\u00eb student\u00ebve t\u00eb mjek\u00ebsis\u00eb \u00ebsht\u00eb shkelje e t\u00eb drejtave t\u00eb njeriut.<\/span><\/p>\n<p><span style=\"color: #000000;\">Ai shtoi se n\u00eb vend nuk ka paga t\u00eb k\u00ebnaqshme p\u00ebr mjek\u00ebt dhe nuk ofrohen gjithashtu as mund\u00ebsi p\u00ebr rritje n\u00eb karrier\u00eb, t\u00eb cilat sipas tij jan\u00eb arsye p\u00ebr largimin e mjek\u00ebve nga vendi.<\/span><\/p>\n<p><span style=\"color: #000000;\">\u201c<em>Ka arsye t\u00eb tjera. Ne duhet t\u00eb krijojm\u00eb kushte m\u00eb t\u00eb mira p\u00ebr vendin ton\u00eb. Jan\u00eb raportuar disa shifra jo korrekte n\u00eb OBSH nga ministria. OBSH thot\u00eb 12.7 mjek\u00eb p\u00ebr 10 mij\u00eb banor\u00eb. N\u00eb Kosov\u00eb rroga e n\u00eb mjeku \u00ebsht\u00eb 1440 euro, n\u00eb Shqip\u00ebri kur fillon t\u00eb marr\u00eb rrog\u00ebn pas specializimit 650 euro. Gjermania mbetet Gjermani, por kushtet nga ku nisemi kan\u00eb k\u00ebt\u00eb diferenc\u00eb. \u00c7far\u00eb po b\u00ebjm\u00eb ne k\u00ebtu, pagesa nuk ka, avancim karriere nuk ofrojm\u00eb. Nj\u00eb mjek do t\u00eb avancoj\u00eb n\u00eb karrier\u00eb dhe pages\u00eb. Nuk do t\u00eb d\u00ebgjoj\u00eb fjal\u00eb si \u201cdo t\u2019iu mbajm\u00eb peng diplom\u00ebn\u201d, ajo \u00ebsht\u00eb pron\u00eb e atij q\u00eb e ka fituar. \u00cbsht\u00eb shkelje e t\u00eb drejtave t\u00eb njeriut dhe fyerje dinjiteti. \u00cbsht\u00eb nj\u00eb element q\u00eb i b\u00ebn mjek\u00ebt t\u00eb largohen sepse nuk vler\u00ebsohen. Pse duhet t\u00eb q\u00ebndrojn\u00eb<\/em>?\u201d, tha Alimehmeti.<\/span><\/p>\n<p>&nbsp;<\/p>\n","protected":false,"gt_translate_keys":[{"key":"rendered","format":"html"}]},"excerpt":{"rendered":"<p>Mjeku Ilir Alimehmeti gjat\u00eb emisionit \u201cOpen\u201d n\u00eb News24 foli n\u00eb lidhje me eksodin e mjek\u00ebve nga vendi teksa ka th\u00ebn\u00eb se deklarata e kryeministrit Rama n\u00eb lidhje me mbajtjen e diplomave t\u00eb student\u00ebve t\u00eb mjek\u00ebsis\u00eb \u00ebsht\u00eb shkelje e t\u00eb drejtave t\u00eb njeriut. Ai shtoi se n\u00eb vend nuk ka paga t\u00eb k\u00ebnaqshme p\u00ebr mjek\u00ebt dhe [&hellip;]<\/p>\n","protected":false,"gt_translate_keys":[{"key":"rendered","format":"html"}]},"author":32,"featured_media":567870,"comment_status":"closed","ping_status":"closed","sticky":false,"template":"","format":"standard","meta":{"footnotes":""},"categories":[65,13],"tags":[],"class_list":["post-567869","post","type-post","status-publish","format-standard","has-post-thumbnail","hentry","category-lajme","category-te-fundit"],"gt_translate_keys":[{"key":"link","format":"url"}],"_links":{"self":[{"href":"https:\/\/www.hashtag.al\/index.php\/wp-json\/wp\/v2\/posts\/567869","targetHints":{"allow":["GET"]}}],"collection":[{"href":"https:\/\/www.hashtag.al\/index.php\/wp-json\/wp\/v2\/posts"}],"about":[{"href":"https:\/\/www.hashtag.al\/index.php\/wp-json\/wp\/v2\/types\/post"}],"author":[{"embeddable":true,"href":"https:\/\/www.hashtag.al\/index.php\/wp-json\/wp\/v2\/users\/32"}],"replies":[{"embeddable":true,"href":"https:\/\/www.hashtag.al\/index.php\/wp-json\/wp\/v2\/comments?post=567869"}],"version-history":[{"count":0,"href":"https:\/\/www.hashtag.al\/index.php\/wp-json\/wp\/v2\/posts\/567869\/revisions"}],"wp:featuredmedia":[{"embeddable":true,"href":"https:\/\/www.hashtag.al\/index.php\/wp-json\/wp\/v2\/media\/567870"}],"wp:attachment":[{"href":"https:\/\/www.hashtag.al\/index.php\/wp-json\/wp\/v2\/media?parent=567869"}],"wp:term":[{"taxonomy":"category","embeddable":true,"href":"https:\/\/www.hashtag.al\/index.php\/wp-json\/wp\/v2\/categories?post=567869"},{"taxonomy":"post_tag","embeddable":true,"href":"https:\/\/www.hashtag.al\/index.php\/wp-json\/wp\/v2\/tags?post=567869"}],"curies":[{"name":"wp","href":"https:\/\/api.w.org\/{rel}","templated":true}]}}