{"id":567620,"date":"2022-12-13T17:36:50","date_gmt":"2022-12-13T16:36:50","guid":{"rendered":"https:\/\/www.hashtag.al\/?p=567620"},"modified":"2022-12-13T17:40:27","modified_gmt":"2022-12-13T16:40:27","slug":"nuk-eshte-koha-per-te-pushuar-do-jem-ketu-edhe-pak-me-gjate-ambasada-rishperndan-mesazhin-e-yuri-kim","status":"publish","type":"post","link":"https:\/\/www.hashtag.al\/index.php\/2022\/12\/13\/nuk-eshte-koha-per-te-pushuar-do-jem-ketu-edhe-pak-me-gjate-ambasada-rishperndan-mesazhin-e-yuri-kim\/","title":{"rendered":"&#8220;Nuk \u00ebsht\u00eb koha p\u00ebr t\u00eb pushuar, do jem k\u00ebtu edhe pak m\u00eb gjat\u00eb&#8221; &#8211; Ambasada rishp\u00ebrndan mesazhin e Yuri Kim","gt_translate_keys":[{"key":"rendered","format":"text"}]},"content":{"rendered":"<p><span style=\"color: #000000;\"><a href=\"https:\/\/www.hashtag.al\/wp-content\/uploads\/2022\/12\/4-1.jpg\"><img loading=\"lazy\" decoding=\"async\" class=\"aligncenter size-full wp-image-567624\" src=\"https:\/\/www.hashtag.al\/wp-content\/uploads\/2022\/12\/4-1.jpg\" alt=\"\" width=\"2048\" height=\"1365\" srcset=\"https:\/\/www.hashtag.al\/wp-content\/uploads\/2022\/12\/4-1.jpg 2048w, https:\/\/www.hashtag.al\/wp-content\/uploads\/2022\/12\/4-1-300x200.jpg 300w, https:\/\/www.hashtag.al\/wp-content\/uploads\/2022\/12\/4-1-1024x683.jpg 1024w, https:\/\/www.hashtag.al\/wp-content\/uploads\/2022\/12\/4-1-768x512.jpg 768w, https:\/\/www.hashtag.al\/wp-content\/uploads\/2022\/12\/4-1-1536x1024.jpg 1536w\" sizes=\"auto, (max-width: 2048px) 100vw, 2048px\" \/><\/a><\/span><\/p>\n<p><span style=\"color: #000000;\">Ambasada Amerikane ka shp\u00ebrndar\u00eb nj\u00eb pjes\u00eb nga fjala e sotme e ambasadores Yuri Kim mbi situat\u00ebn e drejt\u00ebsis\u00eb n\u00eb vendin ton\u00eb, ku mes t\u00eb tjerash theksoi se do q\u00ebndronte edhe p\u00ebr ca koh\u00eb n\u00eb vendin ton\u00eb, p\u00ebrkund\u00ebr \u00e7far\u00eb thuhet p\u00ebr p\u00ebrfundimin e mandatit t\u00eb saj.<\/span><\/p>\n<p><span style=\"color: #000000;\">N\u00eb mesazhin e publikuar nga ambasada, Kim ndalet tek reforma n\u00eb drejt\u00ebsi q\u00eb sipas saj po prodhon rezultate konkrete dhe t\u00eb prekshme. Por thekson se nuk \u00ebsht\u00eb koha p\u00ebr pushim dhe duhet b\u00ebr\u00eb akoma m\u00eb shum\u00eb.<\/span><\/p>\n<p><span style=\"color: #000000;\"><em>&#8220;Reforma n\u00eb drejt\u00ebsi po prodhon rezultate reale, t\u00eb prekshme, konkrete. Por e dini \u00e7far\u00eb? Njer\u00ebzit duan m\u00eb shum\u00eb. Dhe Shtetet e Bashkuara jan\u00eb n\u00eb krah t\u00eb Shqip\u00ebris\u00eb sepse ne jemi n\u00eb nj\u00eb mendje me ta. Duhet t\u00eb ket\u00eb m\u00eb shum\u00eb. Nuk \u00ebsht\u00eb koha p\u00ebr t\u00eb pushuar. Duhet t\u00eb festojm\u00eb p\u00ebrparimin q\u00eb kemi b\u00ebr\u00eb s\u00eb bashku deri tani. S\u00eb bashku. E kemi b\u00ebr\u00eb s\u00eb bashku. Disa her\u00eb ka q\u00ebn\u00eb e v\u00ebshtir\u00eb. Nuk mendoj se ka pasur ndonj\u00eb rast kur ka qen\u00eb e leht\u00eb. Ka pasur raste q\u00eb jan\u00eb b\u00ebr\u00eb edhe gabime. \u00cbsht\u00eb proces njer\u00ebzor. Por \u00ebsht\u00eb e r\u00ebnd\u00ebsishme q\u00eb t\u00eb q\u00ebndrojm\u00eb t\u00eb p\u00ebrkushtuar ndaj q\u00ebllimit fundor. Serioz dhe t\u00eb sinqert\u00eb, t\u00eb dim\u00eb q\u00eb Shtetet e Bashkuara nuk do t\u00eb ndalojn\u00eb dhe as ju nuk duhet t\u00eb ndaloni \u2013 q\u00eb partner\u00ebt tuaj europian\u00eb duan q\u00eb ju t\u2019ia dilni, po aq sa edhe partner\u00ebt tuaj amerikan\u00eb duan \u2013 q\u00eb ju mund t\u2019ia dilni.&#8221;<\/em> \u2013 tha ambasadorja e SHBA-ve n\u00eb aktivitetin e K\u00ebshillit t\u00eb lart\u00eb Gjyq\u00ebsor \u201cDrejt Ekselenc\u00ebs Gjyq\u00ebsore\u201d.<\/span><\/p>\n<p><span style=\"color: #000000;\"><a href=\"https:\/\/www.hashtag.al\/wp-content\/uploads\/2022\/12\/postimi.jpg\"><img loading=\"lazy\" decoding=\"async\" class=\"aligncenter size-full wp-image-567628\" src=\"https:\/\/www.hashtag.al\/wp-content\/uploads\/2022\/12\/postimi.jpg\" alt=\"\" width=\"504\" height=\"382\" srcset=\"https:\/\/www.hashtag.al\/wp-content\/uploads\/2022\/12\/postimi.jpg 504w, https:\/\/www.hashtag.al\/wp-content\/uploads\/2022\/12\/postimi-300x227.jpg 300w\" sizes=\"auto, (max-width: 504px) 100vw, 504px\" \/><\/a><\/span><\/p>\n<p><span style=\"color: #000000;\">Ambasadorja Kim sot deklaroi se do t\u00eb ishte edhe p\u00ebr ca koh\u00eb n\u00eb Shqip\u00ebri, p\u00ebrkund\u00ebr deklarat\u00ebs s\u00eb pak dit\u00ebve m\u00eb par\u00eb nga Ministria e Jashtme e Shqip\u00ebris\u00eb q\u00eb shkruante se kishin nisur zyrtarisht procedurat p\u00ebr z\u00ebvend\u00ebsimin e ambasadores pasi i p\u00ebrfundon zyrtarisht mandati n\u00eb janar 2023.<\/span><\/p>\n<p><span style=\"color: #000000;\"><em>\u201cJam k\u00ebtu prej tre vitesh tashm\u00eb dhe do jem edhe p\u00ebr pak m\u00eb gjat\u00eb sa kaq. Ja \u00e7far\u00eb kam m\u00ebsuar gjat\u00eb k\u00ebtyre viteve. \u00cbsht\u00eb nj\u00eb sfid\u00eb e madhe k\u00ebtu. Kjo nuk \u00ebsht\u00eb sepse Shqip\u00ebria \u00ebsht\u00eb ve\u00e7an\u00ebrisht e keqe, ve\u00e7an\u00ebrisht e korruptuar. Kjo \u00ebsht\u00eb marr\u00ebzi. Ka histori k\u00ebtu.\u201d\u2013<\/em> shprehej sot Kim.<\/span><\/p>\n<p><span style=\"color: #000000;\">Q\u00eb pas deklarat\u00ebs nga Ministrja e Jashtme p\u00ebr p\u00ebrfundimin e mandatit t\u00eb ambasadores Kim, nga kjo e fundit dhe rrjetet sociale t\u00eb ambasad\u00ebs ka patur shum\u00eb reagime mbi Reform\u00ebn n\u00eb Drejt\u00ebsi, t\u00eb cilat n\u00eb rrethin politik e mediatik jan\u00eb kuptuar si mesazhe p\u00ebr qeverin\u00eb shqiptare.<\/span><\/p>\n<p><strong><span style=\"color: #000000;\">FJALA E PLOT\u00cb E AMBASADORES<\/span><\/strong><\/p>\n<p><span style=\"color: #000000;\">Sot sh\u00ebnojm\u00eb arritjet e K\u00ebshillit t\u00eb Lart\u00eb Gjyq\u00ebsor dhe Gjykat\u00ebs s\u00eb Lart\u00eb. Rip\u00ebrt\u00ebrijm\u00eb angazhimin ton\u00eb t\u00eb p\u00ebrbashk\u00ebt p\u00ebr nj\u00eb gjyq\u00ebsor v\u00ebrtet t\u00eb pavarur q\u00eb u sh\u00ebrben t\u00eb gjith\u00eb qytetar\u00ebve t\u00eb Shqip\u00ebris\u00eb me paanshm\u00ebri, efikasitet dhe drejt\u00ebsi.<\/span><\/p>\n<p><span style=\"color: #000000;\">Si\u00e7 un\u00eb e them shpesh, reforma n\u00eb drejt\u00ebsi nuk \u00ebsht\u00eb e thjesht\u00eb, e shpejt\u00eb apo e p\u00ebrsosur. Duhet t\u00eb mundohemi vazhdimisht p\u00ebr p\u00ebrparim dhe rezultate t\u00eb v\u00ebrteta.<\/span><\/p>\n<p><span style=\"color: #000000;\">Duhet t\u00eb jeni krenar\u00eb p\u00ebr arritjet tuaja. Keni vendosur standarde n\u00eb drejt\u00ebsin\u00eb shqiptare. Dhe shpresojm\u00eb, shum\u00eb shpejt, q\u00eb do t\u00eb plot\u00ebsoni tre vendet e fundit n\u00eb gjykat\u00ebn e lart\u00eb, n\u00eb m\u00ebnyr\u00eb q\u00eb ajo t\u00eb b\u00ebj\u00eb drejt\u00ebsi p\u00ebr qytetar\u00ebt e Shqip\u00ebris\u00eb.<\/span><\/p>\n<p><span style=\"color: #000000;\">Me mb\u00ebshtetjen e East-West Management Institute, i cili \u00ebsht\u00eb nj\u00eb partner zbatues me standarde t\u00eb larta nd\u00ebrkomb\u00ebtare i financuar nga SHBA, keni krijuar K\u00ebshillin si institucionin kryesor p\u00ebr mbrojtjen e integritetit gjyq\u00ebsor, promovimin e pavar\u00ebsis\u00eb s\u00eb gjyq\u00ebsorit dhe p\u00ebrmir\u00ebsimin e efi\u00e7enc\u00eb gjyq\u00ebsore.<\/span><\/p>\n<p><span style=\"color: #000000;\">Dhe sigurisht, jemi krenar\u00eb q\u00eb n\u00eb partneritet me BE-n\u00eb, mb\u00ebshtesim jo vet\u00ebm K\u00ebshillin e Lart\u00eb Gjyq\u00ebsor, por t\u00eb gjitha pjes\u00ebt p\u00ebrb\u00ebr\u00ebse t\u00eb reform\u00ebs n\u00eb drejt\u00ebsi. E dim\u00eb q\u00eb reforma n\u00eb drejt\u00ebsi \u00ebsht\u00eb e r\u00ebnd\u00ebsishme jo vet\u00ebm sepse p\u00ebrmbush nj\u00eb nga k\u00ebrkesat e an\u00ebtar\u00ebsimit n\u00eb BE, por sepse \u00ebsht\u00eb nj\u00eb k\u00ebrkes\u00eb e drejt\u00eb e popullit shqiptar.<\/span><\/p>\n<p><span style=\"color: #000000;\">Shihni sa larg kemi arritur. Para 4 vitesh, Gjykata e Lart\u00eb kishte vet\u00ebm nj\u00eb gjyqtar. Por pasi K\u00ebshilli shqyrtoi dhe procesoi qindra aplikime, sot gjykata ka pothuaj an\u00ebtar\u00ebsi t\u00eb plot\u00eb. Na mungojn\u00eb vet\u00ebm tre gjyqtar\u00eb dhe shpresoj q\u00eb ata tre do gjenden shum\u00eb shpejt.<\/span><\/p>\n<p><span style=\"color: #000000;\">Kur mb\u00ebrrita n\u00eb janar t\u00eb vitit 2020 me d\u00ebshir\u00eb, krijueshm\u00ebri dhe vendosm\u00ebri ishte e mundur t\u00eb kishim nj\u00eb gjykat\u00eb kushtetuese funksionale n\u00eb fund t\u00eb atij viti kalendarik. Na kan\u00eb ngelur vet\u00ebm dy jav\u00eb nga viti 2022. Nuk do t\u2019ia dalim, por shpresoj q\u00eb brenda tremujorit t\u00eb par\u00eb t\u00eb 2023, Gjykata e Lart\u00eb do t\u00eb ket\u00eb t\u00eb gjith\u00eb an\u00ebtar\u00ebt. Ka kaluar mjaft koh\u00eb. Duhet t\u00eb b\u00ebjm\u00eb drejt\u00ebsi p\u00ebr njer\u00ebzit. Duhet te gjejm\u00eb nj\u00eb m\u00ebnyr\u00eb.<\/span><\/p>\n<p><span style=\"color: #000000;\">Un\u00eb e di q\u00eb shqiptar\u00ebt, ashtu si Amerika dhe si amerikan\u00ebt, presin me padurim t\u00eb shohin gjykatat t\u00eb mbushura me gjyqtar\u00eb t\u00eb cil\u00ebt jan\u00eb t\u00eb trajnuar dhe t\u00eb paansh\u00ebm, t\u00eb aft\u00eb dhe q\u00eb duan t\u00eb japin drejt\u00ebsi. Jo hakmarrje, drejt\u00ebsi. T\u00eb din\u00eb q\u00eb kur ata t\u00eb shkojn\u00eb n\u00eb gjykat\u00eb do t\u00eb jen\u00eb t\u00eb barabart\u00eb para ligjit. Por, p\u00ebrsa u p\u00ebrket gjyqtar\u00ebve dhe prokuror\u00ebve, ata q\u00eb vijn\u00eb para tyre jan\u00eb nj\u00ebsoj, pavar\u00ebsisht postit apo pushtetit, apo ndikimit.<\/span><\/p>\n<p><span style=\"color: #000000;\">Ata do ta din\u00eb q\u00eb do t\u00eb marrin drejt\u00ebsi n\u00eb koh\u00ebn e duhur. Prandaj \u00ebsht\u00eb e r\u00ebnd\u00ebsishme p\u00ebr ne si Shtetet e Bashkuara q\u00eb t\u00eb mb\u00ebshtesim ekipin e n\u00ebpun\u00ebsve p\u00ebr pak\u00ebsimin e numrit t\u00eb \u00e7\u00ebshtjeve t\u00eb prapambetura, t\u00eb cil\u00ebt kan\u00eb nisur t\u00eb b\u00ebjn\u00eb p\u00ebrparim n\u00eb mij\u00ebra \u00e7\u00ebshtje t\u00eb cilat kan\u00eb l\u00ebnguar n\u00eb gjykat\u00eb. Ne e kuptojm\u00eb plot\u00ebsisht frustrimin e shqiptar\u00ebve. \u2018\u2019Nuk \u00ebsht\u00eb e drejt\u00eb. Si\u00e7 Martin Luther King Junior ka th\u00ebn\u00eb, \u201cDrejt\u00ebsia e vonuar \u00ebsht\u00eb drejt\u00ebsi e munguar.\u201d Le t\u2019u japim njer\u00ebzve drejt\u00ebsin\u00eb q\u00eb ata meritojn\u00eb. Le t\u00eb vazhdojm\u00eb t\u00eb b\u00ebjm\u00eb p\u00ebrparim, madje jo vet\u00ebm t\u00eb b\u00ebjm\u00eb p\u00ebrparim, por ta intensifikojm\u00eb progresin. Duhet ta ulim numrin e \u00e7\u00ebshtjeve t\u00eb prapambetura n\u00eb zero. Mund t\u00eb b\u00ebhet. Ne do ju ndihmojm\u00eb dhe mund t\u00eb b\u00ebhet. Pra, gjykata iu jep p\u00ebrpar\u00ebsi \u00e7\u00ebshtjeve m\u00eb urgjente. Vazhdoni sa m\u00eb shpejt t\u00eb mundeni. \u00cbsht\u00eb kritike p\u00ebr reform\u00ebn n\u00eb drejt\u00ebsi dhe ka arsye p\u00ebr t\u00eb qen\u00eb optimist\u00eb p\u00ebr k\u00ebt\u00eb brez t\u00eb shqiptar\u00ebve.<\/span><\/p>\n<p><span style=\"color: #000000;\">Reforma n\u00eb drejt\u00ebsi po prodhon rezultate reale, t\u00eb prekshme, konkrete. Por e dini \u00e7far\u00eb? Njer\u00ebzit duan m\u00eb shum\u00eb. Dhe Shtetet e Bashkuara jan\u00eb n\u00eb krah t\u00eb Shqip\u00ebris\u00eb sepse ne jemi n\u00eb nj\u00eb mendje me ta. Duhet t\u00eb ket\u00eb m\u00eb shum\u00eb. Nuk \u00ebsht\u00eb koha p\u00ebr t\u00eb pushuar. Duhet t\u00eb festojm\u00eb p\u00ebrparimin q\u00eb kemi b\u00ebr\u00eb s\u00eb bashku deri tani. S\u00eb bashku. E kemi b\u00ebr\u00eb s\u00eb bashku.<\/span><\/p>\n<p><span style=\"color: #000000;\">Disa her\u00eb ka q\u00ebn\u00eb e v\u00ebshtir\u00eb. Nuk mendoj se ka pasur ndonj\u00eb rast kur ka qen\u00eb e leht\u00eb. Ka pasur raste q\u00eb jan\u00eb b\u00ebr\u00eb edhe gabime. \u00cbsht\u00eb proces njer\u00ebzor. Por \u00ebsht\u00eb e r\u00ebnd\u00ebsishme q\u00eb t\u00eb q\u00ebndrojm\u00eb t\u00eb p\u00ebrkushtuar ndaj q\u00ebllimit fundor. Serioz dhe t\u00eb sinqert\u00eb, t\u00eb dim\u00eb q\u00eb Shtetet e Bashkuara nuk do t\u00eb ndalojn\u00eb dhe as ju nuk duhet t\u00eb ndaloni \u2013 q\u00eb partner\u00ebt tuaj europian\u00eb duan q\u00eb ju t\u2019ia dilni, po aq sa edhe partner\u00ebt tuaj amerikan\u00eb duan \u2013 q\u00eb ju mund t\u2019ia dilni.<\/span><\/p>\n<p><span style=\"color: #000000;\">Jam k\u00ebtu prej tre vitesh tashm\u00eb dhe do jem edhe p\u00ebr pak m\u00eb gjat\u00eb sa kaq. Ja \u00e7far\u00eb kam m\u00ebsuar gjat\u00eb k\u00ebtyre viteve. \u00cbsht\u00eb nj\u00eb sfid\u00eb e madhe k\u00ebtu. Kjo nuk \u00ebsht\u00eb sepse Shqip\u00ebria \u00ebsht\u00eb ve\u00e7an\u00ebrisht e keqe, ve\u00e7an\u00ebrisht e korruptuar. Kjo \u00ebsht\u00eb marr\u00ebzi. Ka histori k\u00ebtu.<\/span><\/p>\n<p><span style=\"color: #000000;\">Duhet t\u00eb kemi mir\u00ebkuptim dhe respekt p\u00ebr historin\u00eb p\u00ebrmes s\u00eb cil\u00ebs ky vend ka kaluar, p\u00ebr p\u00ebrvoj\u00ebn e shqiptar\u00ebve, p\u00ebr kufizimet, p\u00ebr sfidat me t\u00eb cilat ky vend p\u00ebrballet. \u00cbsht\u00eb nj\u00eb vend i vog\u00ebl. T\u00eb gjith\u00eb njihen me t\u00eb gjith\u00eb. Vendimet rreth drejt\u00ebsis\u00eb na ndikojn\u00eb t\u00eb gjith\u00ebve n\u00eb m\u00ebnyra q\u00eb mbase ndonj\u00ebh\u00ebr\u00eb as nuk duam t\u2019i pranojm\u00eb. Vendimet se kush do t\u00eb jet\u00eb n\u00eb \u00e7far\u00eb posti. Kush mund t\u00eb jet\u00eb shefi i k\u00ebtij institucioni apo atij institucioni. K\u00ebto jan\u00eb t\u00eb gjitha t\u00eb lidhura disi.<\/span><\/p>\n<p><span style=\"color: #000000;\">Por \u00ebsht\u00eb koha p\u00ebr t\u00eb th\u00ebn\u00eb se Shqip\u00ebria \u00ebsht\u00eb gati p\u00ebr faz\u00ebn tjet\u00ebr. Nuk mund t\u00eb vazhdojm\u00eb k\u00ebshtu. Shqip\u00ebria \u00ebsht\u00eb an\u00ebtare e NATO-s tani q\u00eb nga viti 2009. N\u00eb korrik, BE filloi zyrtarisht negociatat p\u00ebr hyrjen tuaj. Ju uleni pran\u00eb nesh \u2013 praktikisht pran\u00eb nesh \u2013 Shtetet e Bashkuara dhe Shqip\u00ebria n\u00eb K\u00ebshillin e Sigurimit t\u00eb OKB-s\u00eb. Jeni nj\u00eb z\u00eb i besuar dhe i respektuar p\u00ebr \u00e7\u00ebshtjet globale. Ka zhvillime strategjike q\u00eb jan\u00eb n\u00eb prag t\u00eb realizimit n\u00eb vendin tuaj. Energjia. Transporti. Siguria. Marr\u00ebdh\u00ebniet me Shtetet e Bashkuara n\u00eb demokraci, mbrojtje dhe biznes. Investimet e SHBA n\u00eb Shqip\u00ebri nuk kan\u00eb qen\u00eb kurr\u00eb m\u00eb t\u00eb m\u00ebdha. Investimet n\u00eb biznes. Mund t\u00eb ket\u00eb m\u00eb shum\u00eb. Duhet t\u00eb ket\u00eb m\u00eb shum\u00eb. Por duhet t\u00eb ket\u00eb drejt\u00ebsi. Burrat dhe grat\u00eb n\u00eb biznes duhet t\u00eb din\u00eb se kur vijn\u00eb dhe blejn\u00eb nj\u00eb pron\u00eb, ajo cop\u00eb letre vlen di\u00e7ka. Ata duhet t\u00eb din\u00eb se kur shkojn\u00eb n\u00eb gjykat\u00eb kjo \u00ebsht\u00eb nj\u00eb gj\u00eb e mir\u00eb, q\u00eb gjykat\u00ebsi do t\u00eb jap\u00eb nj\u00eb vendim q\u00eb ka kuptim dhe q\u00eb \u00ebsht\u00eb n\u00eb p\u00ebrputhje me ligjin, dhe jo n\u00eb p\u00ebrputhje me at\u00eb q\u00eb paguan m\u00eb shum\u00eb apo ka k\u00ebrc\u00ebnuar m\u00eb fort.<\/span><\/p>\n<p><span style=\"color: #000000;\">Kemi b\u00ebr\u00eb p\u00ebrparim n\u00eb mbrojtje gjithashtu. P\u00ebr her\u00eb t\u00eb par\u00eb n\u00eb histori, ushtria e SHBA \u00ebsht\u00eb vendosur n\u00eb Shqip\u00ebri. Imagjinoni. A do ta kishit imagjinuar n\u00eb 1991? A do e kishit imagjinuar n\u00eb 1997? A do e kishit imagjinuar n\u00eb ndonj\u00eb \u00e7ast gjat\u00eb diktatur\u00ebs s\u00eb Enver Hoxh\u00ebs? Ai \u00ebsht\u00eb duke u rrotulluar n\u00eb varr!<\/span><\/p>\n<p><span style=\"color: #000000;\">Kjo \u00ebsht\u00eb e ardhmja, nj\u00eb Shqip\u00ebri q\u00eb \u00ebsht\u00eb si pjesa tjet\u00ebr e Europ\u00ebs, q\u00eb \u00ebsht\u00eb Europ\u00eb. Kjo \u00ebsht\u00eb ajo q\u00eb ne duam si Shtetet e Bashkuara dhe kjo \u00ebsht\u00eb arsyeja pse ne vazhdojm\u00eb t\u00eb investojm\u00eb n\u00eb reform\u00ebn n\u00eb drejt\u00ebsi. Ne besojm\u00eb dhe vazhdojm\u00eb t\u00eb shtyjm\u00eb para. E di q\u00eb ndonj\u00ebher\u00eb nuk ju p\u00eblqen. E di. E di q\u00eb ndonj\u00ebher\u00eb \u00ebsht\u00eb e pak\u00ebndshme.<\/span><\/p>\n<p><span style=\"color: #000000;\">Ne jemi miqt\u00eb tuaj. Ne sinqerisht d\u00ebshirojm\u00eb q\u00eb ju t\u00eb jeni vendi m\u00eb i mir\u00eb q\u00eb mund t\u00eb jeni. Ne d\u00ebshirojm\u00eb q\u00eb ju t\u00eb jeni partner\u00ebt tan\u00eb, t\u00eb aft\u00eb, t\u00eb fuqish\u00ebm dhe t\u00eb pasur. Nj\u00eb vend q\u00eb vendet e tjera do ta shikojn\u00eb dhe do t\u00eb thon\u00eb, uau, ata ia dol\u00ebn pavar\u00ebsisht sfidave si nj\u00eb vend i vog\u00ebl. Ata zgjodh\u00ebn nj\u00eb rrug\u00eb t\u00eb v\u00ebshtir\u00eb. Ata ec\u00ebn n\u00eb at\u00eb rrug\u00eb. Ata kishin nj\u00eb mik t\u00eb mir\u00eb, disa miq t\u00eb mir\u00eb. Ata ia dol\u00ebn. Por ky \u00ebsht\u00eb momenti q\u00eb ne kemi b\u00ebr\u00eb disa p\u00ebrparime s\u00eb bashku. Tani nuk \u00ebsht\u00eb koha p\u00ebr k\u00ebt\u00eb. Tani nuk \u00ebsht\u00eb koha p\u00ebr t\u00eb th\u00ebn\u00eb se kjo \u00ebsht\u00eb e mjaftueshme. Tani \u00ebsht\u00eb koha p\u00ebr t\u00eb th\u00ebn\u00eb t\u00eb shtyjm\u00eb p\u00ebrpara, sepse e ardhmja jon\u00eb, brezi i ardhsh\u00ebm i shqiptar\u00ebve, brezi i ardhsh\u00ebm i amerikan\u00ebve, brezi i ardhsh\u00ebm i europian\u00ebve ka besim te ju. Ne besojm\u00eb te ju.<\/span><\/p>\n<p><span style=\"color: #000000;\">Pra, le t\u00eb p\u00ebrveshim m\u00ebng\u00ebt s\u00eb bashku. Le t\u00eb rilidhemi. Le ta zvog\u00eblojm\u00eb m\u00eb tej numrin e \u00e7\u00ebshtjeve t\u00eb prapambetura. Le t\u00eb shtojm\u00eb ritmin. Le t\u2019i vendosim ata gjyqtar\u00eb. Le t\u00eb sigurohemi q\u00eb vendimet q\u00eb merren se kush do t\u00eb jet\u00eb drejtues i k\u00ebtij apo atij institucioni, kush b\u00ebhet prokuror, kush \u00ebsht\u00eb aty, kush b\u00ebhet gjyqtar, kush vetohet, kush jo, si dalin vendimet \u2013 le t\u00eb sigurohemi q\u00eb ato vendime q\u00eb marrim t\u00eb na drejtojn\u00eb drejt s\u00eb ardhmes, q\u00eb t\u00eb mos na mbajn\u00eb n\u00eb vend, t\u00eb mos na \u00e7ojn\u00eb pas. Nuk mund t\u00eb kthehemi prapa. Duhet t\u00eb ecim p\u00ebrpara. Dhe kjo \u00ebsht\u00eb koha p\u00ebr ta b\u00ebr\u00eb at\u00eb.<\/span><\/p>\n<p><span style=\"color: #000000;\">Dua t\u2019ju fal\u00ebnderoj t\u00eb gjith\u00ebve. K\u00ebshilli i Lart\u00eb Gjyq\u00ebsor, K\u00ebshilli i Lart\u00eb i Prokuroris\u00eb, Gjykata e Lart\u00eb, gjykata n\u00eb p\u00ebrb\u00ebrje t\u00eb plot\u00eb. \u00c7do institucion. \u00c7do an\u00ebtar. Institucioni i vettingut. Ju e keni b\u00ebr\u00eb pun\u00ebn tuaj.<\/span><\/p>\n<p><span style=\"color: #000000;\">Le ta \u00e7ojm\u00eb n\u00eb nivelin tjet\u00ebr. \u00cbsht\u00eb koha e duhur p\u00ebr t\u00eb menduar p\u00ebr gjith\u00e7ka q\u00eb kemi b\u00ebr\u00eb s\u00eb bashku n\u00eb vitet e fundit dhe p\u00ebr t\u00eb menduar se ku duam t\u00eb shkojm\u00eb n\u00eb 2023. Jan\u00eb gjithmon\u00eb njer\u00ebzit, gjithmon\u00eb p\u00ebrpara, gjithmon\u00eb bashk\u00eb. Faleminderit shum\u00eb!<\/span><\/p>\n<p><a href=\"https:\/\/www.hashtag.al\/wp-content\/uploads\/2022\/12\/1-2.jpg\"><img loading=\"lazy\" decoding=\"async\" class=\"aligncenter size-full wp-image-567621\" src=\"https:\/\/www.hashtag.al\/wp-content\/uploads\/2022\/12\/1-2.jpg\" alt=\"\" width=\"2048\" height=\"1365\" srcset=\"https:\/\/www.hashtag.al\/wp-content\/uploads\/2022\/12\/1-2.jpg 2048w, https:\/\/www.hashtag.al\/wp-content\/uploads\/2022\/12\/1-2-300x200.jpg 300w, https:\/\/www.hashtag.al\/wp-content\/uploads\/2022\/12\/1-2-1024x683.jpg 1024w, https:\/\/www.hashtag.al\/wp-content\/uploads\/2022\/12\/1-2-768x512.jpg 768w, https:\/\/www.hashtag.al\/wp-content\/uploads\/2022\/12\/1-2-1536x1024.jpg 1536w\" sizes=\"auto, (max-width: 2048px) 100vw, 2048px\" \/><\/a><a href=\"https:\/\/www.hashtag.al\/wp-content\/uploads\/2022\/12\/2-2.jpg\"><img loading=\"lazy\" decoding=\"async\" class=\"aligncenter size-full wp-image-567622\" src=\"https:\/\/www.hashtag.al\/wp-content\/uploads\/2022\/12\/2-2.jpg\" alt=\"\" width=\"2048\" height=\"1365\" srcset=\"https:\/\/www.hashtag.al\/wp-content\/uploads\/2022\/12\/2-2.jpg 2048w, https:\/\/www.hashtag.al\/wp-content\/uploads\/2022\/12\/2-2-300x200.jpg 300w, https:\/\/www.hashtag.al\/wp-content\/uploads\/2022\/12\/2-2-1024x683.jpg 1024w, https:\/\/www.hashtag.al\/wp-content\/uploads\/2022\/12\/2-2-768x512.jpg 768w, https:\/\/www.hashtag.al\/wp-content\/uploads\/2022\/12\/2-2-1536x1024.jpg 1536w\" sizes=\"auto, (max-width: 2048px) 100vw, 2048px\" \/><\/a><a href=\"https:\/\/www.hashtag.al\/wp-content\/uploads\/2022\/12\/3-1.jpg\"><img loading=\"lazy\" decoding=\"async\" class=\"aligncenter size-full wp-image-567623\" src=\"https:\/\/www.hashtag.al\/wp-content\/uploads\/2022\/12\/3-1.jpg\" alt=\"\" width=\"2048\" height=\"1365\" srcset=\"https:\/\/www.hashtag.al\/wp-content\/uploads\/2022\/12\/3-1.jpg 2048w, https:\/\/www.hashtag.al\/wp-content\/uploads\/2022\/12\/3-1-300x200.jpg 300w, https:\/\/www.hashtag.al\/wp-content\/uploads\/2022\/12\/3-1-1024x683.jpg 1024w, https:\/\/www.hashtag.al\/wp-content\/uploads\/2022\/12\/3-1-768x512.jpg 768w, https:\/\/www.hashtag.al\/wp-content\/uploads\/2022\/12\/3-1-1536x1024.jpg 1536w\" sizes=\"auto, (max-width: 2048px) 100vw, 2048px\" \/><\/a><a href=\"https:\/\/www.hashtag.al\/wp-content\/uploads\/2022\/12\/4-1.jpg\"><img loading=\"lazy\" decoding=\"async\" class=\"aligncenter size-full wp-image-567624\" src=\"https:\/\/www.hashtag.al\/wp-content\/uploads\/2022\/12\/4-1.jpg\" alt=\"\" width=\"2048\" height=\"1365\" srcset=\"https:\/\/www.hashtag.al\/wp-content\/uploads\/2022\/12\/4-1.jpg 2048w, https:\/\/www.hashtag.al\/wp-content\/uploads\/2022\/12\/4-1-300x200.jpg 300w, https:\/\/www.hashtag.al\/wp-content\/uploads\/2022\/12\/4-1-1024x683.jpg 1024w, https:\/\/www.hashtag.al\/wp-content\/uploads\/2022\/12\/4-1-768x512.jpg 768w, https:\/\/www.hashtag.al\/wp-content\/uploads\/2022\/12\/4-1-1536x1024.jpg 1536w\" sizes=\"auto, (max-width: 2048px) 100vw, 2048px\" \/><\/a><a href=\"https:\/\/www.hashtag.al\/wp-content\/uploads\/2022\/12\/5.jpg\"><img loading=\"lazy\" decoding=\"async\" class=\"aligncenter size-full wp-image-567625\" src=\"https:\/\/www.hashtag.al\/wp-content\/uploads\/2022\/12\/5.jpg\" alt=\"\" width=\"2048\" height=\"1365\" srcset=\"https:\/\/www.hashtag.al\/wp-content\/uploads\/2022\/12\/5.jpg 2048w, https:\/\/www.hashtag.al\/wp-content\/uploads\/2022\/12\/5-300x200.jpg 300w, https:\/\/www.hashtag.al\/wp-content\/uploads\/2022\/12\/5-1024x683.jpg 1024w, https:\/\/www.hashtag.al\/wp-content\/uploads\/2022\/12\/5-768x512.jpg 768w, https:\/\/www.hashtag.al\/wp-content\/uploads\/2022\/12\/5-1536x1024.jpg 1536w\" sizes=\"auto, (max-width: 2048px) 100vw, 2048px\" \/><\/a><a href=\"https:\/\/www.hashtag.al\/wp-content\/uploads\/2022\/12\/6.jpg\"><img loading=\"lazy\" decoding=\"async\" class=\"aligncenter size-full wp-image-567626\" src=\"https:\/\/www.hashtag.al\/wp-content\/uploads\/2022\/12\/6.jpg\" alt=\"\" width=\"2048\" height=\"1365\" srcset=\"https:\/\/www.hashtag.al\/wp-content\/uploads\/2022\/12\/6.jpg 2048w, https:\/\/www.hashtag.al\/wp-content\/uploads\/2022\/12\/6-300x200.jpg 300w, https:\/\/www.hashtag.al\/wp-content\/uploads\/2022\/12\/6-1024x683.jpg 1024w, https:\/\/www.hashtag.al\/wp-content\/uploads\/2022\/12\/6-768x512.jpg 768w, https:\/\/www.hashtag.al\/wp-content\/uploads\/2022\/12\/6-1536x1024.jpg 1536w\" sizes=\"auto, (max-width: 2048px) 100vw, 2048px\" \/><\/a><\/p>\n","protected":false,"gt_translate_keys":[{"key":"rendered","format":"html"}]},"excerpt":{"rendered":"<p>Ambasada Amerikane ka shp\u00ebrndar\u00eb nj\u00eb pjes\u00eb nga fjala e sotme e ambasadores Yuri Kim mbi situat\u00ebn e drejt\u00ebsis\u00eb n\u00eb vendin ton\u00eb, ku mes t\u00eb tjerash theksoi se do q\u00ebndronte edhe p\u00ebr ca koh\u00eb n\u00eb vendin ton\u00eb, p\u00ebrkund\u00ebr \u00e7far\u00eb thuhet p\u00ebr p\u00ebrfundimin e mandatit t\u00eb saj. N\u00eb mesazhin e publikuar nga ambasada, Kim ndalet tek reforma [&hellip;]<\/p>\n","protected":false,"gt_translate_keys":[{"key":"rendered","format":"html"}]},"author":30,"featured_media":567624,"comment_status":"closed","ping_status":"closed","sticky":false,"template":"","format":"standard","meta":{"footnotes":""},"categories":[65,13],"tags":[],"class_list":["post-567620","post","type-post","status-publish","format-standard","has-post-thumbnail","hentry","category-lajme","category-te-fundit"],"gt_translate_keys":[{"key":"link","format":"url"}],"_links":{"self":[{"href":"https:\/\/www.hashtag.al\/index.php\/wp-json\/wp\/v2\/posts\/567620","targetHints":{"allow":["GET"]}}],"collection":[{"href":"https:\/\/www.hashtag.al\/index.php\/wp-json\/wp\/v2\/posts"}],"about":[{"href":"https:\/\/www.hashtag.al\/index.php\/wp-json\/wp\/v2\/types\/post"}],"author":[{"embeddable":true,"href":"https:\/\/www.hashtag.al\/index.php\/wp-json\/wp\/v2\/users\/30"}],"replies":[{"embeddable":true,"href":"https:\/\/www.hashtag.al\/index.php\/wp-json\/wp\/v2\/comments?post=567620"}],"version-history":[{"count":0,"href":"https:\/\/www.hashtag.al\/index.php\/wp-json\/wp\/v2\/posts\/567620\/revisions"}],"wp:featuredmedia":[{"embeddable":true,"href":"https:\/\/www.hashtag.al\/index.php\/wp-json\/wp\/v2\/media\/567624"}],"wp:attachment":[{"href":"https:\/\/www.hashtag.al\/index.php\/wp-json\/wp\/v2\/media?parent=567620"}],"wp:term":[{"taxonomy":"category","embeddable":true,"href":"https:\/\/www.hashtag.al\/index.php\/wp-json\/wp\/v2\/categories?post=567620"},{"taxonomy":"post_tag","embeddable":true,"href":"https:\/\/www.hashtag.al\/index.php\/wp-json\/wp\/v2\/tags?post=567620"}],"curies":[{"name":"wp","href":"https:\/\/api.w.org\/{rel}","templated":true}]}}