{"id":567223,"date":"2022-12-11T21:43:10","date_gmt":"2022-12-11T20:43:10","guid":{"rendered":"https:\/\/www.hashtag.al\/?p=567223"},"modified":"2022-12-11T21:43:10","modified_gmt":"2022-12-11T20:43:10","slug":"pershkallezohen-tensionet-pakistani-akuzon-talebanet-per-sulmin-ne-qytetin-kufitar","status":"publish","type":"post","link":"https:\/\/www.hashtag.al\/index.php\/2022\/12\/11\/pershkallezohen-tensionet-pakistani-akuzon-talebanet-per-sulmin-ne-qytetin-kufitar\/","title":{"rendered":"P\u00ebrshkall\u00ebzohen tensionet, Pakistani akuzon taleban\u00ebt p\u00ebr sulmin n\u00eb qytetin kufitar","gt_translate_keys":[{"key":"rendered","format":"text"}]},"content":{"rendered":"<p><span style=\"color: #000000;\"><img loading=\"lazy\" decoding=\"async\" class=\"aligncenter size-full wp-image-567224\" src=\"https:\/\/www.hashtag.al\/wp-content\/uploads\/2022\/12\/ppakistan.jpg\" alt=\"\" width=\"768\" height=\"432\" srcset=\"https:\/\/www.hashtag.al\/wp-content\/uploads\/2022\/12\/ppakistan.jpg 768w, https:\/\/www.hashtag.al\/wp-content\/uploads\/2022\/12\/ppakistan-300x169.jpg 300w\" sizes=\"auto, (max-width: 768px) 100vw, 768px\" \/><\/span><\/p>\n<p><span style=\"color: #000000;\">Forcat talebane vran\u00eb gjasht\u00eb persona n\u00eb nj\u00eb sulm n\u00eb qytetin Chaman t\u00eb diel\u00ebn, ka raportuar Associated Press, duke cituar ushtrin\u00eb pakistaneze. Chaman, i cili ndodhet n\u00eb kufirin afgano-pakistanez, \u00ebsht\u00eb pika m\u00eb e fundit e p\u00ebrplasjes n\u00eb tensionet e rritura mes dy vendeve.<\/span><\/p>\n<p><span style=\"color: #000000;\">Ushtria pakistaneze deklaroi se zjarri \u2018i paprovokuar\u2019 nga militant\u00ebt afgan\u00eb la gjasht\u00eb persona t\u00eb vdekur dhe 17 t\u00eb plagosur, nd\u00ebrsa nj\u00eb mjek n\u00eb nj\u00eb spital shtet\u00ebror n\u00eb qytetin kufitar i tha AP se n\u00eb spital u soll\u00ebn p\u00ebr mjekim 27 persona.<\/span><\/p>\n<p><span style=\"color: #000000;\">Ushtria pakistaneze tha se iu p\u00ebrgjigj bombardimeve, por nuk dha informacione t\u00eb m\u00ebtejshme. N\u00eb Afganistan, nj\u00eb z\u00ebdh\u00ebn\u00ebs i guvernatorit t\u00eb Kandaharit Ataullah Zaid tha se reagimi pakistanez kishte vrar\u00eb nj\u00eb luft\u00ebtar taleban dhe plagos\u00ebn 10 t\u00eb tjer\u00eb, si dhe plagosur tre civil\u00eb.<\/span><\/p>\n<p><span style=\"color: #000000;\">Chaman ndodhet n\u00eb nj\u00eb rrug\u00eb kryesore midis qytetit pakistanez Quetta dhe Kandaharit, qyteti i dyt\u00eb m\u00eb i madh i Afganistanit. Nj\u00eb lidhje jetike tregtare midis dy vendeve, kalimi kufitar i \u00c7amanit u mbyll p\u00ebr m\u00eb shum\u00eb se nj\u00eb jav\u00eb muajin e kaluar pas t\u00eb sht\u00ebnave fatale t\u00eb nj\u00eb rojeje pakistaneze.<\/span><\/p>\n<p><span style=\"color: #000000;\">Megjith\u00ebse nj\u00eb aleat i Amerik\u00ebs, Pakistani u dha ndihm\u00eb ushtarake dhe financiare taleban\u00ebve para dhe gjat\u00eb pushtimit amerikan t\u00eb Afganistanit. Kjo marr\u00ebdh\u00ebnie \u00ebsht\u00eb p\u00ebrkeq\u00ebsuar q\u00eb at\u00ebher\u00eb dhe shtetasit pakistanez\u00eb q\u00eb punojn\u00eb n\u00eb zomat kufitare me Afganistanin jan\u00eb sulmuar nga luft\u00ebtar\u00ebt taleban\u00eb muajt e fundit, me Pakistanin q\u00eb ka nisur sulmet ajrore n\u00eb p\u00ebrgjigje t\u00eb k\u00ebsaj.<\/span><\/p>\n<p><span style=\"color: #000000;\">Zyrtar\u00ebt pakistanez\u00eb faj\u00ebsuan taleban\u00ebt p\u00ebr nj\u00eb sulm ndaj ambasad\u00ebs s\u00eb Pakistanit n\u00eb Kabul muajin e kaluar, me Islamabadin q\u00eb akuzoi gjithashtu grupin militant p\u00ebr strehimin e terrorist\u00ebve q\u00eb kryejn\u00eb sulme vdekjeprur\u00ebse n\u00eb tok\u00ebn pakistaneze. Taliban\u00ebt nga ana e tyre kan\u00eb akuzuar Pakistanin se ka lejuar SHBA-n\u00eb t\u00eb p\u00ebrdor\u00eb hap\u00ebsir\u00ebn e saj ajrore p\u00ebr t\u00eb kryer sulme me dron\u00eb n\u00eb territorin afgan.<\/span><\/p>\n","protected":false,"gt_translate_keys":[{"key":"rendered","format":"html"}]},"excerpt":{"rendered":"<p>Forcat talebane vran\u00eb gjasht\u00eb persona n\u00eb nj\u00eb sulm n\u00eb qytetin Chaman t\u00eb diel\u00ebn, ka raportuar Associated Press, duke cituar ushtrin\u00eb pakistaneze. Chaman, i cili ndodhet n\u00eb kufirin afgano-pakistanez, \u00ebsht\u00eb pika m\u00eb e fundit e p\u00ebrplasjes n\u00eb tensionet e rritura mes dy vendeve. Ushtria pakistaneze deklaroi se zjarri \u2018i paprovokuar\u2019 nga militant\u00ebt afgan\u00eb la gjasht\u00eb persona [&hellip;]<\/p>\n","protected":false,"gt_translate_keys":[{"key":"rendered","format":"html"}]},"author":51,"featured_media":567224,"comment_status":"closed","ping_status":"closed","sticky":false,"template":"","format":"standard","meta":{"footnotes":""},"categories":[6],"tags":[],"class_list":["post-567223","post","type-post","status-publish","format-standard","has-post-thumbnail","hentry","category-nderkombetare"],"gt_translate_keys":[{"key":"link","format":"url"}],"_links":{"self":[{"href":"https:\/\/www.hashtag.al\/index.php\/wp-json\/wp\/v2\/posts\/567223","targetHints":{"allow":["GET"]}}],"collection":[{"href":"https:\/\/www.hashtag.al\/index.php\/wp-json\/wp\/v2\/posts"}],"about":[{"href":"https:\/\/www.hashtag.al\/index.php\/wp-json\/wp\/v2\/types\/post"}],"author":[{"embeddable":true,"href":"https:\/\/www.hashtag.al\/index.php\/wp-json\/wp\/v2\/users\/51"}],"replies":[{"embeddable":true,"href":"https:\/\/www.hashtag.al\/index.php\/wp-json\/wp\/v2\/comments?post=567223"}],"version-history":[{"count":0,"href":"https:\/\/www.hashtag.al\/index.php\/wp-json\/wp\/v2\/posts\/567223\/revisions"}],"wp:featuredmedia":[{"embeddable":true,"href":"https:\/\/www.hashtag.al\/index.php\/wp-json\/wp\/v2\/media\/567224"}],"wp:attachment":[{"href":"https:\/\/www.hashtag.al\/index.php\/wp-json\/wp\/v2\/media?parent=567223"}],"wp:term":[{"taxonomy":"category","embeddable":true,"href":"https:\/\/www.hashtag.al\/index.php\/wp-json\/wp\/v2\/categories?post=567223"},{"taxonomy":"post_tag","embeddable":true,"href":"https:\/\/www.hashtag.al\/index.php\/wp-json\/wp\/v2\/tags?post=567223"}],"curies":[{"name":"wp","href":"https:\/\/api.w.org\/{rel}","templated":true}]}}