{"id":567105,"date":"2022-12-11T14:13:57","date_gmt":"2022-12-11T13:13:57","guid":{"rendered":"https:\/\/www.hashtag.al\/?p=567105"},"modified":"2022-12-11T14:28:34","modified_gmt":"2022-12-11T13:28:34","slug":"rama-merr-ekspertin-e-merkelit-si-keshilltar-per-ekonomine-e-financat","status":"publish","type":"post","link":"https:\/\/www.hashtag.al\/index.php\/2022\/12\/11\/rama-merr-ekspertin-e-merkelit-si-keshilltar-per-ekonomine-e-financat\/","title":{"rendered":"Rama merr ekspertin e Merkelit si k\u00ebshilltar p\u00ebr ekonomin\u00eb e financat","gt_translate_keys":[{"key":"rendered","format":"text"}]},"content":{"rendered":"<p><span style=\"color: #000000;\"><a href=\"https:\/\/www.hashtag.al\/wp-content\/uploads\/2022\/12\/Screenshot_30-2.png\"><img loading=\"lazy\" decoding=\"async\" class=\"aligncenter size-full wp-image-567106\" src=\"https:\/\/www.hashtag.al\/wp-content\/uploads\/2022\/12\/Screenshot_30-2.png\" alt=\"\" width=\"677\" height=\"500\" srcset=\"https:\/\/www.hashtag.al\/wp-content\/uploads\/2022\/12\/Screenshot_30-2.png 677w, https:\/\/www.hashtag.al\/wp-content\/uploads\/2022\/12\/Screenshot_30-2-300x222.png 300w\" sizes=\"auto, (max-width: 677px) 100vw, 677px\" \/><\/a><\/span><\/p>\n<p><span style=\"color: #000000;\">Kryeministri Edi Rama ka njoftuar se k\u00ebshilltari i tij i ri p\u00ebr ekonomin\u00eb e financat do t\u00eb jet\u00eb Lars-Hendrik R\u00f6ller, eksperti q\u00eb ka k\u00ebshilluar edhe ish-kancelaren gjermane Angela Merkel.<\/span><\/p>\n<p><span style=\"color: #000000;\">N\u00eb nj\u00eb postim n\u00eb rrjetet sociale, Rama shprehet se ka b\u00ebr\u00eb dy dit\u00eb intensive diskutimesh me ekspertin gjerman.<\/span><\/p>\n<p><span style=\"color: #000000;\">\u00a0<em>\u201cK\u00ebnaq\u00ebsi e privilegj i ve\u00e7ant\u00eb q\u00eb na bashkohet n\u00eb rrug\u00ebn ton\u00eb, si k\u00ebshilltar i kryeministris\u00eb p\u00ebr ekonomin\u00eb e financat, Lars-Hendrik R\u00f6ller, me t\u00eb cilin pat\u00ebm dy dit\u00eb intensive diskutimesh shum\u00eb t\u00eb dobishme.<\/em><\/span><\/p>\n<p><em><span style=\"color: #000000;\">***Lars-Hendrik R\u00f6ller drejtoi politikat ekonomike dhe financiare t\u00eb Kanceleris\u00eb Gjermane nga viti 2011 e deri n\u00eb pranver\u00ebn e k\u00ebtij viti, duke mbuluar p\u00ebr nj\u00eb dekad\u00eb edhe rolin e Kryek\u00ebshilltarit Ekonomik t\u00eb kandelares Angela Merkel. N\u00eb k\u00ebt\u00eb rol drejtoi nd\u00ebr t\u00eb tjera edhe ekipin e negociator\u00ebve gjerman\u00eb n\u00eb forumet G7 dhe G20.<\/span><\/em><\/p>\n<p><span style=\"color: #000000;\"><em>Prej disa muajsh ai ka marr\u00eb postin e Drejtorit t\u00eb Bordit t\u00eb Investimeve t\u00eb BlackRock-ut, kolosi multinacional me qend\u00ebr n\u00eb Shtetet e Bashkuara, q\u00eb menaxhon fondin m\u00eb t\u00eb madh n\u00eb bot\u00eb me rreth 10 trilion\u00eb USD.<\/em>\u201d- shkruan Rama duke ndar\u00eb nj\u00eb foto me Lars-Hendrik R\u00f6ller, i cili tashm\u00eb do t\u00eb jet\u00eb k\u00ebshilltari i tij.<\/span><\/p>\n<p><span style=\"color: #000000;\"><strong>Kush \u00ebsht\u00eb Lars-Hendrik R\u00f6ller<\/strong><\/span><\/p>\n<p><span style=\"color: #000000;\">Lars-Hendrik R\u00f6ller \u00ebsht\u00eb nj\u00eb ekonomist gjerman q\u00eb sh\u00ebrbeu si Drejtor i P\u00ebrgjithsh\u00ebm p\u00ebr Politikat Ekonomike dhe Financiare n\u00eb Kancelarin\u00eb Gjermane nga viti 2011 deri n\u00eb 2022, nj\u00eb pozicion q\u00eb e b\u00ebri at\u00eb m\u00eb pas shefin ekonomik t\u00eb kancelares Angela Merkel.<\/span><\/p>\n<p><span style=\"color: #000000;\">N\u00eb k\u00ebt\u00eb rol, ai nd\u00ebr t\u00eb tjera drejtoi dhe ekipin negociator t\u00eb Gjermanis\u00eb n\u00eb takimet e G7 dhe G20 t\u00eb kancelaris\u00eb s\u00eb Merkelit.<\/span><\/p>\n<p><span style=\"color: #000000;\"><a href=\"https:\/\/www.hashtag.al\/wp-content\/uploads\/2022\/12\/MErkel.jpg\"><img loading=\"lazy\" decoding=\"async\" class=\"aligncenter size-full wp-image-567110\" src=\"https:\/\/www.hashtag.al\/wp-content\/uploads\/2022\/12\/MErkel.jpg\" alt=\"\" width=\"2048\" height=\"1365\" srcset=\"https:\/\/www.hashtag.al\/wp-content\/uploads\/2022\/12\/MErkel.jpg 2048w, https:\/\/www.hashtag.al\/wp-content\/uploads\/2022\/12\/MErkel-300x200.jpg 300w, https:\/\/www.hashtag.al\/wp-content\/uploads\/2022\/12\/MErkel-1024x683.jpg 1024w, https:\/\/www.hashtag.al\/wp-content\/uploads\/2022\/12\/MErkel-768x512.jpg 768w, https:\/\/www.hashtag.al\/wp-content\/uploads\/2022\/12\/MErkel-1536x1024.jpg 1536w\" sizes=\"auto, (max-width: 2048px) 100vw, 2048px\" \/><\/a><\/span><\/p>\n<p><span style=\"color: #000000;\">Ai m\u00eb par\u00eb ishte president i Shkoll\u00ebs Evropiane t\u00eb Menaxhimit dhe Teknologjis\u00eb (ESMT) n\u00eb Berlin. N\u00eb vitin 2002, atij iu dha \u00e7mimi Gossen si mir\u00ebnjohje p\u00ebr kontributin e tij n\u00eb ekonomin\u00eb industriale empirike.<\/span><\/p>\n<p><span style=\"color: #000000;\">Prej pak muajsh, <em>Lars-Hendrik R\u00f6ller ka marr\u00eb postin e Drejtorit t\u00eb Bordit t\u00eb Investimeve t\u00eb BlackRock-ut, <\/em>nj\u00eb kompani amerikane e investimeve shum\u00ebkomb\u00ebshe me baz\u00eb n\u00eb qytetin e Nju Jorkut.<\/span><\/p>\n<p><span style=\"color: #000000;\">Black Rock konsiderohet si menaxheri m\u00eb i madh i aseteve n\u00eb bot\u00eb, me 10 trilion dollar\u00eb asete q\u00eb nga janari 2022. Kompania operon globalisht me 70 zyra n\u00eb 30 vende dhe klient\u00eb n\u00eb 100 vende.<\/span><\/p>\n","protected":false,"gt_translate_keys":[{"key":"rendered","format":"html"}]},"excerpt":{"rendered":"<p>Kryeministri Edi Rama ka njoftuar se k\u00ebshilltari i tij i ri p\u00ebr ekonomin\u00eb e financat do t\u00eb jet\u00eb Lars-Hendrik R\u00f6ller, eksperti q\u00eb ka k\u00ebshilluar edhe ish-kancelaren gjermane Angela Merkel. N\u00eb nj\u00eb postim n\u00eb rrjetet sociale, Rama shprehet se ka b\u00ebr\u00eb dy dit\u00eb intensive diskutimesh me ekspertin gjerman. \u00a0\u201cK\u00ebnaq\u00ebsi e privilegj i ve\u00e7ant\u00eb q\u00eb na bashkohet [&hellip;]<\/p>\n","protected":false,"gt_translate_keys":[{"key":"rendered","format":"html"}]},"author":30,"featured_media":567106,"comment_status":"closed","ping_status":"closed","sticky":false,"template":"","format":"standard","meta":{"footnotes":""},"categories":[22,65,13],"tags":[],"class_list":["post-567105","post","type-post","status-publish","format-standard","has-post-thumbnail","hentry","category-ballina","category-lajme","category-te-fundit"],"gt_translate_keys":[{"key":"link","format":"url"}],"_links":{"self":[{"href":"https:\/\/www.hashtag.al\/index.php\/wp-json\/wp\/v2\/posts\/567105","targetHints":{"allow":["GET"]}}],"collection":[{"href":"https:\/\/www.hashtag.al\/index.php\/wp-json\/wp\/v2\/posts"}],"about":[{"href":"https:\/\/www.hashtag.al\/index.php\/wp-json\/wp\/v2\/types\/post"}],"author":[{"embeddable":true,"href":"https:\/\/www.hashtag.al\/index.php\/wp-json\/wp\/v2\/users\/30"}],"replies":[{"embeddable":true,"href":"https:\/\/www.hashtag.al\/index.php\/wp-json\/wp\/v2\/comments?post=567105"}],"version-history":[{"count":0,"href":"https:\/\/www.hashtag.al\/index.php\/wp-json\/wp\/v2\/posts\/567105\/revisions"}],"wp:featuredmedia":[{"embeddable":true,"href":"https:\/\/www.hashtag.al\/index.php\/wp-json\/wp\/v2\/media\/567106"}],"wp:attachment":[{"href":"https:\/\/www.hashtag.al\/index.php\/wp-json\/wp\/v2\/media?parent=567105"}],"wp:term":[{"taxonomy":"category","embeddable":true,"href":"https:\/\/www.hashtag.al\/index.php\/wp-json\/wp\/v2\/categories?post=567105"},{"taxonomy":"post_tag","embeddable":true,"href":"https:\/\/www.hashtag.al\/index.php\/wp-json\/wp\/v2\/tags?post=567105"}],"curies":[{"name":"wp","href":"https:\/\/api.w.org\/{rel}","templated":true}]}}