{"id":566946,"date":"2022-12-10T19:09:49","date_gmt":"2022-12-10T18:09:49","guid":{"rendered":"https:\/\/www.hashtag.al\/?p=566946"},"modified":"2022-12-10T19:09:49","modified_gmt":"2022-12-10T18:09:49","slug":"alizoti-zgjedhjet-ne-shqiperi-problem-jane-bashkuar-mafia-me-shtetin-primaret-prodhojne-gare","status":"publish","type":"post","link":"https:\/\/www.hashtag.al\/index.php\/2022\/12\/10\/alizoti-zgjedhjet-ne-shqiperi-problem-jane-bashkuar-mafia-me-shtetin-primaret-prodhojne-gare\/","title":{"rendered":"Alizoti: Zgjedhjet n\u00eb Shqip\u00ebri problem, jan\u00eb bashkuar mafia me shtetin. Primaret prodhojn\u00eb gar\u00eb","gt_translate_keys":[{"key":"rendered","format":"text"}]},"content":{"rendered":"<p><img loading=\"lazy\" decoding=\"async\" class=\"aligncenter size-full wp-image-566947\" src=\"https:\/\/www.hashtag.al\/wp-content\/uploads\/2022\/12\/alizoti.jpg\" alt=\"\" width=\"770\" height=\"395\" srcset=\"https:\/\/www.hashtag.al\/wp-content\/uploads\/2022\/12\/alizoti.jpg 770w, https:\/\/www.hashtag.al\/wp-content\/uploads\/2022\/12\/alizoti-300x154.jpg 300w, https:\/\/www.hashtag.al\/wp-content\/uploads\/2022\/12\/alizoti-768x394.jpg 768w, https:\/\/www.hashtag.al\/wp-content\/uploads\/2022\/12\/alizoti-568x290.jpg 568w\" sizes=\"auto, (max-width: 770px) 100vw, 770px\" \/><\/p>\n<p><span style=\"color: #000000;\">Deputeti i PD-s\u00eb Tomor Alizoti akuzoi kryeministrin Rama se p\u00ebrdor krimin e organizuar, lek\u00ebt e drog\u00ebs e mediat p\u00ebr t\u00eb vjedhur zgjedhjet. <\/span><\/p>\n<p><span style=\"color: #000000;\">I ftuar n\u00eb rubrik\u00ebn \u2018Kjo Jav\u00eb\u2019 n\u00eb News24, demokrati tha se qytetar\u00ebt duhet t\u00eb protestojn\u00eb p\u00ebr at\u00eb q\u00eb po ndodh n\u00eb vend, si nj\u00eb m\u00ebnyr\u00eb p\u00ebr t\u00eb rritur presionin ndaj qeveris\u00eb.<\/span><\/p>\n<p><span style=\"color: #000000;\"><em>\u201cProblemi i zgjedhjeve n\u00eb Shqip\u00ebri \u00ebsht\u00eb se \u00ebsht\u00eb bashkuar mafia me shtetin. Kemi b\u00ebr\u00eb denoncime n\u00eb polici p\u00ebr njer\u00ebz t\u00eb bot\u00ebs s\u00eb krimit dhe policia nuk vinte, vjen p\u00ebr t\u00eb kapur hallexhinj. Ram\u00ebs i duhen k\u00ebta njer\u00ebz p\u00ebr dhun\u00eb e para p\u00ebr intimidim. Ai do marr\u00eb televizionet m\u00eb t\u00eb m\u00ebdha n\u00eb vend e do ti p\u00ebrdor\u00eb deri m\u00eb 15 maj p\u00ebr t\u00eb krijuar nj\u00eb perceptim. Protesta \u00ebsht\u00eb zem\u00ebrim, ndjesi. Duhet rebelim, n\u00ebse sh\u00ebtit kryeministri me avion\u00eb, shqiptar\u00ebt t\u00eb rrin\u00eb n\u00eb aeroport. N\u00ebse shqiptar\u00ebt mendojn\u00eb se njer\u00ebzit jan\u00eb mir\u00eb protesta nuk ka se nuk i b\u00ebn dot vet\u00ebm opozita, ndryshe t\u00eb dalin n\u00eb rrug\u00eb. N\u00eb demokraci qeverit\u00eb ikin me zgjedhje por protesta, b\u00ebn\u00eb Kin\u00ebn t\u00eb t\u00ebrhiqej p\u00ebr Covidin. Kur njer\u00ebzit dalin shum\u00eb dhe protestojn\u00eb do e marrin bereqetin e tyre.\u201d &#8211; <\/em>tha Alizoti.<\/span><\/p>\n<p><span style=\"color: #000000;\">Ai vler\u00ebsoi m\u00eb tej primaret n\u00eb PD duke th\u00ebn\u00eb se prodhojn\u00eb gar\u00eb, pavar\u00ebsisht problemeve t\u00eb shfaqura duke qen\u00eb se \u00ebsht\u00eb hera e par q\u00eb u zhvilluan n\u00eb Shqip\u00ebri.<\/span><\/p>\n<p><span style=\"color: #000000;\"><em>\u201cPrimaret jan\u00eb di\u00e7ka shum\u00eb e mir\u00eb n\u00eb koncept por mos prisni t\u00eb jen\u00eb perfekte q\u00eb n\u00eb her\u00ebn e par\u00eb. Primaret prodhojn\u00eb gar\u00eb e v\u00ebn\u00eb n\u00eb akth edhe kandidatin, si her\u00eb e par\u00eb ka probleme. N\u00eb politik\u00eb po nuk pati Primare e gara, kthehet n\u00eb parti burokratike. Natyrisht q\u00eb ka probleme, por n\u00eb rastin e Tiran\u00ebs, p\u00ebr her\u00eb t\u00eb par\u00eb fut\u00ebn nj\u00eb njeri fisnik nga shoq\u00ebria civile n\u00eb politik\u00eb. T\u00eb gjith\u00eb kan\u00eb hyr\u00eb n\u00ebp\u00ebrmjet kryetarit t\u00eb partis\u00eb, ashtu si edhe un\u00eb. E pash gjestin e zotit Alimehmeti si fisnik\u00ebri. Akte t\u00eb tilla e pasurojn\u00eb politik\u00ebn shqiptare dhe kriza n\u00eb PD \u00ebsht\u00eb se nuk t\u00ebrhiqet asnj\u00ebri. Ai i dha nj\u00eb leksion PD. Do t\u00eb doja t\u00eb unifikoheshin p\u00ebrball\u00eb gar\u00ebs q\u00eb vjen jo vet\u00ebm n\u00eb Tiran\u00eb por n\u00eb t\u00eb gjith\u00eb Shqip\u00ebrin\u00eb. Demokrat\u00ebt duhet t\u00eb kap\u00ebrcejn\u00eb veten, Shqip\u00ebria \u00ebsht\u00eb shum\u00eb m\u00eb keq se n\u00eb 2013.\u201d<\/em> &#8211; tha ai.<\/span><\/p>\n","protected":false,"gt_translate_keys":[{"key":"rendered","format":"html"}]},"excerpt":{"rendered":"<p>Deputeti i PD-s\u00eb Tomor Alizoti akuzoi kryeministrin Rama se p\u00ebrdor krimin e organizuar, lek\u00ebt e drog\u00ebs e mediat p\u00ebr t\u00eb vjedhur zgjedhjet. I ftuar n\u00eb rubrik\u00ebn \u2018Kjo Jav\u00eb\u2019 n\u00eb News24, demokrati tha se qytetar\u00ebt duhet t\u00eb protestojn\u00eb p\u00ebr at\u00eb q\u00eb po ndodh n\u00eb vend, si nj\u00eb m\u00ebnyr\u00eb p\u00ebr t\u00eb rritur presionin ndaj qeveris\u00eb. \u201cProblemi i [&hellip;]<\/p>\n","protected":false,"gt_translate_keys":[{"key":"rendered","format":"html"}]},"author":51,"featured_media":566947,"comment_status":"closed","ping_status":"closed","sticky":false,"template":"","format":"standard","meta":{"footnotes":""},"categories":[65,13],"tags":[],"class_list":["post-566946","post","type-post","status-publish","format-standard","has-post-thumbnail","hentry","category-lajme","category-te-fundit"],"gt_translate_keys":[{"key":"link","format":"url"}],"_links":{"self":[{"href":"https:\/\/www.hashtag.al\/index.php\/wp-json\/wp\/v2\/posts\/566946","targetHints":{"allow":["GET"]}}],"collection":[{"href":"https:\/\/www.hashtag.al\/index.php\/wp-json\/wp\/v2\/posts"}],"about":[{"href":"https:\/\/www.hashtag.al\/index.php\/wp-json\/wp\/v2\/types\/post"}],"author":[{"embeddable":true,"href":"https:\/\/www.hashtag.al\/index.php\/wp-json\/wp\/v2\/users\/51"}],"replies":[{"embeddable":true,"href":"https:\/\/www.hashtag.al\/index.php\/wp-json\/wp\/v2\/comments?post=566946"}],"version-history":[{"count":0,"href":"https:\/\/www.hashtag.al\/index.php\/wp-json\/wp\/v2\/posts\/566946\/revisions"}],"wp:featuredmedia":[{"embeddable":true,"href":"https:\/\/www.hashtag.al\/index.php\/wp-json\/wp\/v2\/media\/566947"}],"wp:attachment":[{"href":"https:\/\/www.hashtag.al\/index.php\/wp-json\/wp\/v2\/media?parent=566946"}],"wp:term":[{"taxonomy":"category","embeddable":true,"href":"https:\/\/www.hashtag.al\/index.php\/wp-json\/wp\/v2\/categories?post=566946"},{"taxonomy":"post_tag","embeddable":true,"href":"https:\/\/www.hashtag.al\/index.php\/wp-json\/wp\/v2\/tags?post=566946"}],"curies":[{"name":"wp","href":"https:\/\/api.w.org\/{rel}","templated":true}]}}